{"id":58573,"date":"2026-04-15T10:50:10","date_gmt":"2026-04-15T09:50:10","guid":{"rendered":"\/?p=58573"},"modified":"2026-04-30T10:52:20","modified_gmt":"2026-04-30T09:52:20","slug":"bucsuzunk-4","status":"publish","type":"post","link":"\/index.php\/2026\/04\/15\/bucsuzunk-4\/","title":{"rendered":"B\u00facs\u00fazunk"},"content":{"rendered":"\t\t<div data-elementor-type=\"wp-post\" data-elementor-id=\"58573\" class=\"elementor elementor-58573\" data-elementor-post-type=\"post\">\n\t\t\t\t\t\t<section class=\"elementor-section elementor-top-section elementor-element elementor-element-9a17594 elementor-section-boxed elementor-section-height-default elementor-section-height-default\" data-id=\"9a17594\" data-element_type=\"section\" data-e-type=\"section\">\n\t\t\t\t\t\t<div class=\"elementor-container elementor-column-gap-default\">\n\t\t\t\t\t<div class=\"elementor-column elementor-col-100 elementor-top-column elementor-element elementor-element-748e0f5\" data-id=\"748e0f5\" data-element_type=\"column\" data-e-type=\"column\">\n\t\t\t<div class=\"elementor-widget-wrap elementor-element-populated\">\n\t\t\t\t\t\t<div class=\"elementor-element elementor-element-ef7ad13 elementor-widget elementor-widget-spacer\" data-id=\"ef7ad13\" data-element_type=\"widget\" data-e-type=\"widget\" data-widget_type=\"spacer.default\">\n\t\t\t\t<div class=\"elementor-widget-container\">\n\t\t\t\t\t\t\t<div class=\"elementor-spacer\">\n\t\t\t<div class=\"elementor-spacer-inner\"><\/div>\n\t\t<\/div>\n\t\t\t\t\t\t<\/div>\n\t\t\t\t<\/div>\n\t\t\t\t\t<\/div>\n\t\t<\/div>\n\t\t\t\t\t<\/div>\n\t\t<\/section>\n\t\t\t\t<section class=\"elementor-section elementor-top-section elementor-element elementor-element-adaa0e8 elementor-section-boxed elementor-section-height-default elementor-section-height-default\" data-id=\"adaa0e8\" data-element_type=\"section\" data-e-type=\"section\">\n\t\t\t\t\t\t<div class=\"elementor-container elementor-column-gap-default\">\n\t\t\t\t\t<div class=\"elementor-column elementor-col-100 elementor-top-column elementor-element elementor-element-6281d14\" data-id=\"6281d14\" data-element_type=\"column\" data-e-type=\"column\">\n\t\t\t<div class=\"elementor-widget-wrap elementor-element-populated\">\n\t\t\t\t\t\t<div class=\"elementor-element elementor-element-a95a78a elementor-widget elementor-widget-text-editor\" data-id=\"a95a78a\" data-element_type=\"widget\" data-e-type=\"widget\" data-widget_type=\"text-editor.default\">\n\t\t\t\t<div class=\"elementor-widget-container\">\n\t\t\t\t\t\t\t\t\t<p>M\u00e9ly f\u00e1jdalommal \u00e9s tisztelettel eml\u00e9kez\u00fcnk elhunyt koll\u00e9g\u00e1nkra, Pep\u00f3 P\u00e1ln\u00e9ra, a BSZC Zwack J\u00f3zsef Technikum \u00e9s Szakk\u00e9pz\u0151 Iskola egykori tan\u00e1r\u00e1ra \u00e9s igazgat\u00f3helyettes\u00e9re, aki hossz\u00fa \u00e9veken \u00e1t meghat\u00e1roz\u00f3 tagja volt int\u00e9zm\u00e9ny\u00fcnk k\u00f6z\u00f6ss\u00e9g\u00e9nek.<\/p><p>Pep\u00f3 P\u00e1ln\u00e9 1977. janu\u00e1r 1-j\u00e9n csatlakozott tantest\u00fclet\u00fcnkh\u00f6z, \u00e9s 2006-os nyugd\u00edjba vonul\u00e1s\u00e1ig, k\u00f6zel harminc \u00e9ven kereszt\u00fcl form\u00e1lta iskol\u00e1nk arculat\u00e1t \u00e9s szellemis\u00e9g\u00e9t.<\/p><p>Tan\u00e1ri diplom\u00e1j\u00e1t a Juh\u00e1sz Gyula Tan\u00e1rk\u00e9pz\u0151 F\u0151iskol\u00e1n szerezte matematika\u2013k\u00e9mia szakon. Sokoldal\u00fas\u00e1g\u00e1t j\u00f3l mutatja, hogy a re\u00e1l t\u00e1rgyak mellett ruh\u00e1zati \u00e1ruismeretet is oktatott, gyakorlati tud\u00e1s\u00e1t \u00e9s tapasztalatait is \u00e1tadva di\u00e1kjainak. Hossz\u00fa id\u0151n \u00e1t vezette az oszt\u00e1lyf\u0151n\u00f6ki, majd az \u00e1ruismereti szakmai munkak\u00f6z\u00f6ss\u00e9get, \u00e9s akt\u00edv p\u00e1ly\u00e1zati munk\u00e1j\u00e1nak k\u00f6sz\u00f6nhet\u0151en sz\u00e1mos sikeres projekt megval\u00f3s\u00edt\u00e1s\u00e1ban v\u00e1llalt kulcsszerepet.<\/p><p>1981. augusztus 1-j\u00e9t\u0151l kinevezett szakmai igazgat\u00f3helyettesk\u00e9nt seg\u00edtette az int\u00e9zm\u00e9ny m\u0171k\u00f6d\u00e9s\u00e9t \u00e9s fejl\u0151d\u00e9s\u00e9t.<\/p><p>Munk\u00e1j\u00e1t a magas szint\u0171 szakmai felk\u00e9sz\u00fclts\u00e9g mellett m\u00e9ly emp\u00e1tia \u00e9s embers\u00e9g jellemezte. Koll\u00e9g\u00e1i, tan\u00edtv\u00e1nyai \u00e9s a sz\u00fcl\u0151k egyar\u00e1nt nagyra becs\u00fclt\u00e9k seg\u00edt\u0151k\u00e9szs\u00e9g\u00e9t \u00e9s k\u00f6zvetlens\u00e9g\u00e9t. Vezet\u0151k\u00e9nt is p\u00e9ldamutat\u00f3 volt, elk\u00f6telezetts\u00e9ge \u00e9s k\u00f6z\u00f6ss\u00e9g\u00e9p\u00edt\u0151 munk\u00e1ja maradand\u00f3 nyomot hagyott.<\/p><p>A k\u00f6z\u00f6ss\u00e9g ir\u00e1nti h\u0171s\u00e9g\u00e9t j\u00f3l t\u00fckr\u00f6zi, hogy a nevel\u0151test\u00fclet szavazatai alapj\u00e1n 1999-ben elnyerte a Keri-d\u00edjat.<\/p><p>Nyugd\u00edjba vonul\u00e1s\u00e1t k\u00f6vet\u0151en sem szakadt el az iskol\u00e1t\u00f3l: rendszeresen r\u00e9szt vett rendezv\u00e9nyeinken, \u00e9s a modern technika seg\u00edts\u00e9g\u00e9vel folyamatos kapcsolatot tartott egykori koll\u00e9g\u00e1ival. Figyelmess\u00e9ge, kedves szavai \u00e9s bar\u00e1ts\u00e1ga mindannyiunk sz\u00e1m\u00e1ra p\u00f3tolhatatlan hi\u00e1nyt hagy maga ut\u00e1n.<\/p><p>Eml\u00e9k\u00e9t kegyelettel \u0151rzik egykori tan\u00edtv\u00e1nyai, koll\u00e9g\u00e1i, valamint a BSZC Zwack J\u00f3zsef Technikum \u00e9s Szakk\u00e9pz\u0151 Iskola k\u00f6z\u00f6ss\u00e9ge.<\/p>\t\t\t\t\t\t\t\t<\/div>\n\t\t\t\t<\/div>\n\t\t\t\t\t<\/div>\n\t\t<\/div>\n\t\t\t\t\t<\/div>\n\t\t<\/section>\n\t\t\t\t<\/div>\n\t\t","protected":false},"excerpt":{"rendered":"<p>M\u00e9ly f\u00e1jdalommal \u00e9s tisztelettel eml\u00e9kez\u00fcnk elhunyt koll\u00e9g\u00e1nkra, Pep\u00f3 P\u00e1ln\u00e9ra, a BSZC Zwack J\u00f3zsef Technikum \u00e9s Szakk\u00e9pz\u0151 Iskola egykori tan\u00e1r\u00e1ra \u00e9s igazgat\u00f3helyettes\u00e9re, aki hossz\u00fa \u00e9veken \u00e1t meghat\u00e1roz\u00f3 tagja volt int\u00e9zm\u00e9ny\u00fcnk k\u00f6z\u00f6ss\u00e9g\u00e9nek. Pep\u00f3 P\u00e1ln\u00e9 1977. janu\u00e1r 1-j\u00e9n csatlakozott tantest\u00fclet\u00fcnkh\u00f6z, \u00e9s 2006-os nyugd\u00edjba vonul\u00e1s\u00e1ig, k\u00f6zel harminc \u00e9ven kereszt\u00fcl form\u00e1lta iskol\u00e1nk arculat\u00e1t \u00e9s szellemis\u00e9g\u00e9t. Tan\u00e1ri diplom\u00e1j\u00e1t a Juh\u00e1sz Gyula [&hellip;]<\/p>\n","protected":false},"author":4,"featured_media":58578,"comment_status":"closed","ping_status":"open","sticky":false,"template":"","format":"standard","meta":{"footnotes":""},"categories":[1],"tags":[],"class_list":["post-58573","post","type-post","status-publish","format-standard","has-post-thumbnail","hentry","category-egyeb"],"_links":{"self":[{"href":"\/index.php\/wp-json\/wp\/v2\/posts\/58573","targetHints":{"allow":["GET"]}}],"collection":[{"href":"\/index.php\/wp-json\/wp\/v2\/posts"}],"about":[{"href":"\/index.php\/wp-json\/wp\/v2\/types\/post"}],"author":[{"embeddable":true,"href":"\/index.php\/wp-json\/wp\/v2\/users\/4"}],"replies":[{"embeddable":true,"href":"\/index.php\/wp-json\/wp\/v2\/comments?post=58573"}],"version-history":[{"count":4,"href":"\/index.php\/wp-json\/wp\/v2\/posts\/58573\/revisions"}],"predecessor-version":[{"id":58577,"href":"\/index.php\/wp-json\/wp\/v2\/posts\/58573\/revisions\/58577"}],"wp:featuredmedia":[{"embeddable":true,"href":"\/index.php\/wp-json\/wp\/v2\/media\/58578"}],"wp:attachment":[{"href":"\/index.php\/wp-json\/wp\/v2\/media?parent=58573"}],"wp:term":[{"taxonomy":"category","embeddable":true,"href":"\/index.php\/wp-json\/wp\/v2\/categories?post=58573"},{"taxonomy":"post_tag","embeddable":true,"href":"\/index.php\/wp-json\/wp\/v2\/tags?post=58573"}],"curies":[{"name":"wp","href":"https:\/\/api.w.org\/{rel}","templated":true}]}}