{"id":40652,"date":"2024-06-17T22:17:46","date_gmt":"2024-06-17T21:17:46","guid":{"rendered":"\/?p=40652"},"modified":"2024-06-17T22:18:32","modified_gmt":"2024-06-17T21:18:32","slug":"erasmus-malta-tanuloi-mobilitas-2024-04-14-2024-05-12","status":"publish","type":"post","link":"\/index.php\/2024\/06\/17\/erasmus-malta-tanuloi-mobilitas-2024-04-14-2024-05-12\/","title":{"rendered":"Erasmus+ M\u00e1lta tanul\u00f3i mobilit\u00e1s &#8211; 2024.04.14. &#8211; 2024.05.12"},"content":{"rendered":"\t\t<div data-elementor-type=\"wp-post\" data-elementor-id=\"40652\" class=\"elementor elementor-40652\" data-elementor-post-type=\"post\">\n\t\t\t\t\t\t<section class=\"elementor-section elementor-top-section elementor-element elementor-element-53d9770 elementor-section-boxed elementor-section-height-default elementor-section-height-default\" data-id=\"53d9770\" data-element_type=\"section\" data-e-type=\"section\">\n\t\t\t\t\t\t<div class=\"elementor-container elementor-column-gap-default\">\n\t\t\t\t\t<div class=\"elementor-column elementor-col-100 elementor-top-column elementor-element elementor-element-3883dec\" data-id=\"3883dec\" data-element_type=\"column\" data-e-type=\"column\">\n\t\t\t<div class=\"elementor-widget-wrap elementor-element-populated\">\n\t\t\t\t\t\t<div class=\"elementor-element elementor-element-bb52934 elementor-widget elementor-widget-spacer\" data-id=\"bb52934\" data-element_type=\"widget\" data-e-type=\"widget\" data-widget_type=\"spacer.default\">\n\t\t\t\t<div class=\"elementor-widget-container\">\n\t\t\t\t\t\t\t<div class=\"elementor-spacer\">\n\t\t\t<div class=\"elementor-spacer-inner\"><\/div>\n\t\t<\/div>\n\t\t\t\t\t\t<\/div>\n\t\t\t\t<\/div>\n\t\t\t\t\t<\/div>\n\t\t<\/div>\n\t\t\t\t\t<\/div>\n\t\t<\/section>\n\t\t\t\t<section class=\"elementor-section elementor-top-section elementor-element elementor-element-fcc7f47 elementor-section-boxed elementor-section-height-default elementor-section-height-default\" data-id=\"fcc7f47\" data-element_type=\"section\" data-e-type=\"section\">\n\t\t\t\t\t\t<div class=\"elementor-container elementor-column-gap-default\">\n\t\t\t\t\t<div class=\"elementor-column elementor-col-100 elementor-top-column elementor-element elementor-element-ef60495\" data-id=\"ef60495\" data-element_type=\"column\" data-e-type=\"column\">\n\t\t\t<div class=\"elementor-widget-wrap elementor-element-populated\">\n\t\t\t\t\t\t<div class=\"elementor-element elementor-element-33d9f39 elementor-widget elementor-widget-text-editor\" data-id=\"33d9f39\" data-element_type=\"widget\" data-e-type=\"widget\" data-widget_type=\"text-editor.default\">\n\t\t\t\t<div class=\"elementor-widget-container\">\n\t\t\t\t\t\t\t\t\t<p style=\"margin-bottom: 0cm; text-align: justify; line-height: normal; background-image: initial; background-position: initial; background-size: initial; background-repeat: initial; background-attachment: initial; background-origin: initial; background-clip: initial;\"><span style=\"font-size: 11.5pt; font-family: 'inherit',serif; mso-fareast-font-family: 'Times New Roman'; mso-bidi-font-family: 'Segoe UI Historic'; color: #050505; mso-fareast-language: HU;\">Az Erasmus + Program-2023-1-HU01-KA121-VET-0000146600 \u201eEur\u00f3pa k\u00f6r\u00fcl a Kerivel\u201d projekt keret\u00e9ben 6 tanul\u00f3 k\u00fclf\u00f6ldi szakmai gyakorlat\u00e1nak lebonyol\u00edt\u00e1s\u00e1ra ker\u00fcl sor M\u00e1lt\u00e1n \u00e1prilis 14. \u2013 2024. m\u00e1jus 12. k\u00f6z\u00f6tt.<\/span><\/p><p style=\"margin-bottom: 0cm; text-align: justify; line-height: normal; background-image: initial; background-position: initial; background-size: initial; background-repeat: initial; background-attachment: initial; background-origin: initial; background-clip: initial;\"><span style=\"font-size: 11.5pt; font-family: 'inherit',serif; mso-fareast-font-family: 'Times New Roman'; mso-bidi-font-family: 'Segoe UI Historic'; color: #050505; mso-fareast-language: HU;\">A programban r\u00e9sztvev\u0151 tanul\u00f3k: <\/span><\/p><p style=\"margin-bottom: 0cm; text-align: justify; line-height: normal; background-image: initial; background-position: initial; background-size: initial; background-repeat: initial; background-attachment: initial; background-origin: initial; background-clip: initial;\"><span style=\"font-size: 11.5pt; font-family: 'inherit',serif; mso-fareast-font-family: 'Times New Roman'; mso-bidi-font-family: 'Segoe UI Historic'; color: #050505; mso-fareast-language: HU;\">\u2022 Cs. Veres Bal\u00e1zs Andor (1\/13\/A) &#8211; szak\u00e1cs szaktechnikus<\/span><\/p><p style=\"margin-bottom: 0cm; text-align: justify; line-height: normal; background-image: initial; background-position: initial; background-size: initial; background-repeat: initial; background-attachment: initial; background-origin: initial; background-clip: initial;\"><span style=\"font-size: 11.5pt; font-family: 'inherit',serif; mso-fareast-font-family: 'Times New Roman'; mso-bidi-font-family: 'Segoe UI Historic'; color: #050505; mso-fareast-language: HU;\">\u2022 Hidv\u00e9gi B\u00e1lint (1\/13\/A) &#8211; szak\u00e1cs szaktechnikus<\/span><\/p><p style=\"margin-bottom: 0cm; text-align: justify; line-height: normal; background-image: initial; background-position: initial; background-size: initial; background-repeat: initial; background-attachment: initial; background-origin: initial; background-clip: initial;\"><span style=\"font-size: 11.5pt; font-family: 'inherit',serif; mso-fareast-font-family: 'Times New Roman'; mso-bidi-font-family: 'Segoe UI Historic'; color: #050505; mso-fareast-language: HU;\">\u2022 Kis Stella Val\u00e9ria (1\/13\/A) &#8211; vend\u00e9gt\u00e9ri szaktechnikus<\/span><\/p><p style=\"margin-bottom: 0cm; text-align: justify; line-height: normal; background-image: initial; background-position: initial; background-size: initial; background-repeat: initial; background-attachment: initial; background-origin: initial; background-clip: initial;\"><span style=\"font-size: 11.5pt; font-family: 'inherit',serif; mso-fareast-font-family: 'Times New Roman'; mso-bidi-font-family: 'Segoe UI Historic'; color: #050505; mso-fareast-language: HU;\">\u2022 Kiss S\u00e1ndor (1\/13\/A) &#8211; szak\u00e1cs szaktechnikus<\/span><\/p><p style=\"margin-bottom: 0cm; text-align: justify; line-height: normal; background-image: initial; background-position: initial; background-size: initial; background-repeat: initial; background-attachment: initial; background-origin: initial; background-clip: initial;\"><span style=\"font-size: 11.5pt; font-family: 'inherit',serif; mso-fareast-font-family: 'Times New Roman'; mso-bidi-font-family: 'Segoe UI Historic'; color: #050505; mso-fareast-language: HU;\">\u2022 Kov\u00e1cs Nikol Csenge (1\/13\/A) &#8211; vend\u00e9gt\u00e9ri szaktechnikus<\/span><\/p><p style=\"margin-bottom: 0cm; text-align: justify; line-height: normal; background-image: initial; background-position: initial; background-size: initial; background-repeat: initial; background-attachment: initial; background-origin: initial; background-clip: initial;\"><span style=\"font-size: 11.5pt; font-family: 'inherit',serif; mso-fareast-font-family: 'Times New Roman'; mso-bidi-font-family: 'Segoe UI Historic'; color: #050505; mso-fareast-language: HU;\">\u2022 Vesel\u00e9nyi Istv\u00e1n (10\/C) &#8211; szak\u00e1cs szaktechnikus<\/span><\/p><p style=\"margin-bottom: 0cm; text-align: justify; line-height: normal; background-image: initial; background-position: initial; background-size: initial; background-repeat: initial; background-attachment: initial; background-origin: initial; background-clip: initial;\"><span style=\"font-size: 11.5pt; font-family: 'inherit',serif; mso-fareast-font-family: 'Times New Roman'; mso-bidi-font-family: 'Segoe UI Historic'; color: #050505; mso-fareast-language: HU;\">A tanul\u00f3kat k\u00eds\u00e9r\u0151 tan\u00e1r Mihaiescu Andrea oktat\u00f3, aki \u00e1prilis 14 \u2013 21- ig egy hetet t\u00f6lt\u00f6tt a tanul\u00f3kkal.<\/span><\/p><p style=\"margin-bottom: 0cm; text-align: justify; line-height: normal; background-image: initial; background-position: initial; background-size: initial; background-repeat: initial; background-attachment: initial; background-origin: initial; background-clip: initial;\"><span style=\"font-size: 11.5pt; font-family: 'inherit',serif; mso-fareast-font-family: 'Times New Roman'; mso-bidi-font-family: 'Segoe UI Historic'; color: #050505; mso-fareast-language: HU;\">\u201c 2022. \u00e1prilis 14-\u00e9n az iskola mikrobusz\u00e1val utaztunk Budapestre, majd a Ryanair j\u00e1rat\u00e1val 21h-kor landoltunk M\u00e1lta repter\u00e9n, ahonnan az Easy Job Bridge k\u00e9pz\u0151 \u00e9s mobilit\u00e1si k\u00f6zpont \u00e1ltal szervezett sof\u0151r sz\u00e1ll\u00edtotta a tanul\u00f3kat apartmanjukhoz. Ezut\u00e1n a legsz\u00fcks\u00e9gesebbek beszerz\u00e9se k\u00f6vetkezett a legk\u00f6zelebbi \u00fczletben.<\/span><\/p><p style=\"margin-bottom: 0cm; text-align: justify; line-height: normal; background-image: initial; background-position: initial; background-size: initial; background-repeat: initial; background-attachment: initial; background-origin: initial; background-clip: initial;\"><span style=\"font-size: 11.5pt; font-family: 'inherit',serif; mso-fareast-font-family: 'Times New Roman'; mso-bidi-font-family: 'Segoe UI Historic'; color: #050505; mso-fareast-language: HU;\">A kis\u00e9r\u0151 tan\u00e1r \u00e9s tanul\u00f3k els\u0151 heti esem\u00e9nyei:<\/span><\/p><p style=\"margin-bottom: 0cm; text-align: justify; line-height: normal; background-image: initial; background-position: initial; background-size: initial; background-repeat: initial; background-attachment: initial; background-origin: initial; background-clip: initial;\"><span style=\"font-size: 11.5pt; font-family: 'inherit',serif; mso-fareast-font-family: 'Times New Roman'; mso-bidi-font-family: 'Segoe UI Historic'; color: #050505; mso-fareast-language: HU;\">Az els\u0151 napon reggel els\u00e9t\u00e1ltunk az \u00fcgyn\u00f6ks\u00e9g irod\u00e1j\u00e1ba, ahol egy r\u00e9szletes t\u00e1j\u00e9koztat\u00f3t kaptunk M\u00e1lt\u00e1r\u00f3l \u00e9s a sikeres egy\u00fcttm\u0171k\u00f6d\u00e9shez sz\u00fcks\u00e9ges inform\u00e1ci\u00f3kr\u00f3l, k\u00f6vetelm\u00e9nyekr\u0151l.<\/span><\/p><p style=\"margin-bottom: 0cm; text-align: justify; line-height: normal; background-image: initial; background-position: initial; background-size: initial; background-repeat: initial; background-attachment: initial; background-origin: initial; background-clip: initial;\"><span style=\"font-size: 11.5pt; font-family: 'inherit',serif; mso-fareast-font-family: 'Times New Roman'; mso-bidi-font-family: 'Segoe UI Historic'; color: #050505; mso-fareast-language: HU;\">Majd mikrobusszal bej\u00e1rtuk a gyakorlati helyeket \u00e9s minden tanul\u00f3 be lett mutatva a munkaad\u00f3j\u00e1nak. A program v\u00e9gezt\u00e9vel Valletta Grand Harbour megtekint\u00e9se ut\u00e1n \u00fajabb bev\u00e1s\u00e1rl\u00e1s, pihen\u00e9s k\u00f6vetkezett \u00e9s k\u00e9sz\u00fcl\u00e9s a m\u00e1snapi els\u0151 munkanapra.<\/span><\/p><p style=\"margin-bottom: 0cm; text-align: justify; line-height: normal; background-image: initial; background-position: initial; background-size: initial; background-repeat: initial; background-attachment: initial; background-origin: initial; background-clip: initial;\"><span style=\"font-size: 11.5pt; font-family: 'inherit',serif; mso-fareast-font-family: 'Times New Roman'; mso-bidi-font-family: 'Segoe UI Historic'; color: #050505; mso-fareast-language: HU;\">K\u00f6vetkez\u0151 napon, am\u00edg a tanul\u00f3k megkezdt\u00e9k a munk\u00e1t a gyakorlati helyeken, v\u00e1rosn\u00e9z\u0151 \u00e9s tengerparti s\u00e9ta volt a hideg, es\u0151s, szeles id\u0151ben, este pedig k\u00f6z\u00f6s \u00e9lm\u00e9nybesz\u00e1mol\u00f3 \u00e9s a kis csapat \u00e1ltal k\u00e9sz\u00edtett vacsora koron\u00e1zta meg a napot. <\/span><\/p><p style=\"margin-bottom: 0cm; text-align: justify; line-height: normal; background-image: initial; background-position: initial; background-size: initial; background-repeat: initial; background-attachment: initial; background-origin: initial; background-clip: initial;\"><span style=\"font-size: 11.5pt; font-family: 'inherit',serif; mso-fareast-font-family: 'Times New Roman'; mso-bidi-font-family: 'Segoe UI Historic'; color: #050505; mso-fareast-language: HU;\">A tov\u00e1bbi napokon Valletta, Mdina, a Three Cities, Bugibba a nevezetess\u00e9gei, \u00e9s \u00fajabb esti tal\u00e1lkoz\u00f3k k\u00f6vetkeztek. <\/span><\/p><p style=\"margin-bottom: 0cm; text-align: justify; line-height: normal; background-image: initial; background-position: initial; background-size: initial; background-repeat: initial; background-attachment: initial; background-origin: initial; background-clip: initial;\"><span style=\"font-size: 11.5pt; font-family: 'inherit',serif; mso-fareast-font-family: 'Times New Roman'; mso-bidi-font-family: 'Segoe UI Historic'; color: #050505; mso-fareast-language: HU;\">Szombaton 3 tanul\u00f3val megcsod\u00e1lhattuk az esti Vallett\u00e1t \u00e9s egy csod\u00e1latos t\u0171zij\u00e1t\u00e9kot is. <\/span><\/p><p style=\"margin-bottom: 0cm; text-align: justify; line-height: normal; background-image: initial; background-position: initial; background-size: initial; background-repeat: initial; background-attachment: initial; background-origin: initial; background-clip: initial;\"><span style=\"font-size: 11.5pt; font-family: 'inherit',serif; mso-fareast-font-family: 'Times New Roman'; mso-bidi-font-family: 'Segoe UI Historic'; color: #050505; mso-fareast-language: HU;\">Vas\u00e1rnap reggel k\u00f6z\u00f6s reggeli \u00e9s k\u00e1v\u00e9z\u00e1s ut\u00e1n Marsaxlokkban, a halpiacon t\u00f6lt\u00f6tt\u00fck egy\u00fctt a nap nagy r\u00e9sz\u00e9t esti hazautaz\u00e1somig. \u2019<\/span><\/p><p style=\"margin-bottom: 0cm; text-align: justify; line-height: normal; background-image: initial; background-position: initial; background-size: initial; background-repeat: initial; background-attachment: initial; background-origin: initial; background-clip: initial;\"><span style=\"font-size: 11.5pt; font-family: 'inherit',serif; mso-fareast-font-family: 'Times New Roman'; mso-bidi-font-family: 'Segoe UI Historic'; color: #050505; mso-fareast-language: HU;\">K\u00f6sz\u00f6net az ERASMUS+ Programnak a lehet\u0151s\u00e9g\u00e9rt!<\/span><\/p><p style=\"margin-bottom: 0cm; text-align: justify; line-height: normal; background-image: initial; background-position: initial; background-size: initial; background-repeat: initial; background-attachment: initial; background-origin: initial; background-clip: initial;\"><span style=\"font-size: 11.5pt; font-family: 'inherit',serif; mso-fareast-font-family: 'Times New Roman'; mso-bidi-font-family: 'Segoe UI Historic'; color: #050505; mso-fareast-language: HU;\">Mihaiescu Andrea k\u00eds\u00e9r\u0151tan\u00e1r<\/span><\/p><p style=\"margin-bottom: 0cm; text-align: justify; line-height: normal; background-image: initial; background-position: initial; background-size: initial; background-repeat: initial; background-attachment: initial; background-origin: initial; background-clip: initial;\"><span style=\"font-size: 11.5pt; font-family: 'inherit',serif; mso-fareast-font-family: 'Times New Roman'; mso-bidi-font-family: 'Segoe UI Historic'; color: #050505; mso-fareast-language: HU;\">A tanul\u00f3k hazautaz\u00e1s\u00e1t k\u00eds\u00e9r\u0151 tan\u00e1r Fazekas Erika volt, aki m\u00e1jus 5-\u00e9n este utazott ki a fiatalokhoz \u00e9s egy\u00fctt rep\u00fcltek haza m\u00e1jus 12-\u00e9n.<\/span><\/p><p style=\"margin-bottom: 0cm; text-align: justify; line-height: normal; background-image: initial; background-position: initial; background-size: initial; background-repeat: initial; background-attachment: initial; background-origin: initial; background-clip: initial;\"><span style=\"font-size: 11.5pt; font-family: 'inherit',serif; mso-fareast-font-family: 'Times New Roman'; mso-bidi-font-family: 'Segoe UI Historic'; color: #050505; mso-fareast-language: HU;\">\u201cA kiutaz\u00e1st k\u00f6vet\u0151 napon, h\u00e9tf\u0151n, ell\u00e1togattam a gyerek lak\u00f3hely\u00e9re. Nagy \u00f6r\u00f6mmel hallgattam, milyen j\u00f3 \u00e9lm\u00e9nyeket gy\u0171jt\u00f6ttek a gyerekek addigra a gyakorlati helyeiken. K\u00f6rbevezettek a lak\u00f3hely\u00fck\u00f6n is, megmutatt\u00e1k a szob\u00e1kat, a k\u00f6z\u00f6s helyis\u00e9geket. <\/span><\/p><p style=\"margin-bottom: 0cm; text-align: justify; line-height: normal; background-image: initial; background-position: initial; background-size: initial; background-repeat: initial; background-attachment: initial; background-origin: initial; background-clip: initial;\"><span style=\"font-size: 11.5pt; font-family: 'inherit',serif; mso-fareast-font-family: 'Times New Roman'; mso-bidi-font-family: 'Segoe UI Historic'; color: #050505; mso-fareast-language: HU;\">Szabadnapjaikat p\u00e9ntek, szombatra k\u00e9rt\u00e9k, \u00edgy a k\u00f6z\u00f6s programjainkat is f\u0151k\u00e9nt azokra a napokra szervezt\u00fck. <\/span><\/p><p style=\"margin-bottom: 0cm; text-align: justify; line-height: normal; background-image: initial; background-position: initial; background-size: initial; background-repeat: initial; background-attachment: initial; background-origin: initial; background-clip: initial;\"><span style=\"font-size: 11.5pt; font-family: 'inherit',serif; mso-fareast-font-family: 'Times New Roman'; mso-bidi-font-family: 'Segoe UI Historic'; color: #050505; mso-fareast-language: HU;\">A p\u00e9nteki z\u00e1r\u00f3 meeting ut\u00e1n, k\u00f6z\u00f6sen ell\u00e1togattunk a Cafe Cuba Pama-ba, ami Pama v\u00e1rosban a bev\u00e1s\u00e1rl\u00f3k\u00f6zpontban tal\u00e1lhat\u00f3! Stella, Bal\u00e1zs \u00e9s S\u00e1ndor gyakorlati helye volt, mindenki nagy szeretettel fogadta a fiatalokat, b\u00facs\u00fazkodtak.<\/span><\/p><p style=\"margin-bottom: 0cm; text-align: justify; line-height: normal; background-image: initial; background-position: initial; background-size: initial; background-repeat: initial; background-attachment: initial; background-origin: initial; background-clip: initial;\"><span style=\"font-size: 11.5pt; font-family: 'inherit',serif; mso-fareast-font-family: 'Times New Roman'; mso-bidi-font-family: 'Segoe UI Historic'; color: #050505; mso-fareast-language: HU;\">Felkerest\u00fck B\u00e1lint \u00e9s Istv\u00e1n gyakorlatihely\u00e9t is, a Cafe Cuba Qormi-t, ami Qormi v\u00e1rosban a Centerparc shopping complex-ben tal\u00e1lhat\u00f3. Itt is a fiatalok elb\u00facs\u00faztak mindenkit\u0151l, majd ott maradtunk megvacsor\u00e1zni. \u00cdgy els\u0151 k\u00e9zb\u0151l kaptam k\u00e9pet, milyen finoms\u00e1gokat k\u00e9sz\u00edtettek a fiatalok ezen a munkahelyen.<\/span><\/p><p style=\"margin-bottom: 0cm; text-align: justify; line-height: normal; background-image: initial; background-position: initial; background-size: initial; background-repeat: initial; background-attachment: initial; background-origin: initial; background-clip: initial;\"><span style=\"font-size: 11.5pt; font-family: 'inherit',serif; mso-fareast-font-family: 'Times New Roman'; mso-bidi-font-family: 'Segoe UI Historic'; color: #050505; mso-fareast-language: HU;\">A nap hamar \u00e9s nagyon tartalmasan telt el, igaz\u00e1n \u00e9lveztem. <\/span><\/p><p style=\"margin-bottom: 0cm; text-align: justify; line-height: normal; background-image: initial; background-position: initial; background-size: initial; background-repeat: initial; background-attachment: initial; background-origin: initial; background-clip: initial;\"><span style=\"font-size: 11.5pt; font-family: 'inherit',serif; mso-fareast-font-family: 'Times New Roman'; mso-bidi-font-family: 'Segoe UI Historic'; color: #050505; mso-fareast-language: HU;\">Szombaton Nikollal els\u00e9t\u00e1ltunk az \u0151 gyakorlati hely\u00e9re, ami egy igaz\u00e1n exkluz\u00edv, hatalmas ter\u00fcleten elhelyezked\u0151 komplexum, az Urban Valley Resort &amp; Spa volt, San \u0120wann v\u00e1rosban. \u0150t is nagy szeretettel vett\u00e9k k\u00f6r\u00fcl a munkat\u00e1rsai \u00e9s munkahelyi vezet\u0151je is. \u0150t is visszav\u00e1rj\u00e1k majd a ny\u00e1ron, a vizsg\u00e1k ut\u00e1n. <\/span><\/p><p style=\"margin-bottom: 0cm; text-align: justify; line-height: normal; background-image: initial; background-position: initial; background-size: initial; background-repeat: initial; background-attachment: initial; background-origin: initial; background-clip: initial;\"><span style=\"font-size: 11.5pt; font-family: 'inherit',serif; mso-fareast-font-family: 'Times New Roman'; mso-bidi-font-family: 'Segoe UI Historic'; color: #050505; mso-fareast-language: HU;\">Nagy b\u00fcszkes\u00e9g volt l\u00e1tni, hogy fiataljaink kit\u0171n\u0151en meg\u00e1llt\u00e1k a hely\u00fcket, bar\u00e1ts\u00e1gokat k\u00f6t\u00f6ttek, sikeresek tudtak lenni egy idegen orsz\u00e1gban. <\/span><\/p><p style=\"margin-bottom: 0cm; text-align: justify; line-height: normal; background-image: initial; background-position: initial; background-size: initial; background-repeat: initial; background-attachment: initial; background-origin: initial; background-clip: initial;\"><span style=\"font-size: 11.5pt; font-family: 'inherit',serif; mso-fareast-font-family: 'Times New Roman'; mso-bidi-font-family: 'Segoe UI Historic'; color: #050505; mso-fareast-language: HU;\">Vas\u00e1rnap, az esti \u00f3r\u00e1kban rep\u00fclt\u00fcnk haza.<\/span><\/p><p style=\"margin-bottom: 0cm; text-align: justify; line-height: normal; background-image: initial; background-position: initial; background-size: initial; background-repeat: initial; background-attachment: initial; background-origin: initial; background-clip: initial;\"><span style=\"font-size: 11.5pt; font-family: 'inherit',serif; mso-fareast-font-family: 'Times New Roman'; mso-bidi-font-family: 'Segoe UI Historic'; color: #050505; mso-fareast-language: HU;\">\u00c9n k\u00f6sz\u00f6n\u00f6m a lehet\u0151s\u00e9get, hogy ezt megtapasztalhattam, gyakorolhattam a nyelvet \u00e9s megismerhettem a M\u00e1ltai \u00e9let pici szeglet\u00e9t.\u201d <\/span><\/p><p style=\"margin-bottom: 0cm; text-align: justify; line-height: normal; background-image: initial; background-position: initial; background-size: initial; background-repeat: initial; background-attachment: initial; background-origin: initial; background-clip: initial;\"><span style=\"font-size: 11.5pt; font-family: 'inherit',serif; mso-fareast-font-family: 'Times New Roman'; mso-bidi-font-family: 'Segoe UI Historic'; color: #050505; mso-fareast-language: HU;\">Fazekas Erika, k\u00eds\u00e9r\u0151tan\u00e1r<\/span><\/p>\t\t\t\t\t\t\t\t<\/div>\n\t\t\t\t<\/div>\n\t\t\t\t\t<\/div>\n\t\t<\/div>\n\t\t\t\t\t<\/div>\n\t\t<\/section>\n\t\t\t\t<section class=\"elementor-section elementor-top-section elementor-element elementor-element-6708517 elementor-section-boxed elementor-section-height-default elementor-section-height-default\" data-id=\"6708517\" data-element_type=\"section\" data-e-type=\"section\">\n\t\t\t\t\t\t<div class=\"elementor-container elementor-column-gap-default\">\n\t\t\t\t\t<div class=\"elementor-column elementor-col-100 elementor-top-column elementor-element elementor-element-bb9c57d\" data-id=\"bb9c57d\" data-element_type=\"column\" data-e-type=\"column\">\n\t\t\t<div class=\"elementor-widget-wrap elementor-element-populated\">\n\t\t\t\t\t\t<div class=\"elementor-element elementor-element-f714923 elementor-widget elementor-widget-text-editor\" data-id=\"f714923\" data-element_type=\"widget\" data-e-type=\"widget\" data-widget_type=\"text-editor.default\">\n\t\t\t\t<div class=\"elementor-widget-container\">\n\t\t\t\t\t\t\t\t\t<p><style id=\"bwg-style-0\">    #bwg_container1_0 #bwg_container2_0 .bwg-container-0.bwg-standard-thumbnails {      width: 1254px;              justify-content: center;        margin:0 auto !important;              background-color: rgba(255, 255, 255, 0.00);            padding-left: 4px;      padding-top: 4px;      max-width: 100%;            }        #bwg_container1_0 #bwg_container2_0 .bwg-container-0.bwg-standard-thumbnails .bwg-item {    justify-content: flex-start;      max-width: 250px;          }    #bwg_container1_0 #bwg_container2_0 .bwg-container-0.bwg-standard-thumbnails .bwg-item a {       margin-right: 4px;       margin-bottom: 4px;    }    #bwg_container1_0 #bwg_container2_0 .bwg-container-0.bwg-standard-thumbnails .bwg-item0 {      padding: 0px;            background-color:rgba(0,0,0, 0.30);      border: 0px none #CCCCCC;      opacity: 1.00;      border-radius: 0;      box-shadow: ;    }    #bwg_container1_0 #bwg_container2_0 .bwg-container-0.bwg-standard-thumbnails .bwg-item1 img {      max-height: none;      max-width: none;      padding: 0 !important;    }         @media only screen and (min-width: 480px) {\t\t#bwg_container1_0 #bwg_container2_0 .bwg-container-0.bwg-standard-thumbnails .bwg-item1 img {\t\t\t-webkit-transition: all .3s; transition: all .3s;\t\t}\t\t#bwg_container1_0 #bwg_container2_0 .bwg-container-0.bwg-standard-thumbnails .bwg-item1 img:hover {\t\t\t-ms-transform: scale(1.08);\t\t\t-webkit-transform: scale(1.08);\t\t\ttransform: scale(1.08);\t\t}\t\t\t\t.bwg-standard-thumbnails .bwg-zoom-effect .bwg-zoom-effect-overlay {\t\t\t\t\t\tbackground-color:rgba(0,0,0, 0.3);\t\t}\t\t.bwg-standard-thumbnails .bwg-zoom-effect:hover img {\t\t\t-ms-transform: scale(1.08);\t\t\t-webkit-transform: scale(1.08);\t\t\ttransform: scale(1.08);\t\t}\t\t      }\t    #bwg_container1_0 #bwg_container2_0 .bwg-container-0.bwg-standard-thumbnails .bwg-item1 {      padding-top: 56%;    }        #bwg_container1_0 #bwg_container2_0 .bwg-container-0.bwg-standard-thumbnails .bwg-title1 {      position: absolute;      top: 0;      z-index: 100;      width: 100%;      height: 100%;      display: flex;      justify-content: center;      align-content: center;      flex-direction: column;      opacity: 0;    }\t      #bwg_container1_0 #bwg_container2_0 .bwg-container-0.bwg-standard-thumbnails .bwg-title2,    #bwg_container1_0 #bwg_container2_0 .bwg-container-0.bwg-standard-thumbnails .bwg-ecommerce2 {      color: #FFFFFF;      font-family: Ubuntu;      font-size: 16px;      font-weight: bold;      padding: 2px;      text-shadow: ;      max-height: 100%;    }    #bwg_container1_0 #bwg_container2_0 .bwg-container-0.bwg-standard-thumbnails .bwg-thumb-description span {    color: #323A45;    font-family: Ubuntu;    font-size: 12px;    max-height: 100%;    word-wrap: break-word;    }    #bwg_container1_0 #bwg_container2_0 .bwg-container-0.bwg-standard-thumbnails .bwg-play-icon2 {      font-size: 32px;    }    #bwg_container1_0 #bwg_container2_0 .bwg-container-0.bwg-standard-thumbnails .bwg-ecommerce2 {      font-size: 19.2px;      color: #323A45;    }    <\/style>    <div id=\"bwg_container1_0\"         class=\"bwg_container bwg_thumbnail bwg_thumbnails \"         data-right-click-protection=\"0\"         data-bwg=\"0\"         data-scroll=\"0\"         data-gallery-type=\"thumbnails\"         data-gallery-view-type=\"thumbnails\"         data-current-url=\"\/index.php\/wp-json\/wp\/v2\/posts\/40652\"         data-lightbox-url=\"\/wp-admin\/admin-ajax.php?action=GalleryBox&#038;current_view=0&#038;gallery_id=60&#038;tag=0&#038;theme_id=1&#038;shortcode_id=124&#038;sort_by=order&#038;order_by=asc&#038;current_url=%2Findex.php%2Fwp-json%2Fwp%2Fv2%2Fposts%2F40652\"         data-gallery-id=\"60\"         data-popup-width=\"800\"         data-popup-height=\"500\"         data-is-album=\"gallery\"         data-buttons-position=\"bottom\">      <div id=\"bwg_container2_0\">             <div id=\"ajax_loading_0\" class=\"bwg_loading_div_1\">      <div class=\"bwg_loading_div_2\">        <div class=\"bwg_loading_div_3\">          <div id=\"loading_div_0\" class=\"bwg_spider_ajax_loading\">          <\/div>        <\/div>      <\/div>    <\/div>            <form id=\"gal_front_form_0\"              class=\"bwg-hidden\"              method=\"post\"              action=\"#\"              data-current=\"0\"              data-shortcode-id=\"124\"              data-gallery-type=\"thumbnails\"              data-gallery-id=\"60\"              data-tag=\"0\"              data-album-id=\"0\"              data-theme-id=\"1\"              data-ajax-url=\"\/wp-admin\/admin-ajax.php?action=bwg_frontend_data\">          <div id=\"bwg_container3_0\" class=\"bwg-background bwg-background-0\">                <div data-max-count=\"5\"         data-thumbnail-width=\"250\"         data-bwg=\"0\"         data-gallery-id=\"60\"         data-lightbox-url=\"\/wp-admin\/admin-ajax.php?action=GalleryBox&amp;current_view=0&amp;gallery_id=60&amp;tag=0&amp;theme_id=1&amp;shortcode_id=124&amp;sort_by=order&amp;order_by=asc&amp;current_url=%2Findex.php%2Fwp-json%2Fwp%2Fv2%2Fposts%2F40652\"         id=\"bwg_thumbnails_0\"         class=\"bwg-container-0 bwg-thumbnails bwg-standard-thumbnails bwg-container bwg-border-box\">            <div class=\"bwg-item\">        <a class=\"bwg-a  bwg_lightbox\"  data-image-id=\"2111\" href=\"\/wp-content\/uploads\/photo-gallery\/imported_from_media_libray\/2024.06.17.-Erasmus-Malta-tanuloi-mobilitas-2024.04.14.-2024.05.12_01-scaled.jpg?bwg=1718659000\" data-elementor-open-lightbox=\"no\">                <div class=\"bwg-item0 \">          <div class=\"bwg-item1 bwg-zoom-effect\">            <div class=\"bwg-item2\">              <img decoding=\"async\" class=\"skip-lazy bwg_standart_thumb_img_0 \"                   data-id=\"2111\"                   data-width=\"375.00\"                   data-height=\"500.00\"                   data-src=\"\/wp-content\/uploads\/photo-gallery\/imported_from_media_libray\/thumb\/2024.06.17.-Erasmus-Malta-tanuloi-mobilitas-2024.04.14.-2024.05.12_01-scaled.jpg?bwg=1718659000\"                   src=\"\/wp-content\/uploads\/photo-gallery\/imported_from_media_libray\/thumb\/2024.06.17.-Erasmus-Malta-tanuloi-mobilitas-2024.04.14.-2024.05.12_01-scaled.jpg?bwg=1718659000\"                   alt=\"2024.06.17. Erasmus M\u00e1lta tanul\u00f3i mobilit\u00e1s - 2024.04.14. - 2024.05.12_01\"                   title=\"2024.06.17. Erasmus M\u00e1lta tanul\u00f3i mobilit\u00e1s - 2024.04.14. - 2024.05.12_01\" \/>            <\/div>            <div class=\"bwg-zoom-effect-overlay\">              <div class=\"bwg-title1\"><div class=\"bwg-title2\">2024.06.17. Erasmus M\u00e1lta tanul\u00f3i mobilit\u00e1s &#8211; 2024.04.14. &#8211; 2024.05.12_01<\/div><\/div>                                        <\/div>          <\/div>        <\/div>                        <\/a>              <\/div>            <div class=\"bwg-item\">        <a class=\"bwg-a  bwg_lightbox\"  data-image-id=\"2112\" href=\"\/wp-content\/uploads\/photo-gallery\/imported_from_media_libray\/2024.06.17.-Erasmus-Malta-tanuloi-mobilitas-2024.04.14.-2024.05.12_02-scaled.jpg?bwg=1718659000\" data-elementor-open-lightbox=\"no\">                <div class=\"bwg-item0 \">          <div class=\"bwg-item1 bwg-zoom-effect\">            <div class=\"bwg-item2\">              <img decoding=\"async\" class=\"skip-lazy bwg_standart_thumb_img_0 \"                   data-id=\"2112\"                   data-width=\"375.00\"                   data-height=\"500.00\"                   data-src=\"\/wp-content\/uploads\/photo-gallery\/imported_from_media_libray\/thumb\/2024.06.17.-Erasmus-Malta-tanuloi-mobilitas-2024.04.14.-2024.05.12_02-scaled.jpg?bwg=1718659000\"                   src=\"\/wp-content\/uploads\/photo-gallery\/imported_from_media_libray\/thumb\/2024.06.17.-Erasmus-Malta-tanuloi-mobilitas-2024.04.14.-2024.05.12_02-scaled.jpg?bwg=1718659000\"                   alt=\"2024.06.17. Erasmus M\u00e1lta tanul\u00f3i mobilit\u00e1s - 2024.04.14. - 2024.05.12_02\"                   title=\"2024.06.17. Erasmus M\u00e1lta tanul\u00f3i mobilit\u00e1s - 2024.04.14. - 2024.05.12_02\" \/>            <\/div>            <div class=\"bwg-zoom-effect-overlay\">              <div class=\"bwg-title1\"><div class=\"bwg-title2\">2024.06.17. Erasmus M\u00e1lta tanul\u00f3i mobilit\u00e1s &#8211; 2024.04.14. &#8211; 2024.05.12_02<\/div><\/div>                                        <\/div>          <\/div>        <\/div>                        <\/a>              <\/div>            <div class=\"bwg-item\">        <a class=\"bwg-a  bwg_lightbox\"  data-image-id=\"2113\" href=\"\/wp-content\/uploads\/photo-gallery\/imported_from_media_libray\/2024.06.17.-Erasmus-Malta-tanuloi-mobilitas-2024.04.14.-2024.05.12_03-scaled.jpg?bwg=1718659000\" data-elementor-open-lightbox=\"no\">                <div class=\"bwg-item0 \">          <div class=\"bwg-item1 bwg-zoom-effect\">            <div class=\"bwg-item2\">              <img decoding=\"async\" class=\"skip-lazy bwg_standart_thumb_img_0 \"                   data-id=\"2113\"                   data-width=\"375.00\"                   data-height=\"500.00\"                   data-src=\"\/wp-content\/uploads\/photo-gallery\/imported_from_media_libray\/thumb\/2024.06.17.-Erasmus-Malta-tanuloi-mobilitas-2024.04.14.-2024.05.12_03-scaled.jpg?bwg=1718659000\"                   src=\"\/wp-content\/uploads\/photo-gallery\/imported_from_media_libray\/thumb\/2024.06.17.-Erasmus-Malta-tanuloi-mobilitas-2024.04.14.-2024.05.12_03-scaled.jpg?bwg=1718659000\"                   alt=\"2024.06.17. Erasmus M\u00e1lta tanul\u00f3i mobilit\u00e1s - 2024.04.14. - 2024.05.12_03\"                   title=\"2024.06.17. Erasmus M\u00e1lta tanul\u00f3i mobilit\u00e1s - 2024.04.14. - 2024.05.12_03\" \/>            <\/div>            <div class=\"bwg-zoom-effect-overlay\">              <div class=\"bwg-title1\"><div class=\"bwg-title2\">2024.06.17. Erasmus M\u00e1lta tanul\u00f3i mobilit\u00e1s &#8211; 2024.04.14. &#8211; 2024.05.12_03<\/div><\/div>                                        <\/div>          <\/div>        <\/div>                        <\/a>              <\/div>            <div class=\"bwg-item\">        <a class=\"bwg-a  bwg_lightbox\"  data-image-id=\"2114\" href=\"\/wp-content\/uploads\/photo-gallery\/imported_from_media_libray\/2024.06.17.-Erasmus-Malta-tanuloi-mobilitas-2024.04.14.-2024.05.12_04-scaled.jpg?bwg=1718659000\" data-elementor-open-lightbox=\"no\">                <div class=\"bwg-item0 \">          <div class=\"bwg-item1 bwg-zoom-effect\">            <div class=\"bwg-item2\">              <img decoding=\"async\" class=\"skip-lazy bwg_standart_thumb_img_0 \"                   data-id=\"2114\"                   data-width=\"375.00\"                   data-height=\"500.00\"                   data-src=\"\/wp-content\/uploads\/photo-gallery\/imported_from_media_libray\/thumb\/2024.06.17.-Erasmus-Malta-tanuloi-mobilitas-2024.04.14.-2024.05.12_04-scaled.jpg?bwg=1718659000\"                   src=\"\/wp-content\/uploads\/photo-gallery\/imported_from_media_libray\/thumb\/2024.06.17.-Erasmus-Malta-tanuloi-mobilitas-2024.04.14.-2024.05.12_04-scaled.jpg?bwg=1718659000\"                   alt=\"2024.06.17. Erasmus M\u00e1lta tanul\u00f3i mobilit\u00e1s - 2024.04.14. - 2024.05.12_04\"                   title=\"2024.06.17. Erasmus M\u00e1lta tanul\u00f3i mobilit\u00e1s - 2024.04.14. - 2024.05.12_04\" \/>            <\/div>            <div class=\"bwg-zoom-effect-overlay\">              <div class=\"bwg-title1\"><div class=\"bwg-title2\">2024.06.17. Erasmus M\u00e1lta tanul\u00f3i mobilit\u00e1s &#8211; 2024.04.14. &#8211; 2024.05.12_04<\/div><\/div>                                        <\/div>          <\/div>        <\/div>                        <\/a>              <\/div>            <div class=\"bwg-item\">        <a class=\"bwg-a  bwg_lightbox\"  data-image-id=\"2115\" href=\"\/wp-content\/uploads\/photo-gallery\/imported_from_media_libray\/2024.06.17.-Erasmus-Malta-tanuloi-mobilitas-2024.04.14.-2024.05.12_05-scaled.jpg?bwg=1718659000\" data-elementor-open-lightbox=\"no\">                <div class=\"bwg-item0 \">          <div class=\"bwg-item1 bwg-zoom-effect\">            <div class=\"bwg-item2\">              <img decoding=\"async\" class=\"skip-lazy bwg_standart_thumb_img_0 \"                   data-id=\"2115\"                   data-width=\"375.00\"                   data-height=\"500.00\"                   data-src=\"\/wp-content\/uploads\/photo-gallery\/imported_from_media_libray\/thumb\/2024.06.17.-Erasmus-Malta-tanuloi-mobilitas-2024.04.14.-2024.05.12_05-scaled.jpg?bwg=1718659000\"                   src=\"\/wp-content\/uploads\/photo-gallery\/imported_from_media_libray\/thumb\/2024.06.17.-Erasmus-Malta-tanuloi-mobilitas-2024.04.14.-2024.05.12_05-scaled.jpg?bwg=1718659000\"                   alt=\"2024.06.17. Erasmus M\u00e1lta tanul\u00f3i mobilit\u00e1s - 2024.04.14. - 2024.05.12_05\"                   title=\"2024.06.17. Erasmus M\u00e1lta tanul\u00f3i mobilit\u00e1s - 2024.04.14. - 2024.05.12_05\" \/>            <\/div>            <div class=\"bwg-zoom-effect-overlay\">              <div class=\"bwg-title1\"><div class=\"bwg-title2\">2024.06.17. Erasmus M\u00e1lta tanul\u00f3i mobilit\u00e1s &#8211; 2024.04.14. &#8211; 2024.05.12_05<\/div><\/div>                                        <\/div>          <\/div>        <\/div>                        <\/a>              <\/div>            <div class=\"bwg-item\">        <a class=\"bwg-a  bwg_lightbox\"  data-image-id=\"2116\" href=\"\/wp-content\/uploads\/photo-gallery\/imported_from_media_libray\/2024.06.17.-Erasmus-Malta-tanuloi-mobilitas-2024.04.14.-2024.05.12_06-scaled.jpg?bwg=1718659000\" data-elementor-open-lightbox=\"no\">                <div class=\"bwg-item0 \">          <div class=\"bwg-item1 bwg-zoom-effect\">            <div class=\"bwg-item2\">              <img decoding=\"async\" class=\"skip-lazy bwg_standart_thumb_img_0 \"                   data-id=\"2116\"                   data-width=\"375.00\"                   data-height=\"500.00\"                   data-src=\"\/wp-content\/uploads\/photo-gallery\/imported_from_media_libray\/thumb\/2024.06.17.-Erasmus-Malta-tanuloi-mobilitas-2024.04.14.-2024.05.12_06-scaled.jpg?bwg=1718659000\"                   src=\"\/wp-content\/uploads\/photo-gallery\/imported_from_media_libray\/thumb\/2024.06.17.-Erasmus-Malta-tanuloi-mobilitas-2024.04.14.-2024.05.12_06-scaled.jpg?bwg=1718659000\"                   alt=\"2024.06.17. Erasmus M\u00e1lta tanul\u00f3i mobilit\u00e1s - 2024.04.14. - 2024.05.12_06\"                   title=\"2024.06.17. Erasmus M\u00e1lta tanul\u00f3i mobilit\u00e1s - 2024.04.14. - 2024.05.12_06\" \/>            <\/div>            <div class=\"bwg-zoom-effect-overlay\">              <div class=\"bwg-title1\"><div class=\"bwg-title2\">2024.06.17. Erasmus M\u00e1lta tanul\u00f3i mobilit\u00e1s &#8211; 2024.04.14. &#8211; 2024.05.12_06<\/div><\/div>                                        <\/div>          <\/div>        <\/div>                        <\/a>              <\/div>            <div class=\"bwg-item\">        <a class=\"bwg-a  bwg_lightbox\"  data-image-id=\"2117\" href=\"\/wp-content\/uploads\/photo-gallery\/imported_from_media_libray\/2024.06.17.-Erasmus-Malta-tanuloi-mobilitas-2024.04.14.-2024.05.12_07-scaled.jpg?bwg=1718659000\" data-elementor-open-lightbox=\"no\">                <div class=\"bwg-item0 \">          <div class=\"bwg-item1 bwg-zoom-effect\">            <div class=\"bwg-item2\">              <img decoding=\"async\" class=\"skip-lazy bwg_standart_thumb_img_0 \"                   data-id=\"2117\"                   data-width=\"500.00\"                   data-height=\"281.00\"                   data-src=\"\/wp-content\/uploads\/photo-gallery\/imported_from_media_libray\/thumb\/2024.06.17.-Erasmus-Malta-tanuloi-mobilitas-2024.04.14.-2024.05.12_07-scaled.jpg?bwg=1718659000\"                   src=\"\/wp-content\/uploads\/photo-gallery\/imported_from_media_libray\/thumb\/2024.06.17.-Erasmus-Malta-tanuloi-mobilitas-2024.04.14.-2024.05.12_07-scaled.jpg?bwg=1718659000\"                   alt=\"2024.06.17. Erasmus M\u00e1lta tanul\u00f3i mobilit\u00e1s - 2024.04.14. - 2024.05.12_07\"                   title=\"2024.06.17. Erasmus M\u00e1lta tanul\u00f3i mobilit\u00e1s - 2024.04.14. - 2024.05.12_07\" \/>            <\/div>            <div class=\"bwg-zoom-effect-overlay\">              <div class=\"bwg-title1\"><div class=\"bwg-title2\">2024.06.17. Erasmus M\u00e1lta tanul\u00f3i mobilit\u00e1s &#8211; 2024.04.14. &#8211; 2024.05.12_07<\/div><\/div>                                        <\/div>          <\/div>        <\/div>                        <\/a>              <\/div>            <div class=\"bwg-item\">        <a class=\"bwg-a  bwg_lightbox\"  data-image-id=\"2118\" href=\"\/wp-content\/uploads\/photo-gallery\/imported_from_media_libray\/2024.06.17.-Erasmus-Malta-tanuloi-mobilitas-2024.04.14.-2024.05.12_08-scaled.jpg?bwg=1718659000\" data-elementor-open-lightbox=\"no\">                <div class=\"bwg-item0 \">          <div class=\"bwg-item1 bwg-zoom-effect\">            <div class=\"bwg-item2\">              <img decoding=\"async\" class=\"skip-lazy bwg_standart_thumb_img_0 \"                   data-id=\"2118\"                   data-width=\"500.00\"                   data-height=\"375.00\"                   data-src=\"\/wp-content\/uploads\/photo-gallery\/imported_from_media_libray\/thumb\/2024.06.17.-Erasmus-Malta-tanuloi-mobilitas-2024.04.14.-2024.05.12_08-scaled.jpg?bwg=1718659000\"                   src=\"\/wp-content\/uploads\/photo-gallery\/imported_from_media_libray\/thumb\/2024.06.17.-Erasmus-Malta-tanuloi-mobilitas-2024.04.14.-2024.05.12_08-scaled.jpg?bwg=1718659000\"                   alt=\"2024.06.17. Erasmus M\u00e1lta tanul\u00f3i mobilit\u00e1s - 2024.04.14. - 2024.05.12_08\"                   title=\"2024.06.17. Erasmus M\u00e1lta tanul\u00f3i mobilit\u00e1s - 2024.04.14. - 2024.05.12_08\" \/>            <\/div>            <div class=\"bwg-zoom-effect-overlay\">              <div class=\"bwg-title1\"><div class=\"bwg-title2\">2024.06.17. Erasmus M\u00e1lta tanul\u00f3i mobilit\u00e1s &#8211; 2024.04.14. &#8211; 2024.05.12_08<\/div><\/div>                                        <\/div>          <\/div>        <\/div>                        <\/a>              <\/div>            <div class=\"bwg-item\">        <a class=\"bwg-a  bwg_lightbox\"  data-image-id=\"2119\" href=\"\/wp-content\/uploads\/photo-gallery\/imported_from_media_libray\/2024.06.17.-Erasmus-Malta-tanuloi-mobilitas-2024.04.14.-2024.05.12_09-scaled.jpg?bwg=1718659000\" data-elementor-open-lightbox=\"no\">                <div class=\"bwg-item0 \">          <div class=\"bwg-item1 bwg-zoom-effect\">            <div class=\"bwg-item2\">              <img decoding=\"async\" class=\"skip-lazy bwg_standart_thumb_img_0 \"                   data-id=\"2119\"                   data-width=\"500.00\"                   data-height=\"375.00\"                   data-src=\"\/wp-content\/uploads\/photo-gallery\/imported_from_media_libray\/thumb\/2024.06.17.-Erasmus-Malta-tanuloi-mobilitas-2024.04.14.-2024.05.12_09-scaled.jpg?bwg=1718659000\"                   src=\"\/wp-content\/uploads\/photo-gallery\/imported_from_media_libray\/thumb\/2024.06.17.-Erasmus-Malta-tanuloi-mobilitas-2024.04.14.-2024.05.12_09-scaled.jpg?bwg=1718659000\"                   alt=\"2024.06.17. Erasmus M\u00e1lta tanul\u00f3i mobilit\u00e1s - 2024.04.14. - 2024.05.12_09\"                   title=\"2024.06.17. Erasmus M\u00e1lta tanul\u00f3i mobilit\u00e1s - 2024.04.14. - 2024.05.12_09\" \/>            <\/div>            <div class=\"bwg-zoom-effect-overlay\">              <div class=\"bwg-title1\"><div class=\"bwg-title2\">2024.06.17. Erasmus M\u00e1lta tanul\u00f3i mobilit\u00e1s &#8211; 2024.04.14. &#8211; 2024.05.12_09<\/div><\/div>                                        <\/div>          <\/div>        <\/div>                        <\/a>              <\/div>            <div class=\"bwg-item\">        <a class=\"bwg-a  bwg_lightbox\"  data-image-id=\"2120\" href=\"\/wp-content\/uploads\/photo-gallery\/imported_from_media_libray\/2024.06.17.-Erasmus-Malta-tanuloi-mobilitas-2024.04.14.-2024.05.12_10-scaled.jpg?bwg=1718659000\" data-elementor-open-lightbox=\"no\">                <div class=\"bwg-item0 \">          <div class=\"bwg-item1 bwg-zoom-effect\">            <div class=\"bwg-item2\">              <img decoding=\"async\" class=\"skip-lazy bwg_standart_thumb_img_0 \"                   data-id=\"2120\"                   data-width=\"375.00\"                   data-height=\"500.00\"                   data-src=\"\/wp-content\/uploads\/photo-gallery\/imported_from_media_libray\/thumb\/2024.06.17.-Erasmus-Malta-tanuloi-mobilitas-2024.04.14.-2024.05.12_10-scaled.jpg?bwg=1718659000\"                   src=\"\/wp-content\/uploads\/photo-gallery\/imported_from_media_libray\/thumb\/2024.06.17.-Erasmus-Malta-tanuloi-mobilitas-2024.04.14.-2024.05.12_10-scaled.jpg?bwg=1718659000\"                   alt=\"2024.06.17. Erasmus M\u00e1lta tanul\u00f3i mobilit\u00e1s - 2024.04.14. - 2024.05.12_10\"                   title=\"2024.06.17. Erasmus M\u00e1lta tanul\u00f3i mobilit\u00e1s - 2024.04.14. - 2024.05.12_10\" \/>            <\/div>            <div class=\"bwg-zoom-effect-overlay\">              <div class=\"bwg-title1\"><div class=\"bwg-title2\">2024.06.17. Erasmus M\u00e1lta tanul\u00f3i mobilit\u00e1s &#8211; 2024.04.14. &#8211; 2024.05.12_10<\/div><\/div>                                        <\/div>          <\/div>        <\/div>                        <\/a>              <\/div>            <div class=\"bwg-item\">        <a class=\"bwg-a  bwg_lightbox\"  data-image-id=\"2121\" href=\"\/wp-content\/uploads\/photo-gallery\/imported_from_media_libray\/2024.06.17.-Erasmus-Malta-tanuloi-mobilitas-2024.04.14.-2024.05.12_11-scaled.jpg?bwg=1718659000\" data-elementor-open-lightbox=\"no\">                <div class=\"bwg-item0 \">          <div class=\"bwg-item1 bwg-zoom-effect\">            <div class=\"bwg-item2\">              <img decoding=\"async\" class=\"skip-lazy bwg_standart_thumb_img_0 \"                   data-id=\"2121\"                   data-width=\"500.00\"                   data-height=\"375.00\"                   data-src=\"\/wp-content\/uploads\/photo-gallery\/imported_from_media_libray\/thumb\/2024.06.17.-Erasmus-Malta-tanuloi-mobilitas-2024.04.14.-2024.05.12_11-scaled.jpg?bwg=1718659000\"                   src=\"\/wp-content\/uploads\/photo-gallery\/imported_from_media_libray\/thumb\/2024.06.17.-Erasmus-Malta-tanuloi-mobilitas-2024.04.14.-2024.05.12_11-scaled.jpg?bwg=1718659000\"                   alt=\"2024.06.17. Erasmus M\u00e1lta tanul\u00f3i mobilit\u00e1s - 2024.04.14. - 2024.05.12_11\"                   title=\"2024.06.17. Erasmus M\u00e1lta tanul\u00f3i mobilit\u00e1s - 2024.04.14. - 2024.05.12_11\" \/>            <\/div>            <div class=\"bwg-zoom-effect-overlay\">              <div class=\"bwg-title1\"><div class=\"bwg-title2\">2024.06.17. Erasmus M\u00e1lta tanul\u00f3i mobilit\u00e1s &#8211; 2024.04.14. &#8211; 2024.05.12_11<\/div><\/div>                                        <\/div>          <\/div>        <\/div>                        <\/a>              <\/div>            <div class=\"bwg-item\">        <a class=\"bwg-a  bwg_lightbox\"  data-image-id=\"2122\" href=\"\/wp-content\/uploads\/photo-gallery\/imported_from_media_libray\/2024.06.17.-Erasmus-Malta-tanuloi-mobilitas-2024.04.14.-2024.05.12_12-scaled.jpg?bwg=1718659000\" data-elementor-open-lightbox=\"no\">                <div class=\"bwg-item0 \">          <div class=\"bwg-item1 bwg-zoom-effect\">            <div class=\"bwg-item2\">              <img decoding=\"async\" class=\"skip-lazy bwg_standart_thumb_img_0 \"                   data-id=\"2122\"                   data-width=\"375.00\"                   data-height=\"500.00\"                   data-src=\"\/wp-content\/uploads\/photo-gallery\/imported_from_media_libray\/thumb\/2024.06.17.-Erasmus-Malta-tanuloi-mobilitas-2024.04.14.-2024.05.12_12-scaled.jpg?bwg=1718659000\"                   src=\"\/wp-content\/uploads\/photo-gallery\/imported_from_media_libray\/thumb\/2024.06.17.-Erasmus-Malta-tanuloi-mobilitas-2024.04.14.-2024.05.12_12-scaled.jpg?bwg=1718659000\"                   alt=\"2024.06.17. Erasmus M\u00e1lta tanul\u00f3i mobilit\u00e1s - 2024.04.14. - 2024.05.12_12\"                   title=\"2024.06.17. Erasmus M\u00e1lta tanul\u00f3i mobilit\u00e1s - 2024.04.14. - 2024.05.12_12\" \/>            <\/div>            <div class=\"bwg-zoom-effect-overlay\">              <div class=\"bwg-title1\"><div class=\"bwg-title2\">2024.06.17. Erasmus M\u00e1lta tanul\u00f3i mobilit\u00e1s &#8211; 2024.04.14. &#8211; 2024.05.12_12<\/div><\/div>                                        <\/div>          <\/div>        <\/div>                        <\/a>              <\/div>            <div class=\"bwg-item\">        <a class=\"bwg-a  bwg_lightbox\"  data-image-id=\"2123\" href=\"\/wp-content\/uploads\/photo-gallery\/imported_from_media_libray\/2024.06.17.-Erasmus-Malta-tanuloi-mobilitas-2024.04.14.-2024.05.12_13-scaled.jpg?bwg=1718659000\" data-elementor-open-lightbox=\"no\">                <div class=\"bwg-item0 \">          <div class=\"bwg-item1 bwg-zoom-effect\">            <div class=\"bwg-item2\">              <img decoding=\"async\" class=\"skip-lazy bwg_standart_thumb_img_0 \"                   data-id=\"2123\"                   data-width=\"500.00\"                   data-height=\"375.00\"                   data-src=\"\/wp-content\/uploads\/photo-gallery\/imported_from_media_libray\/thumb\/2024.06.17.-Erasmus-Malta-tanuloi-mobilitas-2024.04.14.-2024.05.12_13-scaled.jpg?bwg=1718659000\"                   src=\"\/wp-content\/uploads\/photo-gallery\/imported_from_media_libray\/thumb\/2024.06.17.-Erasmus-Malta-tanuloi-mobilitas-2024.04.14.-2024.05.12_13-scaled.jpg?bwg=1718659000\"                   alt=\"2024.06.17. Erasmus M\u00e1lta tanul\u00f3i mobilit\u00e1s - 2024.04.14. - 2024.05.12_13\"                   title=\"2024.06.17. Erasmus M\u00e1lta tanul\u00f3i mobilit\u00e1s - 2024.04.14. - 2024.05.12_13\" \/>            <\/div>            <div class=\"bwg-zoom-effect-overlay\">              <div class=\"bwg-title1\"><div class=\"bwg-title2\">2024.06.17. Erasmus M\u00e1lta tanul\u00f3i mobilit\u00e1s &#8211; 2024.04.14. &#8211; 2024.05.12_13<\/div><\/div>                                        <\/div>          <\/div>        <\/div>                        <\/a>              <\/div>            <div class=\"bwg-item\">        <a class=\"bwg-a  bwg_lightbox\"  data-image-id=\"2124\" href=\"\/wp-content\/uploads\/photo-gallery\/imported_from_media_libray\/2024.06.17.-Erasmus-Malta-tanuloi-mobilitas-2024.04.14.-2024.05.12_14-scaled.jpg?bwg=1718659000\" data-elementor-open-lightbox=\"no\">                <div class=\"bwg-item0 \">          <div class=\"bwg-item1 bwg-zoom-effect\">            <div class=\"bwg-item2\">              <img decoding=\"async\" class=\"skip-lazy bwg_standart_thumb_img_0 \"                   data-id=\"2124\"                   data-width=\"500.00\"                   data-height=\"375.00\"                   data-src=\"\/wp-content\/uploads\/photo-gallery\/imported_from_media_libray\/thumb\/2024.06.17.-Erasmus-Malta-tanuloi-mobilitas-2024.04.14.-2024.05.12_14-scaled.jpg?bwg=1718659000\"                   src=\"\/wp-content\/uploads\/photo-gallery\/imported_from_media_libray\/thumb\/2024.06.17.-Erasmus-Malta-tanuloi-mobilitas-2024.04.14.-2024.05.12_14-scaled.jpg?bwg=1718659000\"                   alt=\"2024.06.17. Erasmus M\u00e1lta tanul\u00f3i mobilit\u00e1s - 2024.04.14. - 2024.05.12_14\"                   title=\"2024.06.17. Erasmus M\u00e1lta tanul\u00f3i mobilit\u00e1s - 2024.04.14. - 2024.05.12_14\" \/>            <\/div>            <div class=\"bwg-zoom-effect-overlay\">              <div class=\"bwg-title1\"><div class=\"bwg-title2\">2024.06.17. Erasmus M\u00e1lta tanul\u00f3i mobilit\u00e1s &#8211; 2024.04.14. &#8211; 2024.05.12_14<\/div><\/div>                                        <\/div>          <\/div>        <\/div>                        <\/a>              <\/div>            <div class=\"bwg-item\">        <a class=\"bwg-a  bwg_lightbox\"  data-image-id=\"2125\" href=\"\/wp-content\/uploads\/photo-gallery\/imported_from_media_libray\/2024.06.17.-Erasmus-Malta-tanuloi-mobilitas-2024.04.14.-2024.05.12_15-scaled.jpg?bwg=1718659000\" data-elementor-open-lightbox=\"no\">                <div class=\"bwg-item0 \">          <div class=\"bwg-item1 bwg-zoom-effect\">            <div class=\"bwg-item2\">              <img decoding=\"async\" class=\"skip-lazy bwg_standart_thumb_img_0 \"                   data-id=\"2125\"                   data-width=\"500.00\"                   data-height=\"375.00\"                   data-src=\"\/wp-content\/uploads\/photo-gallery\/imported_from_media_libray\/thumb\/2024.06.17.-Erasmus-Malta-tanuloi-mobilitas-2024.04.14.-2024.05.12_15-scaled.jpg?bwg=1718659000\"                   src=\"\/wp-content\/uploads\/photo-gallery\/imported_from_media_libray\/thumb\/2024.06.17.-Erasmus-Malta-tanuloi-mobilitas-2024.04.14.-2024.05.12_15-scaled.jpg?bwg=1718659000\"                   alt=\"2024.06.17. Erasmus M\u00e1lta tanul\u00f3i mobilit\u00e1s - 2024.04.14. - 2024.05.12_15\"                   title=\"2024.06.17. Erasmus M\u00e1lta tanul\u00f3i mobilit\u00e1s - 2024.04.14. - 2024.05.12_15\" \/>            <\/div>            <div class=\"bwg-zoom-effect-overlay\">              <div class=\"bwg-title1\"><div class=\"bwg-title2\">2024.06.17. Erasmus M\u00e1lta tanul\u00f3i mobilit\u00e1s &#8211; 2024.04.14. &#8211; 2024.05.12_15<\/div><\/div>                                        <\/div>          <\/div>        <\/div>                        <\/a>              <\/div>            <div class=\"bwg-item\">        <a class=\"bwg-a  bwg_lightbox\"  data-image-id=\"2126\" href=\"\/wp-content\/uploads\/photo-gallery\/imported_from_media_libray\/2024.06.17.-Erasmus-Malta-tanuloi-mobilitas-2024.04.14.-2024.05.12_16-scaled.jpg?bwg=1718659000\" data-elementor-open-lightbox=\"no\">                <div class=\"bwg-item0 \">          <div class=\"bwg-item1 bwg-zoom-effect\">            <div class=\"bwg-item2\">              <img decoding=\"async\" class=\"skip-lazy bwg_standart_thumb_img_0 \"                   data-id=\"2126\"                   data-width=\"375.00\"                   data-height=\"500.00\"                   data-src=\"\/wp-content\/uploads\/photo-gallery\/imported_from_media_libray\/thumb\/2024.06.17.-Erasmus-Malta-tanuloi-mobilitas-2024.04.14.-2024.05.12_16-scaled.jpg?bwg=1718659000\"                   src=\"\/wp-content\/uploads\/photo-gallery\/imported_from_media_libray\/thumb\/2024.06.17.-Erasmus-Malta-tanuloi-mobilitas-2024.04.14.-2024.05.12_16-scaled.jpg?bwg=1718659000\"                   alt=\"2024.06.17. Erasmus M\u00e1lta tanul\u00f3i mobilit\u00e1s - 2024.04.14. - 2024.05.12_16\"                   title=\"2024.06.17. Erasmus M\u00e1lta tanul\u00f3i mobilit\u00e1s - 2024.04.14. - 2024.05.12_16\" \/>            <\/div>            <div class=\"bwg-zoom-effect-overlay\">              <div class=\"bwg-title1\"><div class=\"bwg-title2\">2024.06.17. Erasmus M\u00e1lta tanul\u00f3i mobilit\u00e1s &#8211; 2024.04.14. &#8211; 2024.05.12_16<\/div><\/div>                                        <\/div>          <\/div>        <\/div>                        <\/a>              <\/div>            <div class=\"bwg-item\">        <a class=\"bwg-a  bwg_lightbox\"  data-image-id=\"2127\" href=\"\/wp-content\/uploads\/photo-gallery\/imported_from_media_libray\/2024.06.17.-Erasmus-Malta-tanuloi-mobilitas-2024.04.14.-2024.05.12_17-scaled.jpg?bwg=1718659000\" data-elementor-open-lightbox=\"no\">                <div class=\"bwg-item0 \">          <div class=\"bwg-item1 bwg-zoom-effect\">            <div class=\"bwg-item2\">              <img decoding=\"async\" class=\"skip-lazy bwg_standart_thumb_img_0 \"                   data-id=\"2127\"                   data-width=\"375.00\"                   data-height=\"500.00\"                   data-src=\"\/wp-content\/uploads\/photo-gallery\/imported_from_media_libray\/thumb\/2024.06.17.-Erasmus-Malta-tanuloi-mobilitas-2024.04.14.-2024.05.12_17-scaled.jpg?bwg=1718659000\"                   src=\"\/wp-content\/uploads\/photo-gallery\/imported_from_media_libray\/thumb\/2024.06.17.-Erasmus-Malta-tanuloi-mobilitas-2024.04.14.-2024.05.12_17-scaled.jpg?bwg=1718659000\"                   alt=\"2024.06.17. Erasmus M\u00e1lta tanul\u00f3i mobilit\u00e1s - 2024.04.14. - 2024.05.12_17\"                   title=\"2024.06.17. Erasmus M\u00e1lta tanul\u00f3i mobilit\u00e1s - 2024.04.14. - 2024.05.12_17\" \/>            <\/div>            <div class=\"bwg-zoom-effect-overlay\">              <div class=\"bwg-title1\"><div class=\"bwg-title2\">2024.06.17. Erasmus M\u00e1lta tanul\u00f3i mobilit\u00e1s &#8211; 2024.04.14. &#8211; 2024.05.12_17<\/div><\/div>                                        <\/div>          <\/div>        <\/div>                        <\/a>              <\/div>            <div class=\"bwg-item\">        <a class=\"bwg-a  bwg_lightbox\"  data-image-id=\"2128\" href=\"\/wp-content\/uploads\/photo-gallery\/imported_from_media_libray\/2024.06.17.-Erasmus-Malta-tanuloi-mobilitas-2024.04.14.-2024.05.12_18-scaled.jpg?bwg=1718659000\" data-elementor-open-lightbox=\"no\">                <div class=\"bwg-item0 \">          <div class=\"bwg-item1 bwg-zoom-effect\">            <div class=\"bwg-item2\">              <img decoding=\"async\" class=\"skip-lazy bwg_standart_thumb_img_0 \"                   data-id=\"2128\"                   data-width=\"375.00\"                   data-height=\"500.00\"                   data-src=\"\/wp-content\/uploads\/photo-gallery\/imported_from_media_libray\/thumb\/2024.06.17.-Erasmus-Malta-tanuloi-mobilitas-2024.04.14.-2024.05.12_18-scaled.jpg?bwg=1718659000\"                   src=\"\/wp-content\/uploads\/photo-gallery\/imported_from_media_libray\/thumb\/2024.06.17.-Erasmus-Malta-tanuloi-mobilitas-2024.04.14.-2024.05.12_18-scaled.jpg?bwg=1718659000\"                   alt=\"2024.06.17. Erasmus M\u00e1lta tanul\u00f3i mobilit\u00e1s - 2024.04.14. - 2024.05.12_18\"                   title=\"2024.06.17. Erasmus M\u00e1lta tanul\u00f3i mobilit\u00e1s - 2024.04.14. - 2024.05.12_18\" \/>            <\/div>            <div class=\"bwg-zoom-effect-overlay\">              <div class=\"bwg-title1\"><div class=\"bwg-title2\">2024.06.17. Erasmus M\u00e1lta tanul\u00f3i mobilit\u00e1s &#8211; 2024.04.14. &#8211; 2024.05.12_18<\/div><\/div>                                        <\/div>          <\/div>        <\/div>                        <\/a>              <\/div>            <div class=\"bwg-item\">        <a class=\"bwg-a  bwg_lightbox\"  data-image-id=\"2129\" href=\"\/wp-content\/uploads\/photo-gallery\/imported_from_media_libray\/2024.06.17.-Erasmus-Malta-tanuloi-mobilitas-2024.04.14.-2024.05.12_19-scaled.jpg?bwg=1718659000\" data-elementor-open-lightbox=\"no\">                <div class=\"bwg-item0 \">          <div class=\"bwg-item1 bwg-zoom-effect\">            <div class=\"bwg-item2\">              <img decoding=\"async\" class=\"skip-lazy bwg_standart_thumb_img_0 \"                   data-id=\"2129\"                   data-width=\"500.00\"                   data-height=\"281.00\"                   data-src=\"\/wp-content\/uploads\/photo-gallery\/imported_from_media_libray\/thumb\/2024.06.17.-Erasmus-Malta-tanuloi-mobilitas-2024.04.14.-2024.05.12_19-scaled.jpg?bwg=1718659000\"                   src=\"\/wp-content\/uploads\/photo-gallery\/imported_from_media_libray\/thumb\/2024.06.17.-Erasmus-Malta-tanuloi-mobilitas-2024.04.14.-2024.05.12_19-scaled.jpg?bwg=1718659000\"                   alt=\"2024.06.17. Erasmus M\u00e1lta tanul\u00f3i mobilit\u00e1s - 2024.04.14. - 2024.05.12_19\"                   title=\"2024.06.17. Erasmus M\u00e1lta tanul\u00f3i mobilit\u00e1s - 2024.04.14. - 2024.05.12_19\" \/>            <\/div>            <div class=\"bwg-zoom-effect-overlay\">              <div class=\"bwg-title1\"><div class=\"bwg-title2\">2024.06.17. Erasmus M\u00e1lta tanul\u00f3i mobilit\u00e1s &#8211; 2024.04.14. &#8211; 2024.05.12_19<\/div><\/div>                                        <\/div>          <\/div>        <\/div>                        <\/a>              <\/div>            <div class=\"bwg-item\">        <a class=\"bwg-a  bwg_lightbox\"  data-image-id=\"2130\" href=\"\/wp-content\/uploads\/photo-gallery\/imported_from_media_libray\/2024.06.17.-Erasmus-Malta-tanuloi-mobilitas-2024.04.14.-2024.05.12_20-scaled.jpg?bwg=1718659000\" data-elementor-open-lightbox=\"no\">                <div class=\"bwg-item0 \">          <div class=\"bwg-item1 bwg-zoom-effect\">            <div class=\"bwg-item2\">              <img decoding=\"async\" class=\"skip-lazy bwg_standart_thumb_img_0 \"                   data-id=\"2130\"                   data-width=\"500.00\"                   data-height=\"281.00\"                   data-src=\"\/wp-content\/uploads\/photo-gallery\/imported_from_media_libray\/thumb\/2024.06.17.-Erasmus-Malta-tanuloi-mobilitas-2024.04.14.-2024.05.12_20-scaled.jpg?bwg=1718659000\"                   src=\"\/wp-content\/uploads\/photo-gallery\/imported_from_media_libray\/thumb\/2024.06.17.-Erasmus-Malta-tanuloi-mobilitas-2024.04.14.-2024.05.12_20-scaled.jpg?bwg=1718659000\"                   alt=\"2024.06.17. Erasmus M\u00e1lta tanul\u00f3i mobilit\u00e1s - 2024.04.14. - 2024.05.12_20\"                   title=\"2024.06.17. Erasmus M\u00e1lta tanul\u00f3i mobilit\u00e1s - 2024.04.14. - 2024.05.12_20\" \/>            <\/div>            <div class=\"bwg-zoom-effect-overlay\">              <div class=\"bwg-title1\"><div class=\"bwg-title2\">2024.06.17. Erasmus M\u00e1lta tanul\u00f3i mobilit\u00e1s &#8211; 2024.04.14. &#8211; 2024.05.12_20<\/div><\/div>                                        <\/div>          <\/div>        <\/div>                        <\/a>              <\/div>            <div class=\"bwg-item\">        <a class=\"bwg-a  bwg_lightbox\"  data-image-id=\"2131\" href=\"\/wp-content\/uploads\/photo-gallery\/imported_from_media_libray\/2024.06.17.-Erasmus-Malta-tanuloi-mobilitas-2024.04.14.-2024.05.12_21-scaled.jpg?bwg=1718659000\" data-elementor-open-lightbox=\"no\">                <div class=\"bwg-item0 \">          <div class=\"bwg-item1 bwg-zoom-effect\">            <div class=\"bwg-item2\">              <img decoding=\"async\" class=\"skip-lazy bwg_standart_thumb_img_0 \"                   data-id=\"2131\"                   data-width=\"500.00\"                   data-height=\"375.00\"                   data-src=\"\/wp-content\/uploads\/photo-gallery\/imported_from_media_libray\/thumb\/2024.06.17.-Erasmus-Malta-tanuloi-mobilitas-2024.04.14.-2024.05.12_21-scaled.jpg?bwg=1718659000\"                   src=\"\/wp-content\/uploads\/photo-gallery\/imported_from_media_libray\/thumb\/2024.06.17.-Erasmus-Malta-tanuloi-mobilitas-2024.04.14.-2024.05.12_21-scaled.jpg?bwg=1718659000\"                   alt=\"2024.06.17. Erasmus M\u00e1lta tanul\u00f3i mobilit\u00e1s - 2024.04.14. - 2024.05.12_21\"                   title=\"2024.06.17. Erasmus M\u00e1lta tanul\u00f3i mobilit\u00e1s - 2024.04.14. - 2024.05.12_21\" \/>            <\/div>            <div class=\"bwg-zoom-effect-overlay\">              <div class=\"bwg-title1\"><div class=\"bwg-title2\">2024.06.17. Erasmus M\u00e1lta tanul\u00f3i mobilit\u00e1s &#8211; 2024.04.14. &#8211; 2024.05.12_21<\/div><\/div>                                        <\/div>          <\/div>        <\/div>                        <\/a>              <\/div>          <\/div>    <style>      \/*pagination styles*\/      #bwg_container1_0 #bwg_container2_0 .tablenav-pages_0 {\t\t\t\ttext-align: center;\t\t\t\tfont-size: 12px;\t\t\t\tfont-family: Ubuntu;\t\t\t\tfont-weight: bold;\t\t\t\tcolor: #666666;\t\t\t\tmargin: 6px 0 4px;\t\t\t\tdisplay: block;      }      @media only screen and (max-width : 320px) {      #bwg_container1_0 #bwg_container2_0 .displaying-num_0 {     \t display: none;      }      }      #bwg_container1_0 #bwg_container2_0 .displaying-num_0 {\t\t\t\tfont-size: 12px;\t\t\t\tfont-family: Ubuntu;\t\t\t\tfont-weight: bold;\t\t\t\tcolor: #666666;\t\t\t\tmargin-right: 10px;\t\t\t\tvertical-align: middle;      }      #bwg_container1_0 #bwg_container2_0 .paging-input_0 {\t\t\t\tfont-size: 12px;\t\t\t\tfont-family: Ubuntu;\t\t\t\tfont-weight: bold;\t\t\t\tcolor: #666666;\t\t\t\tvertical-align: middle;      }      #bwg_container1_0 #bwg_container2_0 .tablenav-pages_0 a.disabled,      #bwg_container1_0 #bwg_container2_0 .tablenav-pages_0 a.disabled:hover,      #bwg_container1_0 #bwg_container2_0 .tablenav-pages_0 a.disabled:focus,\t\t\t#bwg_container1_0 #bwg_container2_0 .tablenav-pages_0 input.bwg_current_page {\t\t\t\tcursor: default;\t\t\t\tcolor: rgba(102, 102, 102, 0.5);      }      #bwg_container1_0 #bwg_container2_0 .tablenav-pages_0 a,      #bwg_container1_0 #bwg_container2_0 .tablenav-pages_0 input.bwg_current_page {\t\t\t\tcursor: pointer;\t\t\t\ttext-align: center;\t\t\t\tfont-size: 12px;\t\t\t\tfont-family: Ubuntu;\t\t\t\tfont-weight: bold;\t\t\t\tcolor: #666666;\t\t\t\ttext-decoration: none;\t\t\t\tpadding: 3px 6px;\t\t\t\tmargin: 0;\t\t\t\tborder-radius: 0;\t\t\t\tborder-style: solid;\t\t\t\tborder-width: 1px;\t\t\t\tborder-color: #E3E3E3;\t\t\t\t\t\t\t\tbackground-color: rgba(255, 255, 255, 1.00);\t\t\t\tbox-shadow: 0;\t\t\t\ttransition: all 0.3s ease 0s;-webkit-transition: all 0.3s ease 0s;      }      <\/style>      <span class=\"bwg_nav_cont_0\">              <div class=\"tablenav-pages_0\">                  <\/div>                <input type=\"hidden\" id=\"page_number_0\" name=\"page_number_0\" value=\"1\" \/>      <script type=\"text\/javascript\">        if( jQuery('.bwg_nav_cont_0').length > 1 ) {          jQuery('.bwg_nav_cont_0').first().remove()        }        function spider_page_0(cur, x, y, load_more) {          if (typeof load_more == \"undefined\") {            var load_more = false;          }          if (jQuery(cur).hasClass('disabled')) {            return false;          }          var items_county_0 = 1;          switch (y) {            case 1:              if (x >= items_county_0) {                document.getElementById('page_number_0').value = items_county_0;              }              else {                document.getElementById('page_number_0').value = x + 1;              }              break;            case 2:              document.getElementById('page_number_0').value = items_county_0;              break;            case -1:              if (x == 1) {                document.getElementById('page_number_0').value = 1;              }              else {                document.getElementById('page_number_0').value = x - 1;              }              break;            case -2:              document.getElementById('page_number_0').value = 1;              break;\t\t\t\t\t\tcase 0:              document.getElementById('page_number_0').value = x;              break;            default:              document.getElementById('page_number_0').value = 1;          }          bwg_ajax('gal_front_form_0', '0', 'bwg_thumbnails_0', '0', '', 'gallery', 0, '', '', load_more, '', 1);        }                    jQuery('.first-page-0').on('click', function () {              spider_page_0(this, 1, -2, 'numeric');              return false;            });            jQuery('.prev-page-0').on('click', function () {              spider_page_0(this, 1, -1, 'numeric');              return false;            });            jQuery('.next-page-0').on('click', function () {              spider_page_0(this, 1, 1, 'numeric');              return false;            });            jQuery('.last-page-0').on('click', function () {              spider_page_0(this, 1, 2, 'numeric');              return false;            });        \t\t\t\t\/* Change page on input enter. *\/        function bwg_change_page_0( e, that ) {          if (  e.key == 'Enter' ) {            var to_page = parseInt(jQuery(that).val());            var pages_count = jQuery(that).parents(\".pagination-links\").data(\"pages-count\");            var current_url_param = jQuery(that).attr('data-url-info');            if (to_page > pages_count) {              to_page = 1;            }\t \t\t\t\t\t\t\t\t\t\t\t\tspider_page_0(this, to_page, 0, 'numeric');\t\t\t\t\t\t\treturn false;\t\t\t\t\t\t          }          return true;        }        jQuery('.bwg_load_btn_0').on('click', function () {            spider_page_0(this, 1, 1, true);            return false;        });      <\/script>      <\/span>                <\/div>        <\/form>        <style>          #bwg_container1_0 #bwg_container2_0 #spider_popup_overlay_0 {          background-color: #EEEEEE;          opacity: 0.60;          }          <\/style>        <div id=\"bwg_spider_popup_loading_0\" class=\"bwg_spider_popup_loading\"><\/div>        <div id=\"spider_popup_overlay_0\" class=\"spider_popup_overlay\" onclick=\"spider_destroypopup(1000)\"><\/div>        <input type=\"hidden\" id=\"bwg_random_seed_0\" value=\"1352966\">                <\/div>    <\/div>    <script>      if (document.readyState === 'complete') {        if( typeof bwg_main_ready == 'function' ) {          if ( jQuery(\"#bwg_container1_0\").height() ) {            bwg_main_ready(jQuery(\"#bwg_container1_0\"));          }        }      } else {        document.addEventListener('DOMContentLoaded', function() {          if( typeof bwg_main_ready == 'function' ) {            if ( jQuery(\"#bwg_container1_0\").height() ) {             bwg_main_ready(jQuery(\"#bwg_container1_0\"));            }          }        });      }    <\/script>    Lorem ipsum dolor sit amet, consectetur adipiscing elit. Ut elit tellus, luctus nec ullamcorper mattis, pulvinar dapibus leo.<\/p>\t\t\t\t\t\t\t\t<\/div>\n\t\t\t\t<\/div>\n\t\t\t\t\t<\/div>\n\t\t<\/div>\n\t\t\t\t\t<\/div>\n\t\t<\/section>\n\t\t\t\t<\/div>\n\t\t","protected":false},"excerpt":{"rendered":"<p>Az Erasmus + Program-2023-1-HU01-KA121-VET-0000146600 \u201eEur\u00f3pa k\u00f6r\u00fcl a Kerivel\u201d projekt keret\u00e9ben 6 tanul\u00f3 k\u00fclf\u00f6ldi szakmai gyakorlat\u00e1nak lebonyol\u00edt\u00e1s\u00e1ra ker\u00fcl sor M\u00e1lt\u00e1n \u00e1prilis 14. \u2013 2024. m\u00e1jus 12. k\u00f6z\u00f6tt. A programban r\u00e9sztvev\u0151 tanul\u00f3k: \u2022 Cs. Veres Bal\u00e1zs Andor (1\/13\/A) &#8211; szak\u00e1cs szaktechnikus \u2022 Hidv\u00e9gi B\u00e1lint (1\/13\/A) &#8211; szak\u00e1cs szaktechnikus \u2022 Kis Stella Val\u00e9ria (1\/13\/A) &#8211; vend\u00e9gt\u00e9ri szaktechnikus \u2022 [&hellip;]<\/p>\n","protected":false},"author":4,"featured_media":40678,"comment_status":"closed","ping_status":"open","sticky":false,"template":"","format":"standard","meta":{"footnotes":""},"categories":[16],"tags":[],"class_list":["post-40652","post","type-post","status-publish","format-standard","has-post-thumbnail","hentry","category-erasmus"],"_links":{"self":[{"href":"\/index.php\/wp-json\/wp\/v2\/posts\/40652","targetHints":{"allow":["GET"]}}],"collection":[{"href":"\/index.php\/wp-json\/wp\/v2\/posts"}],"about":[{"href":"\/index.php\/wp-json\/wp\/v2\/types\/post"}],"author":[{"embeddable":true,"href":"\/index.php\/wp-json\/wp\/v2\/users\/4"}],"replies":[{"embeddable":true,"href":"\/index.php\/wp-json\/wp\/v2\/comments?post=40652"}],"version-history":[{"count":4,"href":"\/index.php\/wp-json\/wp\/v2\/posts\/40652\/revisions"}],"predecessor-version":[{"id":40677,"href":"\/index.php\/wp-json\/wp\/v2\/posts\/40652\/revisions\/40677"}],"wp:featuredmedia":[{"embeddable":true,"href":"\/index.php\/wp-json\/wp\/v2\/media\/40678"}],"wp:attachment":[{"href":"\/index.php\/wp-json\/wp\/v2\/media?parent=40652"}],"wp:term":[{"taxonomy":"category","embeddable":true,"href":"\/index.php\/wp-json\/wp\/v2\/categories?post=40652"},{"taxonomy":"post_tag","embeddable":true,"href":"\/index.php\/wp-json\/wp\/v2\/tags?post=40652"}],"curies":[{"name":"wp","href":"https:\/\/api.w.org\/{rel}","templated":true}]}}