{"id":34751,"date":"2024-01-26T13:49:02","date_gmt":"2024-01-26T12:49:02","guid":{"rendered":"\/?p=34751"},"modified":"2024-03-14T11:17:08","modified_gmt":"2024-03-14T10:17:08","slug":"iskolank-tanuloi-a-valogatott-kerettel-keszulhetnek","status":"publish","type":"post","link":"\/index.php\/2024\/01\/26\/iskolank-tanuloi-a-valogatott-kerettel-keszulhetnek\/","title":{"rendered":"Iskol\u00e1nk tanul\u00f3i a v\u00e1logatott kerettel k\u00e9sz\u00fclhetnek"},"content":{"rendered":"\t\t<div data-elementor-type=\"wp-post\" data-elementor-id=\"34751\" class=\"elementor elementor-34751\" data-elementor-post-type=\"post\">\n\t\t\t\t\t\t<section class=\"elementor-section elementor-top-section elementor-element elementor-element-a3938fa elementor-section-boxed elementor-section-height-default elementor-section-height-default\" data-id=\"a3938fa\" data-element_type=\"section\" data-e-type=\"section\">\n\t\t\t\t\t\t<div class=\"elementor-container elementor-column-gap-default\">\n\t\t\t\t\t<div class=\"elementor-column elementor-col-100 elementor-top-column elementor-element elementor-element-7537907\" data-id=\"7537907\" data-element_type=\"column\" data-e-type=\"column\">\n\t\t\t<div class=\"elementor-widget-wrap elementor-element-populated\">\n\t\t\t\t\t\t<div class=\"elementor-element elementor-element-716c074 elementor-widget elementor-widget-spacer\" data-id=\"716c074\" data-element_type=\"widget\" data-e-type=\"widget\" data-widget_type=\"spacer.default\">\n\t\t\t\t<div class=\"elementor-widget-container\">\n\t\t\t\t\t\t\t<div class=\"elementor-spacer\">\n\t\t\t<div class=\"elementor-spacer-inner\"><\/div>\n\t\t<\/div>\n\t\t\t\t\t\t<\/div>\n\t\t\t\t<\/div>\n\t\t\t\t\t<\/div>\n\t\t<\/div>\n\t\t\t\t\t<\/div>\n\t\t<\/section>\n\t\t\t\t<section class=\"elementor-section elementor-top-section elementor-element elementor-element-794c3cf elementor-section-boxed elementor-section-height-default elementor-section-height-default\" data-id=\"794c3cf\" data-element_type=\"section\" data-e-type=\"section\">\n\t\t\t\t\t\t<div class=\"elementor-container elementor-column-gap-default\">\n\t\t\t\t\t<div class=\"elementor-column elementor-col-100 elementor-top-column elementor-element elementor-element-70144cf\" data-id=\"70144cf\" data-element_type=\"column\" data-e-type=\"column\">\n\t\t\t<div class=\"elementor-widget-wrap elementor-element-populated\">\n\t\t\t\t\t\t<div class=\"elementor-element elementor-element-8e2ac90 elementor-widget elementor-widget-text-editor\" data-id=\"8e2ac90\" data-element_type=\"widget\" data-e-type=\"widget\" data-widget_type=\"text-editor.default\">\n\t\t\t\t<div class=\"elementor-widget-container\">\n\t\t\t\t\t\t\t\t\t<p>\u00dajabb edz\u0151t\u00e1bort szervez az MLSZ az U15 \u00e9s az U16-os koroszt\u00e1lyba tartoz\u00f3 j\u00e1t\u00e9kosoknak: ez\u00fattal a b\u0151vebb keret, az \u00fagynevezett perspekt\u00edv v\u00e1logatott labdar\u00fag\u00f3i k\u00e9sz\u00fclnek egy\u00fctt.<\/p><p>A Budapesten janu\u00e1r 29.-febru\u00e1r 2. k\u00f6z\u00f6tt megrendez\u00e9sre ker\u00fcl\u0151 esem\u00e9ny programj\u00e1ban nyolc edz\u00e9s szerepel.<br \/>A B\u00e9k\u00e9scsaba Labdar\u00fag\u00f3 Akad\u00e9mia tehets\u00e9gei k\u00f6z\u00fcl erre az \u00f6sszetart\u00e1sra Varga Viktor \u00e9s Lyach\u00f3 Bence 9.E oszt\u00e1lyos tanul\u00f3ink kaptak megh\u00edv\u00f3t!<\/p><p><em><strong>Sok sikert k\u00edv\u00e1nunk Nekik!<\/strong><\/em><\/p>\t\t\t\t\t\t\t\t<\/div>\n\t\t\t\t<\/div>\n\t\t\t\t\t<\/div>\n\t\t<\/div>\n\t\t\t\t\t<\/div>\n\t\t<\/section>\n\t\t\t\t<\/div>\n\t\t","protected":false},"excerpt":{"rendered":"<p>\u00dajabb edz\u0151t\u00e1bort szervez az MLSZ az U15 \u00e9s az U16-os koroszt\u00e1lyba tartoz\u00f3 j\u00e1t\u00e9kosoknak: ez\u00fattal a b\u0151vebb keret, az \u00fagynevezett perspekt\u00edv v\u00e1logatott labdar\u00fag\u00f3i k\u00e9sz\u00fclnek egy\u00fctt. A Budapesten janu\u00e1r 29.-febru\u00e1r 2. k\u00f6z\u00f6tt megrendez\u00e9sre ker\u00fcl\u0151 esem\u00e9ny programj\u00e1ban nyolc edz\u00e9s szerepel. A B\u00e9k\u00e9scsaba Labdar\u00fag\u00f3 Akad\u00e9mia tehets\u00e9gei k\u00f6z\u00fcl erre az \u00f6sszetart\u00e1sra Varga Viktor \u00e9s Lyach\u00f3 Bence 9.E oszt\u00e1lyos tanul\u00f3ink kaptak [&hellip;]<\/p>\n","protected":false},"author":4,"featured_media":34756,"comment_status":"closed","ping_status":"open","sticky":false,"template":"","format":"standard","meta":{"footnotes":""},"categories":[18],"tags":[],"class_list":["post-34751","post","type-post","status-publish","format-standard","has-post-thumbnail","hentry","category-sport"],"_links":{"self":[{"href":"\/index.php\/wp-json\/wp\/v2\/posts\/34751","targetHints":{"allow":["GET"]}}],"collection":[{"href":"\/index.php\/wp-json\/wp\/v2\/posts"}],"about":[{"href":"\/index.php\/wp-json\/wp\/v2\/types\/post"}],"author":[{"embeddable":true,"href":"\/index.php\/wp-json\/wp\/v2\/users\/4"}],"replies":[{"embeddable":true,"href":"\/index.php\/wp-json\/wp\/v2\/comments?post=34751"}],"version-history":[{"count":5,"href":"\/index.php\/wp-json\/wp\/v2\/posts\/34751\/revisions"}],"predecessor-version":[{"id":34757,"href":"\/index.php\/wp-json\/wp\/v2\/posts\/34751\/revisions\/34757"}],"wp:featuredmedia":[{"embeddable":true,"href":"\/index.php\/wp-json\/wp\/v2\/media\/34756"}],"wp:attachment":[{"href":"\/index.php\/wp-json\/wp\/v2\/media?parent=34751"}],"wp:term":[{"taxonomy":"category","embeddable":true,"href":"\/index.php\/wp-json\/wp\/v2\/categories?post=34751"},{"taxonomy":"post_tag","embeddable":true,"href":"\/index.php\/wp-json\/wp\/v2\/tags?post=34751"}],"curies":[{"name":"wp","href":"https:\/\/api.w.org\/{rel}","templated":true}]}}