{"id":23042,"date":"2023-02-06T10:43:29","date_gmt":"2023-02-06T09:43:29","guid":{"rendered":"\/?p=23042"},"modified":"2024-03-14T11:48:22","modified_gmt":"2024-03-14T10:48:22","slug":"erasmus-ka2-ready-portugalia-madeira","status":"publish","type":"post","link":"\/index.php\/2023\/02\/06\/erasmus-ka2-ready-portugalia-madeira\/","title":{"rendered":"Erasmus+ KA2 READY &#8211; Portug\u00e1lia &#8211; Madeira"},"content":{"rendered":"\t\t<div data-elementor-type=\"wp-post\" data-elementor-id=\"23042\" class=\"elementor elementor-23042\" data-elementor-post-type=\"post\">\n\t\t\t\t\t\t<section class=\"elementor-section elementor-top-section elementor-element elementor-element-99c2a21 elementor-section-boxed elementor-section-height-default elementor-section-height-default\" data-id=\"99c2a21\" data-element_type=\"section\" data-e-type=\"section\">\n\t\t\t\t\t\t<div class=\"elementor-container elementor-column-gap-default\">\n\t\t\t\t\t<div class=\"elementor-column elementor-col-100 elementor-top-column elementor-element elementor-element-9342072\" data-id=\"9342072\" data-element_type=\"column\" data-e-type=\"column\">\n\t\t\t<div class=\"elementor-widget-wrap elementor-element-populated\">\n\t\t\t\t\t\t<div class=\"elementor-element elementor-element-4905128 elementor-widget elementor-widget-spacer\" data-id=\"4905128\" data-element_type=\"widget\" data-e-type=\"widget\" data-widget_type=\"spacer.default\">\n\t\t\t\t<div class=\"elementor-widget-container\">\n\t\t\t\t\t\t\t<div class=\"elementor-spacer\">\n\t\t\t<div class=\"elementor-spacer-inner\"><\/div>\n\t\t<\/div>\n\t\t\t\t\t\t<\/div>\n\t\t\t\t<\/div>\n\t\t\t\t\t<\/div>\n\t\t<\/div>\n\t\t\t\t\t<\/div>\n\t\t<\/section>\n\t\t\t\t<section class=\"elementor-section elementor-top-section elementor-element elementor-element-76fd2d5 elementor-section-boxed elementor-section-height-default elementor-section-height-default\" data-id=\"76fd2d5\" data-element_type=\"section\" data-e-type=\"section\">\n\t\t\t\t\t\t<div class=\"elementor-container elementor-column-gap-default\">\n\t\t\t\t\t<div class=\"elementor-column elementor-col-100 elementor-top-column elementor-element elementor-element-87136d7\" data-id=\"87136d7\" data-element_type=\"column\" data-e-type=\"column\">\n\t\t\t<div class=\"elementor-widget-wrap elementor-element-populated\">\n\t\t\t\t\t\t<div class=\"elementor-element elementor-element-d166b24 elementor-widget elementor-widget-text-editor\" data-id=\"d166b24\" data-element_type=\"widget\" data-e-type=\"widget\" data-widget_type=\"text-editor.default\">\n\t\t\t\t<div class=\"elementor-widget-container\">\n\t\t\t\t\t\t\t\t\t<p>2023.02.05-12.. k\u00f6z\u00f6tt iskol\u00e1nk \u00f6t tanul\u00f3ja \u2013 Nagy Lilien Enik\u0151, T\u00f3th Brigitta, Demcs\u00e1k Mariann, Guly\u00e1s Zo\u00e9, Varga Ram\u00f3na- \u00e9s h\u00e1rom tan\u00e1ra \u2013 F\u00e1bi\u00e1n-Marozs Anett, Erd\u00e9lyi Lajosn\u00e9, Zsilinszki-Kutasi Ang\u00e9la &#8211; Erasmus+ KA2 projekttal\u00e1lkoz\u00f3n vesz r\u00e9szt Portug\u00e1li\u00e1ban Madeira gy\u00f6ny\u00f6r\u0171 sziget\u00e9n, Funchal v\u00e1ros\u00e1ban, a READY projekt keret\u00e9ben.<br \/>2023.02.05-06.<br \/>A hossz\u00fa vas\u00e1rnapi utaz\u00e1s ut\u00e1n kipihenten kezdt\u00fck a h\u00e9tf\u0151i napot.<br \/>A k\u00f6sz\u00f6nt\u0151 ut\u00e1n az orsz\u00e1gok iskol\u00e1inak \u00e9s azok tanul\u00f3inak bemutatkoz\u00e1sa k\u00f6vetkezett, majd az iskola k\u00f6rbej\u00e1r\u00e1sa a helyiek vezet\u00e9s\u00e9vel.<br \/>Eb\u00e9d ut\u00e1n a csapatok interakt\u00edv v\u00e1rosn\u00e9z\u00e9sre indultak,majd mindenki hazat\u00e9rt a csal\u00e1dokhoz.<br \/>2023.02.07.<br \/>A d\u00e9lel\u0151tt munk\u00e1val telt. Workshopon vett\u00fcnk r\u00e9szt az elibrary t\u00e9m\u00e1ban a Kahoot seg\u00edts\u00e9g\u00e9vel dolgoztuk fel a tudnival\u00f3kat.<br \/>Majd \u00e9rint\u0151legesen megismerhett\u00fcnk p\u00e1r online alkalmaz\u00e1st,mint p\u00e9ld\u00e1ul a calameo.com, flip.com, \u00e9s a padlet.com.<br \/>A Calameo egy egyszer\u0171 publik\u00e1ci\u00f3s platform a dokumentumok megoszt\u00e1s\u00e1ra \u00e9s k\u00f6zz\u00e9t\u00e9tel\u00e9re. K\u00fcl\u00f6nf\u00e9le dokumentumok egyszer\u0171 felt\u00f6lt\u00e9s\u00e9re, jelent\u00e9sek, magazinok, katal\u00f3gusok, bros\u00far\u00e1k stb. l\u00e9trehoz\u00e1s\u00e1ra \u00e9s online k\u00f6zz\u00e9t\u00e9tel\u00e9re alkalmas.<br \/>A Flip egy ingyenes &#8222;vide\u00f3 megbesz\u00e9l\u0151&#8221; alkalmaz\u00e1s, ahol a k\u00edv\u00e1ncsi elm\u00e9k kapcsolatba l\u00e9pnek egym\u00e1ssal, r\u00f6vid vide\u00f3kat osztanak meg, \u00e9s egy\u00fctt tanulnak. Haszn\u00e1lhatjuk a Flip funkci\u00f3t egy csoport l\u00e9trehoz\u00e1s\u00e1val, \u00e9s megh\u00edvhatunk m\u00e1sokat is.<br \/>A Padlet digit\u00e1lis anyagok gy\u0171jt\u00e9s\u00e9re alkalmas fel\u00fclet.<br \/>A d\u00e9lut\u00e1n kir\u00e1ndul\u00e1ssal telt. Busszal felment\u00fcnk a Monte Palace Tropical Garden-hez, amely egy \u00e1mulatba ejt\u0151 kert gy\u00f6ny\u00f6r\u0171 n\u00f6v\u00e9nyekkel, szobrokkal, flaming\u00f3kkal, hatty\u00fakkal, kacs\u00e1kkal, tekn\u0151s\u00f6kkel, t\u00f3ban \u00faszk\u00e1l\u00f3 halakkal.<br \/>A kert ut\u00e1n libeg\u0151re sz\u00e1llva jutottunk le a hegyr\u0151l a tengerpartra.<br \/>2023.02.08.<br \/>A mai nap a kir\u00e1ndul\u00e1s\u00e9 volt. Buszunk el\u0151sz\u00f6r a Levada Vereda dos Balcoes-hez vitt minket.<br \/>A Vereda dos Balc\u00f5es egy 1,5 km hossz\u00fa (+ 1,5 km vissza\u00fat) kis t\u00fara\u00fatvonal, amely elvezetett a Miradouro dos Balc\u00f5es-r\u0151l ny\u00edl\u00f3 kil\u00e1t\u00f3hoz.<br \/>A t\u00fara ut\u00e1n a Camara de Lobos hal\u00e1szfalu feletti tengerparti szikl\u00e1khoz utaztunk, ahol az \u00fcvegpadl\u00f3s kil\u00e1t\u00f3b\u00f3l n\u00e9zhett\u00fcnk le Madeira legmagasabb tengerparti szikl\u00e1r\u00f3l, melyek 580 m\u00e9terre emelkednek a falu f\u00f6l\u00e9.<br \/>Ezut\u00e1n egy gy\u00f6ny\u00f6r\u0171 helyen megeb\u00e9delt\u00fcnk, majd elbuszoztunk Santana v\u00e1ros\u00e1ba, ahol megn\u00e9zt\u00fck a tradicion\u00e1lis madeirai h\u00e1zakat.<br \/>Innen Madeira legkeletibb r\u00e9sz\u00e9hez utaztunk, amelyet j\u00e1rm\u0171vel el lehet \u00e9rni.<br \/>Innen k\u00f6zelebbr\u0151l \u00e1tl\u00e1thattunk a Kop\u00e1r-szigeteket -Desertas Islands-, amelyek a Madeira-szigetek csoportj\u00e1nak tagjai. A csoport h\u00e1rom szigete Madeira keleti v\u00e9gpontj\u00e1t\u00f3l, a Szent L\u0151rinc-f\u00e9lszigett\u0151l mintegy 21 km-re sorakozik.<br \/>Innen utunk Garajau telep\u00fcl\u00e9sre, a Krisztus kir\u00e1ly szoborhoz vezetett.<br \/>Kellemesen elf\u00e1radva, \u00e9lm\u00e9nyekkel telve t\u00e9rt\u00fcnk vissza az iskol\u00e1hoz, ahonnan mindenki hazaindult a fogad\u00f3 csal\u00e1dokhoz.<br \/>2023.02.09.<br \/>A mai nap az akt\u00edv sport jegy\u00e9ben telt. D\u00e9lel\u0151tt a b\u00e1tor \u00faszni tud\u00f3 tanul\u00f3k v\u00edzre sz\u00e1lltak, \u00e9s az \u00f3ce\u00e1nban kajakoztak.<br \/>A d\u00e9lut\u00e1n is v\u00edzen telt. Katamar\u00e1non delfin \u00e9s b\u00e1lnalesre indultunk, \u00e9s k\u00f6zel h\u00e1rom \u00f3r\u00e1s kir\u00e1ndul\u00e1son vett\u00fcnk r\u00e9szt. Olyan szerencs\u00e9sek voltunk, hogy l\u00e1ttunk delfineket \u00e9s b\u00e1ln\u00e1kat is, majd a b\u00e1trak \u00faszhattak is az \u00f3ce\u00e1nban.<br \/>2023.02.10.<br \/>A mai nap d\u00e9lel\u0151ttj\u00e9n kreat\u00edvkodtunk a 3D Art M\u00fazeumban.<br \/>D\u00e9lut\u00e1n k\u00e9sz\u00fcl\u0151dt\u00fcnk a z\u00e1r\u00f3 cerem\u00f3ni\u00e1ra. A di\u00e1koknak egy kisfilmet kellett k\u00e9sz\u00edteni, mi t\u00f6rt\u00e9nt vel\u00fck Madeir\u00e1n ezen a h\u00e9ten.<br \/>A cerem\u00f3nia egy kv\u00edzzel vette kezdet\u00e9t, amely Madeir\u00e1r\u00f3l szerzett ismereteket m\u00e9rt fel, majd a kisfilmeket mutatt\u00e1k be a csapatok.<br \/>Ezut\u00e1n \u00fcnnep\u00e9lyesen egyes\u00e9vel mindenki megkapta Certificate-j\u00e9t, majd egy madeirai tradicion\u00e1lis t\u00e1ncokat bemutat\u00f3 folkl\u00f3r m\u0171sort \u00e9lvezhett\u00fcnk, melybe a tanul\u00f3kat is bevont\u00e1k a t\u00e1ncosok.<br \/>A napot egy k\u00f6z\u00f6s vacsor\u00e1val z\u00e1rtuk, amelyen a fogad\u00f3 csal\u00e1dok is r\u00e9szt vettek, \u00edgy megismerhett\u00fck \u0151ket.<br \/>\u00c9lm\u00e9nyekkel teli h\u00e9ttel vagyunk gazdagabbak !<\/p>\t\t\t\t\t\t\t\t<\/div>\n\t\t\t\t<\/div>\n\t\t\t\t\t<\/div>\n\t\t<\/div>\n\t\t\t\t\t<\/div>\n\t\t<\/section>\n\t\t\t\t<section class=\"elementor-section elementor-top-section elementor-element elementor-element-5967aa1 elementor-section-boxed elementor-section-height-default elementor-section-height-default\" data-id=\"5967aa1\" data-element_type=\"section\" data-e-type=\"section\">\n\t\t\t\t\t\t<div class=\"elementor-container elementor-column-gap-default\">\n\t\t\t\t\t<div class=\"elementor-column elementor-col-100 elementor-top-column elementor-element elementor-element-7adb6fe\" data-id=\"7adb6fe\" data-element_type=\"column\" data-e-type=\"column\">\n\t\t\t<div class=\"elementor-widget-wrap elementor-element-populated\">\n\t\t\t\t\t\t<div class=\"elementor-element elementor-element-6fd95a9 elementor-widget elementor-widget-text-editor\" data-id=\"6fd95a9\" data-element_type=\"widget\" data-e-type=\"widget\" data-widget_type=\"text-editor.default\">\n\t\t\t\t<div class=\"elementor-widget-container\">\n\t\t\t\t\t\t\t\t\t<div id=\"grid-gallery-377-2542\" data-gg-id=\"377\" data-title=\"2023.02.06. - Erasmus+ KA2 READY Portug\u00e1lia - Madeira\" data-grid-type=\"0\" data-offset=\"5.3\" data-area-position=\"center\" data-icons=\"\" data-preloader=\"true\" data-width=\"215\" data-height=\"215\" data-padding=\"0\" data-quicksand=\"disabled\" data-quicksand-duration=\"none\" data-popup-theme=\"theme_6\" data-popup-type=\"pretty-photo\" data-popup-image-text=\"data-description\" data-popup-widthsize=\"auto\" data-popup-heightsize=\"auto\" data-popup-i18n-words=\"{&quot;close&quot;:&quot;close&quot;,&quot;next&quot;:&quot;next&quot;,&quot;previous&quot;:&quot;previous&quot;,&quot;start_slideshow&quot;:&quot;start slideshow&quot;,&quot;stop_slideshow&quot;:&quot;stop slideshow&quot;,&quot;image&quot;:&quot;image&quot;,&quot;of&quot;:&quot;of&quot;,&quot;prev&quot;:&quot;prev&quot;,&quot;cExpand&quot;:&quot;Expand&quot;,&quot;cPrevious&quot;:&quot;Previous&quot;,&quot;cNext&quot;:&quot;Next&quot;,&quot;cExpandStr&quot;:&quot;Expand the image&quot;,&quot;cRotate&quot;:&quot;Rotate&quot;,&quot;cDetails&quot;:&quot;Details&quot;}\" data-popup-slideshow=\"false\" data-popup-slideshow-speed=\"2500\" data-popup-hoverstop=\"true\" data-popup-slideshow-auto=\"false\" data-popup-background=\"\" data-popup-transparency=\"30\" data-popup-disable-history=\"\" data-popup-disable-changed-url=\"\" data-popup-border-type=\"solid\" data-popup-border-color=\"\" data-popup-border-width=\"\" data-popup-border-enable=\"\" data-fullscreen=\"false\" data-hide-tooltip=\"false\" data-caption-font-family=\"Default\" data-caption-text-size=\"140\" data-is-mobile=\"0\" data-caption-mobile=\"false\" data-hide-long-tltp-title=\"0\" data-caption-disabled-on-mobile=\"false\" data-popup-placement-type=\"0\" data-social-sharing=\"{&quot;enabled&quot;:&quot;&quot;,&quot;gallerySharing&quot;:{&quot;enabled&quot;:null,&quot;position&quot;:null},&quot;imageSharing&quot;:{&quot;enabled&quot;:null,&quot;wrapperClass&quot;:&quot; vertical &quot;},&quot;popupSharing&quot;:{&quot;enabled&quot;:null,&quot;wrapperClass&quot;:&quot; vertical &quot;}}\" class=\"grid-gallery grid-gallery-fixed \" style=\" width:100%; height:auto; margin-left:auto; margin-right:auto;position:relative;\"> <div class=\"gallery-loading\"> <div class=\"blocks\"> <div class=\"block\"><\/div> <div class=\"block\"><\/div> <div class=\"block\"><\/div> <div class=\"block\"><\/div> <\/div> <\/div> <div class=\"gallery-sharing-top\" style=\"display:none;\"> <\/div> <div id=\"photos-377\" class=\"grid-gallery-photos\"><FIGURE class=\"grid-gallery-caption\" data-grid-gallery-type=\"quarter-slide-up\" data-index=\"0\" style=\"display:none;border-radius:00;; margin:5.3px; width:2150;\" ><div class=\"crop\" style=\" width:2150; height:2150; overflow:hidden;\"><img decoding=\"async\" src=\"\/wp-content\/uploads\/2023\/03\/2023.02.06.-Erasmus-KA2-READY-Portugalia-Madeira_001-215x215.jpg\" class=\"ggImg\" alt=\"2023.02.06. - Erasmus+ KA2 READY Portug\u00e1lia - Madeira_001\" title=\"2023.02.06. - Erasmus+ KA2 READY Portug\u00e1lia - Madeira_001\" data-description=\"2023.02.06. - Erasmus+ KA2 READY Portug\u00e1lia - Madeira_001\" data-caption=\"2023.02.06. - Erasmus+ KA2 READY Portug\u00e1lia - Madeira_001\" data-title=\"2023.02.06. - Erasmus+ KA2 READY Portug\u00e1lia - Madeira_001\" style=\" width:215px; height:215px;\" \/><\/div><FIGCAPTION class=\"\" data-alpha=\"5\" style=\"color:#ffffff; background-color:#6f0000; font-size:140; text-align:left; font-family:Default;\" ><div class=\"grid-gallery-figcaption-wrap\" style=\"\"><\/div><\/FIGCAPTION><\/FIGURE><FIGURE class=\"grid-gallery-caption\" data-grid-gallery-type=\"quarter-slide-up\" data-index=\"1\" style=\"display:none;border-radius:00;; margin:5.3px; width:2150;\" ><div class=\"crop\" style=\" width:2150; height:2150; overflow:hidden;\"><img decoding=\"async\" src=\"\/wp-content\/uploads\/2023\/03\/2023.02.06.-Erasmus-KA2-READY-Portugalia-Madeira_002-215x215.jpg\" class=\"ggImg\" alt=\"2023.02.06. - Erasmus+ KA2 READY Portug\u00e1lia - Madeira_002\" title=\"2023.02.06. - Erasmus+ KA2 READY Portug\u00e1lia - Madeira_002\" data-description=\"2023.02.06. - Erasmus+ KA2 READY Portug\u00e1lia - Madeira_002\" data-caption=\"2023.02.06. - Erasmus+ KA2 READY Portug\u00e1lia - Madeira_002\" data-title=\"2023.02.06. - Erasmus+ KA2 READY Portug\u00e1lia - Madeira_002\" style=\" width:215px; height:215px;\" \/><\/div><FIGCAPTION class=\"\" data-alpha=\"5\" style=\"color:#ffffff; background-color:#6f0000; font-size:140; text-align:left; font-family:Default;\" ><div class=\"grid-gallery-figcaption-wrap\" style=\"\"><\/div><\/FIGCAPTION><\/FIGURE><FIGURE class=\"grid-gallery-caption\" data-grid-gallery-type=\"quarter-slide-up\" data-index=\"2\" style=\"display:none;border-radius:00;; margin:5.3px; width:2150;\" ><div class=\"crop\" style=\" width:2150; height:2150; overflow:hidden;\"><img decoding=\"async\" src=\"\/wp-content\/uploads\/2023\/03\/2023.02.06.-Erasmus-KA2-READY-Portugalia-Madeira_003-215x215.jpg\" class=\"ggImg\" alt=\"2023.02.06. - Erasmus+ KA2 READY Portug\u00e1lia - Madeira_003\" title=\"2023.02.06. - Erasmus+ KA2 READY Portug\u00e1lia - Madeira_003\" data-description=\"2023.02.06. - Erasmus+ KA2 READY Portug\u00e1lia - Madeira_003\" data-caption=\"2023.02.06. - Erasmus+ KA2 READY Portug\u00e1lia - Madeira_003\" data-title=\"2023.02.06. - Erasmus+ KA2 READY Portug\u00e1lia - Madeira_003\" style=\" width:215px; height:215px;\" \/><\/div><FIGCAPTION class=\"\" data-alpha=\"5\" style=\"color:#ffffff; background-color:#6f0000; font-size:140; text-align:left; font-family:Default;\" ><div class=\"grid-gallery-figcaption-wrap\" style=\"\"><\/div><\/FIGCAPTION><\/FIGURE><FIGURE class=\"grid-gallery-caption\" data-grid-gallery-type=\"quarter-slide-up\" data-index=\"3\" style=\"display:none;border-radius:00;; margin:5.3px; width:2150;\" ><div class=\"crop\" style=\" width:2150; height:2150; overflow:hidden;\"><img decoding=\"async\" src=\"\/wp-content\/uploads\/2023\/03\/2023.02.06.-Erasmus-KA2-READY-Portugalia-Madeira_004-215x215.jpg\" class=\"ggImg\" alt=\"2023.02.06. - Erasmus+ KA2 READY Portug\u00e1lia - Madeira_004\" title=\"2023.02.06. - Erasmus+ KA2 READY Portug\u00e1lia - Madeira_004\" data-description=\"2023.02.06. - Erasmus+ KA2 READY Portug\u00e1lia - Madeira_004\" data-caption=\"2023.02.06. - Erasmus+ KA2 READY Portug\u00e1lia - Madeira_004\" data-title=\"2023.02.06. - Erasmus+ KA2 READY Portug\u00e1lia - Madeira_004\" style=\" width:215px; height:215px;\" \/><\/div><FIGCAPTION class=\"\" data-alpha=\"5\" style=\"color:#ffffff; background-color:#6f0000; font-size:140; text-align:left; font-family:Default;\" ><div class=\"grid-gallery-figcaption-wrap\" style=\"\"><\/div><\/FIGCAPTION><\/FIGURE><FIGURE class=\"grid-gallery-caption\" data-grid-gallery-type=\"quarter-slide-up\" data-index=\"4\" style=\"display:none;border-radius:00;; margin:5.3px; width:2150;\" ><div class=\"crop\" style=\" width:2150; height:2150; overflow:hidden;\"><img decoding=\"async\" src=\"\/wp-content\/uploads\/2023\/03\/2023.02.06.-Erasmus-KA2-READY-Portugalia-Madeira_005-215x215.jpg\" class=\"ggImg\" alt=\"2023.02.06. - Erasmus+ KA2 READY Portug\u00e1lia - Madeira_005\" title=\"2023.02.06. - Erasmus+ KA2 READY Portug\u00e1lia - Madeira_005\" data-description=\"2023.02.06. - Erasmus+ KA2 READY Portug\u00e1lia - Madeira_005\" data-caption=\"2023.02.06. - Erasmus+ KA2 READY Portug\u00e1lia - Madeira_005\" data-title=\"2023.02.06. - Erasmus+ KA2 READY Portug\u00e1lia - Madeira_005\" style=\" width:215px; height:215px;\" \/><\/div><FIGCAPTION class=\"\" data-alpha=\"5\" style=\"color:#ffffff; background-color:#6f0000; font-size:140; text-align:left; font-family:Default;\" ><div class=\"grid-gallery-figcaption-wrap\" style=\"\"><\/div><\/FIGCAPTION><\/FIGURE><FIGURE class=\"grid-gallery-caption\" data-grid-gallery-type=\"quarter-slide-up\" data-index=\"5\" style=\"display:none;border-radius:00;; margin:5.3px; width:2150;\" ><div class=\"crop\" style=\" width:2150; height:2150; overflow:hidden;\"><img decoding=\"async\" src=\"\/wp-content\/uploads\/2023\/03\/2023.02.06.-Erasmus-KA2-READY-Portugalia-Madeira_006-215x215.jpg\" class=\"ggImg\" alt=\"2023.02.06. - Erasmus+ KA2 READY Portug\u00e1lia - Madeira_006\" title=\"2023.02.06. - Erasmus+ KA2 READY Portug\u00e1lia - Madeira_006\" data-description=\"2023.02.06. - Erasmus+ KA2 READY Portug\u00e1lia - Madeira_006\" data-caption=\"2023.02.06. - Erasmus+ KA2 READY Portug\u00e1lia - Madeira_006\" data-title=\"2023.02.06. - Erasmus+ KA2 READY Portug\u00e1lia - Madeira_006\" style=\" width:215px; height:215px;\" \/><\/div><FIGCAPTION class=\"\" data-alpha=\"5\" style=\"color:#ffffff; background-color:#6f0000; font-size:140; text-align:left; font-family:Default;\" ><div class=\"grid-gallery-figcaption-wrap\" style=\"\"><\/div><\/FIGCAPTION><\/FIGURE><FIGURE class=\"grid-gallery-caption\" data-grid-gallery-type=\"quarter-slide-up\" data-index=\"6\" style=\"display:none;border-radius:00;; margin:5.3px; width:2150;\" ><div class=\"crop\" style=\" width:2150; height:2150; overflow:hidden;\"><img decoding=\"async\" src=\"\/wp-content\/uploads\/2023\/03\/2023.02.06.-Erasmus-KA2-READY-Portugalia-Madeira_007-215x215.jpg\" class=\"ggImg\" alt=\"2023.02.06. - Erasmus+ KA2 READY Portug\u00e1lia - Madeira_007\" title=\"2023.02.06. - Erasmus+ KA2 READY Portug\u00e1lia - Madeira_007\" data-description=\"2023.02.06. - Erasmus+ KA2 READY Portug\u00e1lia - Madeira_007\" data-caption=\"2023.02.06. - Erasmus+ KA2 READY Portug\u00e1lia - Madeira_007\" data-title=\"2023.02.06. - Erasmus+ KA2 READY Portug\u00e1lia - Madeira_007\" style=\" width:215px; height:215px;\" \/><\/div><FIGCAPTION class=\"\" data-alpha=\"5\" style=\"color:#ffffff; background-color:#6f0000; font-size:140; text-align:left; font-family:Default;\" ><div class=\"grid-gallery-figcaption-wrap\" style=\"\"><\/div><\/FIGCAPTION><\/FIGURE><FIGURE class=\"grid-gallery-caption\" data-grid-gallery-type=\"quarter-slide-up\" data-index=\"7\" style=\"display:none;border-radius:00;; margin:5.3px; width:2150;\" ><div class=\"crop\" style=\" width:2150; height:2150; overflow:hidden;\"><img decoding=\"async\" src=\"\/wp-content\/uploads\/2023\/03\/2023.02.06.-Erasmus-KA2-READY-Portugalia-Madeira_008-215x215.jpg\" class=\"ggImg\" alt=\"2023.02.06. - Erasmus+ KA2 READY Portug\u00e1lia - Madeira_008\" title=\"2023.02.06. - Erasmus+ KA2 READY Portug\u00e1lia - Madeira_008\" data-description=\"2023.02.06. - Erasmus+ KA2 READY Portug\u00e1lia - Madeira_008\" data-caption=\"2023.02.06. - Erasmus+ KA2 READY Portug\u00e1lia - Madeira_008\" data-title=\"2023.02.06. - Erasmus+ KA2 READY Portug\u00e1lia - Madeira_008\" style=\" width:215px; height:215px;\" \/><\/div><FIGCAPTION class=\"\" data-alpha=\"5\" style=\"color:#ffffff; background-color:#6f0000; font-size:140; text-align:left; font-family:Default;\" ><div class=\"grid-gallery-figcaption-wrap\" style=\"\"><\/div><\/FIGCAPTION><\/FIGURE><FIGURE class=\"grid-gallery-caption\" data-grid-gallery-type=\"quarter-slide-up\" data-index=\"8\" style=\"display:none;border-radius:00;; margin:5.3px; width:2150;\" ><div class=\"crop\" style=\" width:2150; height:2150; overflow:hidden;\"><img decoding=\"async\" src=\"\/wp-content\/uploads\/2023\/03\/2023.02.06.-Erasmus-KA2-READY-Portugalia-Madeira_009-215x215.jpg\" class=\"ggImg\" alt=\"2023.02.06. - Erasmus+ KA2 READY Portug\u00e1lia - Madeira_009\" title=\"2023.02.06. - Erasmus+ KA2 READY Portug\u00e1lia - Madeira_009\" data-description=\"2023.02.06. - Erasmus+ KA2 READY Portug\u00e1lia - Madeira_009\" data-caption=\"2023.02.06. - Erasmus+ KA2 READY Portug\u00e1lia - Madeira_009\" data-title=\"2023.02.06. - Erasmus+ KA2 READY Portug\u00e1lia - Madeira_009\" style=\" width:215px; height:215px;\" \/><\/div><FIGCAPTION class=\"\" data-alpha=\"5\" style=\"color:#ffffff; background-color:#6f0000; font-size:140; text-align:left; font-family:Default;\" ><div class=\"grid-gallery-figcaption-wrap\" style=\"\"><\/div><\/FIGCAPTION><\/FIGURE><FIGURE class=\"grid-gallery-caption\" data-grid-gallery-type=\"quarter-slide-up\" data-index=\"9\" style=\"display:none;border-radius:00;; margin:5.3px; width:2150;\" ><div class=\"crop\" style=\" width:2150; height:2150; overflow:hidden;\"><img decoding=\"async\" src=\"\/wp-content\/uploads\/2023\/03\/2023.02.06.-Erasmus-KA2-READY-Portugalia-Madeira_010-215x215.jpg\" class=\"ggImg\" alt=\"2023.02.06. - Erasmus+ KA2 READY Portug\u00e1lia - Madeira_010\" title=\"2023.02.06. - Erasmus+ KA2 READY Portug\u00e1lia - Madeira_010\" data-description=\"2023.02.06. - Erasmus+ KA2 READY Portug\u00e1lia - Madeira_010\" data-caption=\"2023.02.06. - Erasmus+ KA2 READY Portug\u00e1lia - Madeira_010\" data-title=\"2023.02.06. - Erasmus+ KA2 READY Portug\u00e1lia - Madeira_010\" style=\" width:215px; height:215px;\" \/><\/div><FIGCAPTION class=\"\" data-alpha=\"5\" style=\"color:#ffffff; background-color:#6f0000; font-size:140; text-align:left; font-family:Default;\" ><div class=\"grid-gallery-figcaption-wrap\" style=\"\"><\/div><\/FIGCAPTION><\/FIGURE><FIGURE class=\"grid-gallery-caption\" data-grid-gallery-type=\"quarter-slide-up\" data-index=\"10\" style=\"display:none;border-radius:00;; margin:5.3px; width:2150;\" ><div class=\"crop\" style=\" width:2150; height:2150; overflow:hidden;\"><img decoding=\"async\" src=\"\/wp-content\/uploads\/2023\/03\/2023.02.06.-Erasmus-KA2-READY-Portugalia-Madeira_012-215x215.jpg\" class=\"ggImg\" alt=\"2023.02.06. - Erasmus+ KA2 READY Portug\u00e1lia - Madeira_012\" title=\"2023.02.06. - Erasmus+ KA2 READY Portug\u00e1lia - Madeira_012\" data-description=\"2023.02.06. - Erasmus+ KA2 READY Portug\u00e1lia - Madeira_012\" data-caption=\"2023.02.06. - Erasmus+ KA2 READY Portug\u00e1lia - Madeira_012\" data-title=\"2023.02.06. - Erasmus+ KA2 READY Portug\u00e1lia - Madeira_012\" style=\" width:215px; height:215px;\" \/><\/div><FIGCAPTION class=\"\" data-alpha=\"5\" style=\"color:#ffffff; background-color:#6f0000; font-size:140; text-align:left; font-family:Default;\" ><div class=\"grid-gallery-figcaption-wrap\" style=\"\"><\/div><\/FIGCAPTION><\/FIGURE><FIGURE class=\"grid-gallery-caption\" data-grid-gallery-type=\"quarter-slide-up\" data-index=\"11\" style=\"display:none;border-radius:00;; margin:5.3px; width:2150;\" ><div class=\"crop\" style=\" width:2150; height:2150; overflow:hidden;\"><img decoding=\"async\" src=\"\/wp-content\/uploads\/2023\/03\/2023.02.06.-Erasmus-KA2-READY-Portugalia-Madeira_013-215x215.jpg\" class=\"ggImg\" alt=\"2023.02.06. - Erasmus+ KA2 READY Portug\u00e1lia - Madeira_013\" title=\"2023.02.06. - Erasmus+ KA2 READY Portug\u00e1lia - Madeira_013\" data-description=\"2023.02.06. - Erasmus+ KA2 READY Portug\u00e1lia - Madeira_013\" data-caption=\"2023.02.06. - Erasmus+ KA2 READY Portug\u00e1lia - Madeira_013\" data-title=\"2023.02.06. - Erasmus+ KA2 READY Portug\u00e1lia - Madeira_013\" style=\" width:215px; height:215px;\" \/><\/div><FIGCAPTION class=\"\" data-alpha=\"5\" style=\"color:#ffffff; background-color:#6f0000; font-size:140; text-align:left; font-family:Default;\" ><div class=\"grid-gallery-figcaption-wrap\" style=\"\"><\/div><\/FIGCAPTION><\/FIGURE><FIGURE class=\"grid-gallery-caption\" data-grid-gallery-type=\"quarter-slide-up\" data-index=\"12\" style=\"display:none;border-radius:00;; margin:5.3px; width:2150;\" ><div class=\"crop\" style=\" width:2150; height:2150; overflow:hidden;\"><img decoding=\"async\" src=\"\/wp-content\/uploads\/2023\/03\/2023.02.06.-Erasmus-KA2-READY-Portugalia-Madeira_014-215x215.jpg\" class=\"ggImg\" alt=\"2023.02.06. - Erasmus+ KA2 READY Portug\u00e1lia - Madeira_014\" title=\"2023.02.06. - Erasmus+ KA2 READY Portug\u00e1lia - Madeira_014\" data-description=\"2023.02.06. - Erasmus+ KA2 READY Portug\u00e1lia - Madeira_014\" data-caption=\"2023.02.06. - Erasmus+ KA2 READY Portug\u00e1lia - Madeira_014\" data-title=\"2023.02.06. - Erasmus+ KA2 READY Portug\u00e1lia - Madeira_014\" style=\" width:215px; height:215px;\" \/><\/div><FIGCAPTION class=\"\" data-alpha=\"5\" style=\"color:#ffffff; background-color:#6f0000; font-size:140; text-align:left; font-family:Default;\" ><div class=\"grid-gallery-figcaption-wrap\" style=\"\"><\/div><\/FIGCAPTION><\/FIGURE><FIGURE class=\"grid-gallery-caption\" data-grid-gallery-type=\"quarter-slide-up\" data-index=\"13\" style=\"display:none;border-radius:00;; margin:5.3px; width:2150;\" ><div class=\"crop\" style=\" width:2150; height:2150; overflow:hidden;\"><img decoding=\"async\" src=\"\/wp-content\/uploads\/2023\/03\/2023.02.06.-Erasmus-KA2-READY-Portugalia-Madeira_015-215x215.jpg\" class=\"ggImg\" alt=\"2023.02.06. - Erasmus+ KA2 READY Portug\u00e1lia - Madeira_015\" title=\"2023.02.06. - Erasmus+ KA2 READY Portug\u00e1lia - Madeira_015\" data-description=\"2023.02.06. - Erasmus+ KA2 READY Portug\u00e1lia - Madeira_015\" data-caption=\"2023.02.06. - Erasmus+ KA2 READY Portug\u00e1lia - Madeira_015\" data-title=\"2023.02.06. - Erasmus+ KA2 READY Portug\u00e1lia - Madeira_015\" style=\" width:215px; height:215px;\" \/><\/div><FIGCAPTION class=\"\" data-alpha=\"5\" style=\"color:#ffffff; background-color:#6f0000; font-size:140; text-align:left; font-family:Default;\" ><div class=\"grid-gallery-figcaption-wrap\" style=\"\"><\/div><\/FIGCAPTION><\/FIGURE><FIGURE class=\"grid-gallery-caption\" data-grid-gallery-type=\"quarter-slide-up\" data-index=\"14\" style=\"display:none;border-radius:00;; margin:5.3px; width:2150;\" ><div class=\"crop\" style=\" width:2150; height:2150; overflow:hidden;\"><img decoding=\"async\" src=\"\/wp-content\/uploads\/2023\/03\/2023.02.06.-Erasmus-KA2-READY-Portugalia-Madeira_016-215x215.jpg\" class=\"ggImg\" alt=\"2023.02.06. - Erasmus+ KA2 READY Portug\u00e1lia - Madeira_016\" title=\"2023.02.06. - Erasmus+ KA2 READY Portug\u00e1lia - Madeira_016\" data-description=\"2023.02.06. - Erasmus+ KA2 READY Portug\u00e1lia - Madeira_016\" data-caption=\"2023.02.06. - Erasmus+ KA2 READY Portug\u00e1lia - Madeira_016\" data-title=\"2023.02.06. - Erasmus+ KA2 READY Portug\u00e1lia - Madeira_016\" style=\" width:215px; height:215px;\" \/><\/div><FIGCAPTION class=\"\" data-alpha=\"5\" style=\"color:#ffffff; background-color:#6f0000; font-size:140; text-align:left; font-family:Default;\" ><div class=\"grid-gallery-figcaption-wrap\" style=\"\"><\/div><\/FIGCAPTION><\/FIGURE><FIGURE class=\"grid-gallery-caption\" data-grid-gallery-type=\"quarter-slide-up\" data-index=\"15\" style=\"display:none;border-radius:00;; margin:5.3px; width:2150;\" ><div class=\"crop\" style=\" width:2150; height:2150; overflow:hidden;\"><img decoding=\"async\" src=\"\/wp-content\/uploads\/2023\/03\/2023.02.06.-Erasmus-KA2-READY-Portugalia-Madeira_017-215x215.jpg\" class=\"ggImg\" alt=\"2023.02.06. - Erasmus+ KA2 READY Portug\u00e1lia - Madeira_017\" title=\"2023.02.06. - Erasmus+ KA2 READY Portug\u00e1lia - Madeira_017\" data-description=\"2023.02.06. - Erasmus+ KA2 READY Portug\u00e1lia - Madeira_017\" data-caption=\"2023.02.06. - Erasmus+ KA2 READY Portug\u00e1lia - Madeira_017\" data-title=\"2023.02.06. - Erasmus+ KA2 READY Portug\u00e1lia - Madeira_017\" style=\" width:215px; height:215px;\" \/><\/div><FIGCAPTION class=\"\" data-alpha=\"5\" style=\"color:#ffffff; background-color:#6f0000; font-size:140; text-align:left; font-family:Default;\" ><div class=\"grid-gallery-figcaption-wrap\" style=\"\"><\/div><\/FIGCAPTION><\/FIGURE><FIGURE class=\"grid-gallery-caption\" data-grid-gallery-type=\"quarter-slide-up\" data-index=\"16\" style=\"display:none;border-radius:00;; margin:5.3px; width:2150;\" ><div class=\"crop\" style=\" width:2150; height:2150; overflow:hidden;\"><img decoding=\"async\" src=\"\/wp-content\/uploads\/2023\/03\/2023.02.06.-Erasmus-KA2-READY-Portugalia-Madeira_018-215x215.jpg\" class=\"ggImg\" alt=\"2023.02.06. - Erasmus+ KA2 READY Portug\u00e1lia - Madeira_018\" title=\"2023.02.06. - Erasmus+ KA2 READY Portug\u00e1lia - Madeira_018\" data-description=\"2023.02.06. - Erasmus+ KA2 READY Portug\u00e1lia - Madeira_018\" data-caption=\"2023.02.06. - Erasmus+ KA2 READY Portug\u00e1lia - Madeira_018\" data-title=\"2023.02.06. - Erasmus+ KA2 READY Portug\u00e1lia - Madeira_018\" style=\" width:215px; height:215px;\" \/><\/div><FIGCAPTION class=\"\" data-alpha=\"5\" style=\"color:#ffffff; background-color:#6f0000; font-size:140; text-align:left; font-family:Default;\" ><div class=\"grid-gallery-figcaption-wrap\" style=\"\"><\/div><\/FIGCAPTION><\/FIGURE><FIGURE class=\"grid-gallery-caption\" data-grid-gallery-type=\"quarter-slide-up\" data-index=\"17\" style=\"display:none;border-radius:00;; margin:5.3px; width:2150;\" ><div class=\"crop\" style=\" width:2150; height:2150; overflow:hidden;\"><img decoding=\"async\" src=\"\/wp-content\/uploads\/2023\/03\/2023.02.06.-Erasmus-KA2-READY-Portugalia-Madeira_019-215x215.jpg\" class=\"ggImg\" alt=\"2023.02.06. - Erasmus+ KA2 READY Portug\u00e1lia - Madeira_019\" title=\"2023.02.06. - Erasmus+ KA2 READY Portug\u00e1lia - Madeira_019\" data-description=\"2023.02.06. - Erasmus+ KA2 READY Portug\u00e1lia - Madeira_019\" data-caption=\"2023.02.06. - Erasmus+ KA2 READY Portug\u00e1lia - Madeira_019\" data-title=\"2023.02.06. - Erasmus+ KA2 READY Portug\u00e1lia - Madeira_019\" style=\" width:215px; height:215px;\" \/><\/div><FIGCAPTION class=\"\" data-alpha=\"5\" style=\"color:#ffffff; background-color:#6f0000; font-size:140; text-align:left; font-family:Default;\" ><div class=\"grid-gallery-figcaption-wrap\" style=\"\"><\/div><\/FIGCAPTION><\/FIGURE><FIGURE class=\"grid-gallery-caption\" data-grid-gallery-type=\"quarter-slide-up\" data-index=\"18\" style=\"display:none;border-radius:00;; margin:5.3px; width:2150;\" ><div class=\"crop\" style=\" width:2150; height:2150; overflow:hidden;\"><img decoding=\"async\" src=\"\/wp-content\/uploads\/2023\/03\/2023.02.06.-Erasmus-KA2-READY-Portugalia-Madeira_020-215x215.jpg\" class=\"ggImg\" alt=\"2023.02.06. - Erasmus+ KA2 READY Portug\u00e1lia - Madeira_020\" title=\"2023.02.06. - Erasmus+ KA2 READY Portug\u00e1lia - Madeira_020\" data-description=\"2023.02.06. - Erasmus+ KA2 READY Portug\u00e1lia - Madeira_020\" data-caption=\"2023.02.06. - Erasmus+ KA2 READY Portug\u00e1lia - Madeira_020\" data-title=\"2023.02.06. - Erasmus+ KA2 READY Portug\u00e1lia - Madeira_020\" style=\" width:215px; height:215px;\" \/><\/div><FIGCAPTION class=\"\" data-alpha=\"5\" style=\"color:#ffffff; background-color:#6f0000; font-size:140; text-align:left; font-family:Default;\" ><div class=\"grid-gallery-figcaption-wrap\" style=\"\"><\/div><\/FIGCAPTION><\/FIGURE><FIGURE class=\"grid-gallery-caption\" data-grid-gallery-type=\"quarter-slide-up\" data-index=\"19\" style=\"display:none;border-radius:00;; margin:5.3px; width:2150;\" ><div class=\"crop\" style=\" width:2150; height:2150; overflow:hidden;\"><img decoding=\"async\" src=\"\/wp-content\/uploads\/2023\/03\/2023.02.06.-Erasmus-KA2-READY-Portugalia-Madeira_021-215x215.jpg\" class=\"ggImg\" alt=\"2023.02.06. - Erasmus+ KA2 READY Portug\u00e1lia - Madeira_021\" title=\"2023.02.06. - Erasmus+ KA2 READY Portug\u00e1lia - Madeira_021\" data-description=\"2023.02.06. - Erasmus+ KA2 READY Portug\u00e1lia - Madeira_021\" data-caption=\"2023.02.06. - Erasmus+ KA2 READY Portug\u00e1lia - Madeira_021\" data-title=\"2023.02.06. - Erasmus+ KA2 READY Portug\u00e1lia - Madeira_021\" style=\" width:215px; height:215px;\" \/><\/div><FIGCAPTION class=\"\" data-alpha=\"5\" style=\"color:#ffffff; background-color:#6f0000; font-size:140; text-align:left; font-family:Default;\" ><div class=\"grid-gallery-figcaption-wrap\" style=\"\"><\/div><\/FIGCAPTION><\/FIGURE><FIGURE class=\"grid-gallery-caption\" data-grid-gallery-type=\"quarter-slide-up\" data-index=\"20\" style=\"display:none;border-radius:00;; margin:5.3px; width:2150;\" ><div class=\"crop\" style=\" width:2150; height:2150; overflow:hidden;\"><img decoding=\"async\" src=\"\/wp-content\/uploads\/2023\/03\/2023.02.06.-Erasmus-KA2-READY-Portugalia-Madeira_022-215x215.jpg\" class=\"ggImg\" alt=\"2023.02.06. - Erasmus+ KA2 READY Portug\u00e1lia - Madeira_022\" title=\"2023.02.06. - Erasmus+ KA2 READY Portug\u00e1lia - Madeira_022\" data-description=\"2023.02.06. - Erasmus+ KA2 READY Portug\u00e1lia - Madeira_022\" data-caption=\"2023.02.06. - Erasmus+ KA2 READY Portug\u00e1lia - Madeira_022\" data-title=\"2023.02.06. - Erasmus+ KA2 READY Portug\u00e1lia - Madeira_022\" style=\" width:215px; height:215px;\" \/><\/div><FIGCAPTION class=\"\" data-alpha=\"5\" style=\"color:#ffffff; background-color:#6f0000; font-size:140; text-align:left; font-family:Default;\" ><div class=\"grid-gallery-figcaption-wrap\" style=\"\"><\/div><\/FIGCAPTION><\/FIGURE><FIGURE class=\"grid-gallery-caption\" data-grid-gallery-type=\"quarter-slide-up\" data-index=\"21\" style=\"display:none;border-radius:00;; margin:5.3px; width:2150;\" ><div class=\"crop\" style=\" width:2150; height:2150; overflow:hidden;\"><img decoding=\"async\" src=\"\/wp-content\/uploads\/2023\/03\/2023.02.06.-Erasmus-KA2-READY-Portugalia-Madeira_023-215x215.jpg\" class=\"ggImg\" alt=\"2023.02.06. - Erasmus+ KA2 READY Portug\u00e1lia - Madeira_023\" title=\"2023.02.06. - Erasmus+ KA2 READY Portug\u00e1lia - Madeira_023\" data-description=\"2023.02.06. - Erasmus+ KA2 READY Portug\u00e1lia - Madeira_023\" data-caption=\"2023.02.06. - Erasmus+ KA2 READY Portug\u00e1lia - Madeira_023\" data-title=\"2023.02.06. - Erasmus+ KA2 READY Portug\u00e1lia - Madeira_023\" style=\" width:215px; height:215px;\" \/><\/div><FIGCAPTION class=\"\" data-alpha=\"5\" style=\"color:#ffffff; background-color:#6f0000; font-size:140; text-align:left; font-family:Default;\" ><div class=\"grid-gallery-figcaption-wrap\" style=\"\"><\/div><\/FIGCAPTION><\/FIGURE><FIGURE class=\"grid-gallery-caption\" data-grid-gallery-type=\"quarter-slide-up\" data-index=\"22\" style=\"display:none;border-radius:00;; margin:5.3px; width:2150;\" ><div class=\"crop\" style=\" width:2150; height:2150; overflow:hidden;\"><img decoding=\"async\" src=\"\/wp-content\/uploads\/2023\/03\/2023.02.06.-Erasmus-KA2-READY-Portugalia-Madeira_024-215x215.jpg\" class=\"ggImg\" alt=\"2023.02.06. - Erasmus+ KA2 READY Portug\u00e1lia - Madeira_024\" title=\"2023.02.06. - Erasmus+ KA2 READY Portug\u00e1lia - Madeira_024\" data-description=\"2023.02.06. - Erasmus+ KA2 READY Portug\u00e1lia - Madeira_024\" data-caption=\"2023.02.06. - Erasmus+ KA2 READY Portug\u00e1lia - Madeira_024\" data-title=\"2023.02.06. - Erasmus+ KA2 READY Portug\u00e1lia - Madeira_024\" style=\" width:215px; height:215px;\" \/><\/div><FIGCAPTION class=\"\" data-alpha=\"5\" style=\"color:#ffffff; background-color:#6f0000; font-size:140; text-align:left; font-family:Default;\" ><div class=\"grid-gallery-figcaption-wrap\" style=\"\"><\/div><\/FIGCAPTION><\/FIGURE><FIGURE class=\"grid-gallery-caption\" data-grid-gallery-type=\"quarter-slide-up\" data-index=\"23\" style=\"display:none;border-radius:00;; margin:5.3px; width:2150;\" ><div class=\"crop\" style=\" width:2150; height:2150; overflow:hidden;\"><img decoding=\"async\" src=\"\/wp-content\/uploads\/2023\/03\/2023.02.06.-Erasmus-KA2-READY-Portugalia-Madeira_025-215x215.jpg\" class=\"ggImg\" alt=\"2023.02.06. - Erasmus+ KA2 READY Portug\u00e1lia - Madeira_025\" title=\"2023.02.06. - Erasmus+ KA2 READY Portug\u00e1lia - Madeira_025\" data-description=\"2023.02.06. - Erasmus+ KA2 READY Portug\u00e1lia - Madeira_025\" data-caption=\"2023.02.06. - Erasmus+ KA2 READY Portug\u00e1lia - Madeira_025\" data-title=\"2023.02.06. - Erasmus+ KA2 READY Portug\u00e1lia - Madeira_025\" style=\" width:215px; height:215px;\" \/><\/div><FIGCAPTION class=\"\" data-alpha=\"5\" style=\"color:#ffffff; background-color:#6f0000; font-size:140; text-align:left; font-family:Default;\" ><div class=\"grid-gallery-figcaption-wrap\" style=\"\"><\/div><\/FIGCAPTION><\/FIGURE><FIGURE class=\"grid-gallery-caption\" data-grid-gallery-type=\"quarter-slide-up\" data-index=\"24\" style=\"display:none;border-radius:00;; margin:5.3px; width:2150;\" ><div class=\"crop\" style=\" width:2150; height:2150; overflow:hidden;\"><img decoding=\"async\" src=\"\/wp-content\/uploads\/2023\/03\/2023.02.06.-Erasmus-KA2-READY-Portugalia-Madeira_026-215x215.jpg\" class=\"ggImg\" alt=\"2023.02.06. - Erasmus+ KA2 READY Portug\u00e1lia - Madeira_026\" title=\"2023.02.06. - Erasmus+ KA2 READY Portug\u00e1lia - Madeira_026\" data-description=\"2023.02.06. - Erasmus+ KA2 READY Portug\u00e1lia - Madeira_026\" data-caption=\"2023.02.06. - Erasmus+ KA2 READY Portug\u00e1lia - Madeira_026\" data-title=\"2023.02.06. - Erasmus+ KA2 READY Portug\u00e1lia - Madeira_026\" style=\" width:215px; height:215px;\" \/><\/div><FIGCAPTION class=\"\" data-alpha=\"5\" style=\"color:#ffffff; background-color:#6f0000; font-size:140; text-align:left; font-family:Default;\" ><div class=\"grid-gallery-figcaption-wrap\" style=\"\"><\/div><\/FIGCAPTION><\/FIGURE><FIGURE class=\"grid-gallery-caption\" data-grid-gallery-type=\"quarter-slide-up\" data-index=\"25\" style=\"display:none;border-radius:00;; margin:5.3px; width:2150;\" ><div class=\"crop\" style=\" width:2150; height:2150; overflow:hidden;\"><img decoding=\"async\" src=\"\/wp-content\/uploads\/2023\/03\/2023.02.06.-Erasmus-KA2-READY-Portugalia-Madeira_027-215x215.jpg\" class=\"ggImg\" alt=\"2023.02.06. - Erasmus+ KA2 READY Portug\u00e1lia - Madeira_027\" title=\"2023.02.06. - Erasmus+ KA2 READY Portug\u00e1lia - Madeira_027\" data-description=\"2023.02.06. - Erasmus+ KA2 READY Portug\u00e1lia - Madeira_027\" data-caption=\"2023.02.06. - Erasmus+ KA2 READY Portug\u00e1lia - Madeira_027\" data-title=\"2023.02.06. - Erasmus+ KA2 READY Portug\u00e1lia - Madeira_027\" style=\" width:215px; height:215px;\" \/><\/div><FIGCAPTION class=\"\" data-alpha=\"5\" style=\"color:#ffffff; background-color:#6f0000; font-size:140; text-align:left; font-family:Default;\" ><div class=\"grid-gallery-figcaption-wrap\" style=\"\"><\/div><\/FIGCAPTION><\/FIGURE><FIGURE class=\"grid-gallery-caption\" data-grid-gallery-type=\"quarter-slide-up\" data-index=\"26\" style=\"display:none;border-radius:00;; margin:5.3px; width:2150;\" ><div class=\"crop\" style=\" width:2150; height:2150; overflow:hidden;\"><img decoding=\"async\" src=\"\/wp-content\/uploads\/2023\/03\/2023.02.06.-Erasmus-KA2-READY-Portugalia-Madeira_028-215x215.jpg\" class=\"ggImg\" alt=\"2023.02.06. - Erasmus+ KA2 READY Portug\u00e1lia - Madeira_028\" title=\"2023.02.06. - Erasmus+ KA2 READY Portug\u00e1lia - Madeira_028\" data-description=\"2023.02.06. - Erasmus+ KA2 READY Portug\u00e1lia - Madeira_028\" data-caption=\"2023.02.06. - Erasmus+ KA2 READY Portug\u00e1lia - Madeira_028\" data-title=\"2023.02.06. - Erasmus+ KA2 READY Portug\u00e1lia - Madeira_028\" style=\" width:215px; height:215px;\" \/><\/div><FIGCAPTION class=\"\" data-alpha=\"5\" style=\"color:#ffffff; background-color:#6f0000; font-size:140; text-align:left; font-family:Default;\" ><div class=\"grid-gallery-figcaption-wrap\" style=\"\"><\/div><\/FIGCAPTION><\/FIGURE><FIGURE class=\"grid-gallery-caption\" data-grid-gallery-type=\"quarter-slide-up\" data-index=\"27\" style=\"display:none;border-radius:00;; margin:5.3px; width:2150;\" ><div class=\"crop\" style=\" width:2150; height:2150; overflow:hidden;\"><img decoding=\"async\" src=\"\/wp-content\/uploads\/2023\/03\/2023.02.06.-Erasmus-KA2-READY-Portugalia-Madeira_029-215x215.jpg\" class=\"ggImg\" alt=\"2023.02.06. - Erasmus+ KA2 READY Portug\u00e1lia - Madeira_029\" title=\"2023.02.06. - Erasmus+ KA2 READY Portug\u00e1lia - Madeira_029\" data-description=\"2023.02.06. - Erasmus+ KA2 READY Portug\u00e1lia - Madeira_029\" data-caption=\"2023.02.06. - Erasmus+ KA2 READY Portug\u00e1lia - Madeira_029\" data-title=\"2023.02.06. - Erasmus+ KA2 READY Portug\u00e1lia - Madeira_029\" style=\" width:215px; height:215px;\" \/><\/div><FIGCAPTION class=\"\" data-alpha=\"5\" style=\"color:#ffffff; background-color:#6f0000; font-size:140; text-align:left; font-family:Default;\" ><div class=\"grid-gallery-figcaption-wrap\" style=\"\"><\/div><\/FIGCAPTION><\/FIGURE><FIGURE class=\"grid-gallery-caption\" data-grid-gallery-type=\"quarter-slide-up\" data-index=\"28\" style=\"display:none;border-radius:00;; margin:5.3px; width:2150;\" ><div class=\"crop\" style=\" width:2150; height:2150; overflow:hidden;\"><img decoding=\"async\" src=\"\/wp-content\/uploads\/2023\/03\/2023.02.06.-Erasmus-KA2-READY-Portugalia-Madeira_030-215x215.jpg\" class=\"ggImg\" alt=\"2023.02.06. - Erasmus+ KA2 READY Portug\u00e1lia - Madeira_030\" title=\"2023.02.06. - Erasmus+ KA2 READY Portug\u00e1lia - Madeira_030\" data-description=\"2023.02.06. - Erasmus+ KA2 READY Portug\u00e1lia - Madeira_030\" data-caption=\"2023.02.06. - Erasmus+ KA2 READY Portug\u00e1lia - Madeira_030\" data-title=\"2023.02.06. - Erasmus+ KA2 READY Portug\u00e1lia - Madeira_030\" style=\" width:215px; height:215px;\" \/><\/div><FIGCAPTION class=\"\" data-alpha=\"5\" style=\"color:#ffffff; background-color:#6f0000; font-size:140; text-align:left; font-family:Default;\" ><div class=\"grid-gallery-figcaption-wrap\" style=\"\"><\/div><\/FIGCAPTION><\/FIGURE><FIGURE class=\"grid-gallery-caption\" data-grid-gallery-type=\"quarter-slide-up\" data-index=\"29\" style=\"display:none;border-radius:00;; margin:5.3px; width:2150;\" ><div class=\"crop\" style=\" width:2150; height:2150; overflow:hidden;\"><img decoding=\"async\" src=\"\/wp-content\/uploads\/2023\/03\/2023.02.06.-Erasmus-KA2-READY-Portugalia-Madeira_031-215x215.jpg\" class=\"ggImg\" alt=\"2023.02.06. - Erasmus+ KA2 READY Portug\u00e1lia - Madeira_031\" title=\"2023.02.06. - Erasmus+ KA2 READY Portug\u00e1lia - Madeira_031\" data-description=\"2023.02.06. - Erasmus+ KA2 READY Portug\u00e1lia - Madeira_031\" data-caption=\"2023.02.06. - Erasmus+ KA2 READY Portug\u00e1lia - Madeira_031\" data-title=\"2023.02.06. - Erasmus+ KA2 READY Portug\u00e1lia - Madeira_031\" style=\" width:215px; height:215px;\" \/><\/div><FIGCAPTION class=\"\" data-alpha=\"5\" style=\"color:#ffffff; background-color:#6f0000; font-size:140; text-align:left; font-family:Default;\" ><div class=\"grid-gallery-figcaption-wrap\" style=\"\"><\/div><\/FIGCAPTION><\/FIGURE><FIGURE class=\"grid-gallery-caption\" data-grid-gallery-type=\"quarter-slide-up\" data-index=\"30\" style=\"display:none;border-radius:00;; margin:5.3px; width:2150;\" ><div class=\"crop\" style=\" width:2150; height:2150; overflow:hidden;\"><img decoding=\"async\" src=\"\/wp-content\/uploads\/2023\/03\/2023.02.06.-Erasmus-KA2-READY-Portugalia-Madeira_032-215x215.jpg\" class=\"ggImg\" alt=\"2023.02.06. - Erasmus+ KA2 READY Portug\u00e1lia - Madeira_032\" title=\"2023.02.06. - Erasmus+ KA2 READY Portug\u00e1lia - Madeira_032\" data-description=\"2023.02.06. - Erasmus+ KA2 READY Portug\u00e1lia - Madeira_032\" data-caption=\"2023.02.06. - Erasmus+ KA2 READY Portug\u00e1lia - Madeira_032\" data-title=\"2023.02.06. - Erasmus+ KA2 READY Portug\u00e1lia - Madeira_032\" style=\" width:215px; height:215px;\" \/><\/div><FIGCAPTION class=\"\" data-alpha=\"5\" style=\"color:#ffffff; background-color:#6f0000; font-size:140; text-align:left; font-family:Default;\" ><div class=\"grid-gallery-figcaption-wrap\" style=\"\"><\/div><\/FIGCAPTION><\/FIGURE><FIGURE class=\"grid-gallery-caption\" data-grid-gallery-type=\"quarter-slide-up\" data-index=\"31\" style=\"display:none;border-radius:00;; margin:5.3px; width:2150;\" ><div class=\"crop\" style=\" width:2150; height:2150; overflow:hidden;\"><img decoding=\"async\" src=\"\/wp-content\/uploads\/2023\/03\/2023.02.06.-Erasmus-KA2-READY-Portugalia-Madeira_033-215x215.jpg\" class=\"ggImg\" alt=\"2023.02.06. - Erasmus+ KA2 READY Portug\u00e1lia - Madeira_033\" title=\"2023.02.06. - Erasmus+ KA2 READY Portug\u00e1lia - Madeira_033\" data-description=\"2023.02.06. - Erasmus+ KA2 READY Portug\u00e1lia - Madeira_033\" data-caption=\"2023.02.06. - Erasmus+ KA2 READY Portug\u00e1lia - Madeira_033\" data-title=\"2023.02.06. - Erasmus+ KA2 READY Portug\u00e1lia - Madeira_033\" style=\" width:215px; height:215px;\" \/><\/div><FIGCAPTION class=\"\" data-alpha=\"5\" style=\"color:#ffffff; background-color:#6f0000; font-size:140; text-align:left; font-family:Default;\" ><div class=\"grid-gallery-figcaption-wrap\" style=\"\"><\/div><\/FIGCAPTION><\/FIGURE><FIGURE class=\"grid-gallery-caption\" data-grid-gallery-type=\"quarter-slide-up\" data-index=\"32\" style=\"display:none;border-radius:00;; margin:5.3px; width:2150;\" ><div class=\"crop\" style=\" width:2150; height:2150; overflow:hidden;\"><img decoding=\"async\" src=\"\/wp-content\/uploads\/2023\/03\/2023.02.06.-Erasmus-KA2-READY-Portugalia-Madeira_034-215x215.jpg\" class=\"ggImg\" alt=\"2023.02.06. - Erasmus+ KA2 READY Portug\u00e1lia - Madeira_034\" title=\"2023.02.06. - Erasmus+ KA2 READY Portug\u00e1lia - Madeira_034\" data-description=\"2023.02.06. - Erasmus+ KA2 READY Portug\u00e1lia - Madeira_034\" data-caption=\"2023.02.06. - Erasmus+ KA2 READY Portug\u00e1lia - Madeira_034\" data-title=\"2023.02.06. - Erasmus+ KA2 READY Portug\u00e1lia - Madeira_034\" style=\" width:215px; height:215px;\" \/><\/div><FIGCAPTION class=\"\" data-alpha=\"5\" style=\"color:#ffffff; background-color:#6f0000; font-size:140; text-align:left; font-family:Default;\" ><div class=\"grid-gallery-figcaption-wrap\" style=\"\"><\/div><\/FIGCAPTION><\/FIGURE><FIGURE class=\"grid-gallery-caption\" data-grid-gallery-type=\"quarter-slide-up\" data-index=\"33\" style=\"display:none;border-radius:00;; margin:5.3px; width:2150;\" ><div class=\"crop\" style=\" width:2150; height:2150; overflow:hidden;\"><img decoding=\"async\" src=\"\/wp-content\/uploads\/2023\/03\/2023.02.06.-Erasmus-KA2-READY-Portugalia-Madeira_035-215x215.jpg\" class=\"ggImg\" alt=\"2023.02.06. - Erasmus+ KA2 READY Portug\u00e1lia - Madeira_035\" title=\"2023.02.06. - Erasmus+ KA2 READY Portug\u00e1lia - Madeira_035\" data-description=\"2023.02.06. - Erasmus+ KA2 READY Portug\u00e1lia - Madeira_035\" data-caption=\"2023.02.06. - Erasmus+ KA2 READY Portug\u00e1lia - Madeira_035\" data-title=\"2023.02.06. - Erasmus+ KA2 READY Portug\u00e1lia - Madeira_035\" style=\" width:215px; height:215px;\" \/><\/div><FIGCAPTION class=\"\" data-alpha=\"5\" style=\"color:#ffffff; background-color:#6f0000; font-size:140; text-align:left; font-family:Default;\" ><div class=\"grid-gallery-figcaption-wrap\" style=\"\"><\/div><\/FIGCAPTION><\/FIGURE><FIGURE class=\"grid-gallery-caption\" data-grid-gallery-type=\"quarter-slide-up\" data-index=\"34\" style=\"display:none;border-radius:00;; margin:5.3px; width:2150;\" ><div class=\"crop\" style=\" width:2150; height:2150; overflow:hidden;\"><img decoding=\"async\" src=\"\/wp-content\/uploads\/2023\/03\/2023.02.06.-Erasmus-KA2-READY-Portugalia-Madeira_036-215x215.jpg\" class=\"ggImg\" alt=\"2023.02.06. - Erasmus+ KA2 READY Portug\u00e1lia - Madeira_036\" title=\"2023.02.06. - Erasmus+ KA2 READY Portug\u00e1lia - Madeira_036\" data-description=\"2023.02.06. - Erasmus+ KA2 READY Portug\u00e1lia - Madeira_036\" data-caption=\"2023.02.06. - Erasmus+ KA2 READY Portug\u00e1lia - Madeira_036\" data-title=\"2023.02.06. - Erasmus+ KA2 READY Portug\u00e1lia - Madeira_036\" style=\" width:215px; height:215px;\" \/><\/div><FIGCAPTION class=\"\" data-alpha=\"5\" style=\"color:#ffffff; background-color:#6f0000; font-size:140; text-align:left; font-family:Default;\" ><div class=\"grid-gallery-figcaption-wrap\" style=\"\"><\/div><\/FIGCAPTION><\/FIGURE><FIGURE class=\"grid-gallery-caption\" data-grid-gallery-type=\"quarter-slide-up\" data-index=\"35\" style=\"display:none;border-radius:00;; margin:5.3px; width:2150;\" ><div class=\"crop\" style=\" width:2150; height:2150; overflow:hidden;\"><img decoding=\"async\" src=\"\/wp-content\/uploads\/2023\/03\/2023.02.06.-Erasmus-KA2-READY-Portugalia-Madeira_037-215x215.jpg\" class=\"ggImg\" alt=\"2023.02.06. - Erasmus+ KA2 READY Portug\u00e1lia - Madeira_037\" title=\"2023.02.06. - Erasmus+ KA2 READY Portug\u00e1lia - Madeira_037\" data-description=\"2023.02.06. - Erasmus+ KA2 READY Portug\u00e1lia - Madeira_037\" data-caption=\"2023.02.06. - Erasmus+ KA2 READY Portug\u00e1lia - Madeira_037\" data-title=\"2023.02.06. - Erasmus+ KA2 READY Portug\u00e1lia - Madeira_037\" style=\" width:215px; height:215px;\" \/><\/div><FIGCAPTION class=\"\" data-alpha=\"5\" style=\"color:#ffffff; background-color:#6f0000; font-size:140; text-align:left; font-family:Default;\" ><div class=\"grid-gallery-figcaption-wrap\" style=\"\"><\/div><\/FIGCAPTION><\/FIGURE><FIGURE class=\"grid-gallery-caption\" data-grid-gallery-type=\"quarter-slide-up\" data-index=\"36\" style=\"display:none;border-radius:00;; margin:5.3px; width:2150;\" ><div class=\"crop\" style=\" width:2150; height:2150; overflow:hidden;\"><img decoding=\"async\" src=\"\/wp-content\/uploads\/2023\/03\/2023.02.06.-Erasmus-KA2-READY-Portugalia-Madeira_038-215x215.jpg\" class=\"ggImg\" alt=\"2023.02.06. - Erasmus+ KA2 READY Portug\u00e1lia - Madeira_038\" title=\"2023.02.06. - Erasmus+ KA2 READY Portug\u00e1lia - Madeira_038\" data-description=\"2023.02.06. - Erasmus+ KA2 READY Portug\u00e1lia - Madeira_038\" data-caption=\"2023.02.06. - Erasmus+ KA2 READY Portug\u00e1lia - Madeira_038\" data-title=\"2023.02.06. - Erasmus+ KA2 READY Portug\u00e1lia - Madeira_038\" style=\" width:215px; height:215px;\" \/><\/div><FIGCAPTION class=\"\" data-alpha=\"5\" style=\"color:#ffffff; background-color:#6f0000; font-size:140; text-align:left; font-family:Default;\" ><div class=\"grid-gallery-figcaption-wrap\" style=\"\"><\/div><\/FIGCAPTION><\/FIGURE><FIGURE class=\"grid-gallery-caption\" data-grid-gallery-type=\"quarter-slide-up\" data-index=\"37\" style=\"display:none;border-radius:00;; margin:5.3px; width:2150;\" ><div class=\"crop\" style=\" width:2150; height:2150; overflow:hidden;\"><img decoding=\"async\" src=\"\/wp-content\/uploads\/2023\/03\/2023.02.06.-Erasmus-KA2-READY-Portugalia-Madeira_039-215x215.jpg\" class=\"ggImg\" alt=\"2023.02.06. - Erasmus+ KA2 READY Portug\u00e1lia - Madeira_039\" title=\"2023.02.06. - Erasmus+ KA2 READY Portug\u00e1lia - Madeira_039\" data-description=\"2023.02.06. - Erasmus+ KA2 READY Portug\u00e1lia - Madeira_039\" data-caption=\"2023.02.06. - Erasmus+ KA2 READY Portug\u00e1lia - Madeira_039\" data-title=\"2023.02.06. - Erasmus+ KA2 READY Portug\u00e1lia - Madeira_039\" style=\" width:215px; height:215px;\" \/><\/div><FIGCAPTION class=\"\" data-alpha=\"5\" style=\"color:#ffffff; background-color:#6f0000; font-size:140; text-align:left; font-family:Default;\" ><div class=\"grid-gallery-figcaption-wrap\" style=\"\"><\/div><\/FIGCAPTION><\/FIGURE><FIGURE class=\"grid-gallery-caption\" data-grid-gallery-type=\"quarter-slide-up\" data-index=\"38\" style=\"display:none;border-radius:00;; margin:5.3px; width:2150;\" ><div class=\"crop\" style=\" width:2150; height:2150; overflow:hidden;\"><img decoding=\"async\" src=\"\/wp-content\/uploads\/2023\/03\/2023.02.06.-Erasmus-KA2-READY-Portugalia-Madeira_040-215x215.jpg\" class=\"ggImg\" alt=\"2023.02.06. - Erasmus+ KA2 READY Portug\u00e1lia - Madeira_040\" title=\"2023.02.06. - Erasmus+ KA2 READY Portug\u00e1lia - Madeira_040\" data-description=\"2023.02.06. - Erasmus+ KA2 READY Portug\u00e1lia - Madeira_040\" data-caption=\"2023.02.06. - Erasmus+ KA2 READY Portug\u00e1lia - Madeira_040\" data-title=\"2023.02.06. - Erasmus+ KA2 READY Portug\u00e1lia - Madeira_040\" style=\" width:215px; height:215px;\" \/><\/div><FIGCAPTION class=\"\" data-alpha=\"5\" style=\"color:#ffffff; background-color:#6f0000; font-size:140; text-align:left; font-family:Default;\" ><div class=\"grid-gallery-figcaption-wrap\" style=\"\"><\/div><\/FIGCAPTION><\/FIGURE><FIGURE class=\"grid-gallery-caption\" data-grid-gallery-type=\"quarter-slide-up\" data-index=\"39\" style=\"display:none;border-radius:00;; margin:5.3px; width:2150;\" ><div class=\"crop\" style=\" width:2150; height:2150; overflow:hidden;\"><img decoding=\"async\" src=\"\/wp-content\/uploads\/2023\/03\/2023.02.06.-Erasmus-KA2-READY-Portugalia-Madeira_041-215x215.jpg\" class=\"ggImg\" alt=\"2023.02.06. - Erasmus+ KA2 READY Portug\u00e1lia - Madeira_041\" title=\"2023.02.06. - Erasmus+ KA2 READY Portug\u00e1lia - Madeira_041\" data-description=\"2023.02.06. - Erasmus+ KA2 READY Portug\u00e1lia - Madeira_041\" data-caption=\"2023.02.06. - Erasmus+ KA2 READY Portug\u00e1lia - Madeira_041\" data-title=\"2023.02.06. - Erasmus+ KA2 READY Portug\u00e1lia - Madeira_041\" style=\" width:215px; height:215px;\" \/><\/div><FIGCAPTION class=\"\" data-alpha=\"5\" style=\"color:#ffffff; background-color:#6f0000; font-size:140; text-align:left; font-family:Default;\" ><div class=\"grid-gallery-figcaption-wrap\" style=\"\"><\/div><\/FIGCAPTION><\/FIGURE><FIGURE class=\"grid-gallery-caption\" data-grid-gallery-type=\"quarter-slide-up\" data-index=\"40\" style=\"display:none;border-radius:00;; margin:5.3px; width:2150;\" ><div class=\"crop\" style=\" width:2150; height:2150; overflow:hidden;\"><img decoding=\"async\" src=\"\/wp-content\/uploads\/2023\/03\/2023.02.06.-Erasmus-KA2-READY-Portugalia-Madeira_042-215x215.jpg\" class=\"ggImg\" alt=\"2023.02.06. - Erasmus+ KA2 READY Portug\u00e1lia - Madeira_042\" title=\"2023.02.06. - Erasmus+ KA2 READY Portug\u00e1lia - Madeira_042\" data-description=\"2023.02.06. - Erasmus+ KA2 READY Portug\u00e1lia - Madeira_042\" data-caption=\"2023.02.06. - Erasmus+ KA2 READY Portug\u00e1lia - Madeira_042\" data-title=\"2023.02.06. - Erasmus+ KA2 READY Portug\u00e1lia - Madeira_042\" style=\" width:215px; height:215px;\" \/><\/div><FIGCAPTION class=\"\" data-alpha=\"5\" style=\"color:#ffffff; background-color:#6f0000; font-size:140; text-align:left; font-family:Default;\" ><div class=\"grid-gallery-figcaption-wrap\" style=\"\"><\/div><\/FIGCAPTION><\/FIGURE><FIGURE class=\"grid-gallery-caption\" data-grid-gallery-type=\"quarter-slide-up\" data-index=\"41\" style=\"display:none;border-radius:00;; margin:5.3px; width:2150;\" ><div class=\"crop\" style=\" width:2150; height:2150; overflow:hidden;\"><img decoding=\"async\" src=\"\/wp-content\/uploads\/2023\/03\/2023.02.06.-Erasmus-KA2-READY-Portugalia-Madeira_043-215x215.jpg\" class=\"ggImg\" alt=\"2023.02.06. - Erasmus+ KA2 READY Portug\u00e1lia - Madeira_043\" title=\"2023.02.06. - Erasmus+ KA2 READY Portug\u00e1lia - Madeira_043\" data-description=\"2023.02.06. - Erasmus+ KA2 READY Portug\u00e1lia - Madeira_043\" data-caption=\"2023.02.06. - Erasmus+ KA2 READY Portug\u00e1lia - Madeira_043\" data-title=\"2023.02.06. - Erasmus+ KA2 READY Portug\u00e1lia - Madeira_043\" style=\" width:215px; height:215px;\" \/><\/div><FIGCAPTION class=\"\" data-alpha=\"5\" style=\"color:#ffffff; background-color:#6f0000; font-size:140; text-align:left; font-family:Default;\" ><div class=\"grid-gallery-figcaption-wrap\" style=\"\"><\/div><\/FIGCAPTION><\/FIGURE><FIGURE class=\"grid-gallery-caption\" data-grid-gallery-type=\"quarter-slide-up\" data-index=\"42\" style=\"display:none;border-radius:00;; margin:5.3px; width:2150;\" ><div class=\"crop\" style=\" width:2150; height:2150; overflow:hidden;\"><img decoding=\"async\" src=\"\/wp-content\/uploads\/2023\/03\/2023.02.06.-Erasmus-KA2-READY-Portugalia-Madeira_044-215x215.jpg\" class=\"ggImg\" alt=\"2023.02.06. - Erasmus+ KA2 READY Portug\u00e1lia - Madeira_044\" title=\"2023.02.06. - Erasmus+ KA2 READY Portug\u00e1lia - Madeira_044\" data-description=\"2023.02.06. - Erasmus+ KA2 READY Portug\u00e1lia - Madeira_044\" data-caption=\"2023.02.06. - Erasmus+ KA2 READY Portug\u00e1lia - Madeira_044\" data-title=\"2023.02.06. - Erasmus+ KA2 READY Portug\u00e1lia - Madeira_044\" style=\" width:215px; height:215px;\" \/><\/div><FIGCAPTION class=\"\" data-alpha=\"5\" style=\"color:#ffffff; background-color:#6f0000; font-size:140; text-align:left; font-family:Default;\" ><div class=\"grid-gallery-figcaption-wrap\" style=\"\"><\/div><\/FIGCAPTION><\/FIGURE><FIGURE class=\"grid-gallery-caption\" data-grid-gallery-type=\"quarter-slide-up\" data-index=\"43\" style=\"display:none;border-radius:00;; margin:5.3px; width:2150;\" ><div class=\"crop\" style=\" width:2150; height:2150; overflow:hidden;\"><img decoding=\"async\" src=\"\/wp-content\/uploads\/2023\/03\/2023.02.06.-Erasmus-KA2-READY-Portugalia-Madeira_045-215x215.jpg\" class=\"ggImg\" alt=\"2023.02.06. - Erasmus+ KA2 READY Portug\u00e1lia - Madeira_045\" title=\"2023.02.06. - Erasmus+ KA2 READY Portug\u00e1lia - Madeira_045\" data-description=\"2023.02.06. - Erasmus+ KA2 READY Portug\u00e1lia - Madeira_045\" data-caption=\"2023.02.06. - Erasmus+ KA2 READY Portug\u00e1lia - Madeira_045\" data-title=\"2023.02.06. - Erasmus+ KA2 READY Portug\u00e1lia - Madeira_045\" style=\" width:215px; height:215px;\" \/><\/div><FIGCAPTION class=\"\" data-alpha=\"5\" style=\"color:#ffffff; background-color:#6f0000; font-size:140; text-align:left; font-family:Default;\" ><div class=\"grid-gallery-figcaption-wrap\" style=\"\"><\/div><\/FIGCAPTION><\/FIGURE><FIGURE class=\"grid-gallery-caption\" data-grid-gallery-type=\"quarter-slide-up\" data-index=\"44\" style=\"display:none;border-radius:00;; margin:5.3px; width:2150;\" ><div class=\"crop\" style=\" width:2150; height:2150; overflow:hidden;\"><img decoding=\"async\" src=\"\/wp-content\/uploads\/2023\/03\/2023.02.06.-Erasmus-KA2-READY-Portugalia-Madeira_046-215x215.jpg\" class=\"ggImg\" alt=\"2023.02.06. - Erasmus+ KA2 READY Portug\u00e1lia - Madeira_046\" title=\"2023.02.06. - Erasmus+ KA2 READY Portug\u00e1lia - Madeira_046\" data-description=\"2023.02.06. - Erasmus+ KA2 READY Portug\u00e1lia - Madeira_046\" data-caption=\"2023.02.06. - Erasmus+ KA2 READY Portug\u00e1lia - Madeira_046\" data-title=\"2023.02.06. - Erasmus+ KA2 READY Portug\u00e1lia - Madeira_046\" style=\" width:215px; height:215px;\" \/><\/div><FIGCAPTION class=\"\" data-alpha=\"5\" style=\"color:#ffffff; background-color:#6f0000; font-size:140; text-align:left; font-family:Default;\" ><div class=\"grid-gallery-figcaption-wrap\" style=\"\"><\/div><\/FIGCAPTION><\/FIGURE><FIGURE class=\"grid-gallery-caption\" data-grid-gallery-type=\"quarter-slide-up\" data-index=\"45\" style=\"display:none;border-radius:00;; margin:5.3px; width:2150;\" ><div class=\"crop\" style=\" width:2150; height:2150; overflow:hidden;\"><img decoding=\"async\" src=\"\/wp-content\/uploads\/2023\/03\/2023.02.06.-Erasmus-KA2-READY-Portugalia-Madeira_047-215x215.jpg\" class=\"ggImg\" alt=\"2023.02.06. - Erasmus+ KA2 READY Portug\u00e1lia - Madeira_047\" title=\"2023.02.06. - Erasmus+ KA2 READY Portug\u00e1lia - Madeira_047\" data-description=\"2023.02.06. - Erasmus+ KA2 READY Portug\u00e1lia - Madeira_047\" data-caption=\"2023.02.06. - Erasmus+ KA2 READY Portug\u00e1lia - Madeira_047\" data-title=\"2023.02.06. - Erasmus+ KA2 READY Portug\u00e1lia - Madeira_047\" style=\" width:215px; height:215px;\" \/><\/div><FIGCAPTION class=\"\" data-alpha=\"5\" style=\"color:#ffffff; background-color:#6f0000; font-size:140; text-align:left; font-family:Default;\" ><div class=\"grid-gallery-figcaption-wrap\" style=\"\"><\/div><\/FIGCAPTION><\/FIGURE><FIGURE class=\"grid-gallery-caption\" data-grid-gallery-type=\"quarter-slide-up\" data-index=\"46\" style=\"display:none;border-radius:00;; margin:5.3px; width:2150;\" ><div class=\"crop\" style=\" width:2150; height:2150; overflow:hidden;\"><img decoding=\"async\" src=\"\/wp-content\/uploads\/2023\/03\/2023.02.06.-Erasmus-KA2-READY-Portugalia-Madeira_048-215x215.jpg\" class=\"ggImg\" alt=\"2023.02.06. - Erasmus+ KA2 READY Portug\u00e1lia - Madeira_048\" title=\"2023.02.06. - Erasmus+ KA2 READY Portug\u00e1lia - Madeira_048\" data-description=\"2023.02.06. - Erasmus+ KA2 READY Portug\u00e1lia - Madeira_048\" data-caption=\"2023.02.06. - Erasmus+ KA2 READY Portug\u00e1lia - Madeira_048\" data-title=\"2023.02.06. - Erasmus+ KA2 READY Portug\u00e1lia - Madeira_048\" style=\" width:215px; height:215px;\" \/><\/div><FIGCAPTION class=\"\" data-alpha=\"5\" style=\"color:#ffffff; background-color:#6f0000; font-size:140; text-align:left; font-family:Default;\" ><div class=\"grid-gallery-figcaption-wrap\" style=\"\"><\/div><\/FIGCAPTION><\/FIGURE><FIGURE class=\"grid-gallery-caption\" data-grid-gallery-type=\"quarter-slide-up\" data-index=\"47\" style=\"display:none;border-radius:00;; margin:5.3px; width:2150;\" ><div class=\"crop\" style=\" width:2150; height:2150; overflow:hidden;\"><img decoding=\"async\" src=\"\/wp-content\/uploads\/2023\/03\/2023.02.06.-Erasmus-KA2-READY-Portugalia-Madeira_049-215x215.jpg\" class=\"ggImg\" alt=\"2023.02.06. - Erasmus+ KA2 READY Portug\u00e1lia - Madeira_049\" title=\"2023.02.06. - Erasmus+ KA2 READY Portug\u00e1lia - Madeira_049\" data-description=\"2023.02.06. - Erasmus+ KA2 READY Portug\u00e1lia - Madeira_049\" data-caption=\"2023.02.06. - Erasmus+ KA2 READY Portug\u00e1lia - Madeira_049\" data-title=\"2023.02.06. - Erasmus+ KA2 READY Portug\u00e1lia - Madeira_049\" style=\" width:215px; height:215px;\" \/><\/div><FIGCAPTION class=\"\" data-alpha=\"5\" style=\"color:#ffffff; background-color:#6f0000; font-size:140; text-align:left; font-family:Default;\" ><div class=\"grid-gallery-figcaption-wrap\" style=\"\"><\/div><\/FIGCAPTION><\/FIGURE><FIGURE class=\"grid-gallery-caption\" data-grid-gallery-type=\"quarter-slide-up\" data-index=\"48\" style=\"display:none;border-radius:00;; margin:5.3px; width:2150;\" ><div class=\"crop\" style=\" width:2150; height:2150; overflow:hidden;\"><img decoding=\"async\" src=\"\/wp-content\/uploads\/2023\/03\/2023.02.06.-Erasmus-KA2-READY-Portugalia-Madeira_050-215x215.jpg\" class=\"ggImg\" alt=\"2023.02.06. - Erasmus+ KA2 READY Portug\u00e1lia - Madeira_050\" title=\"2023.02.06. - Erasmus+ KA2 READY Portug\u00e1lia - Madeira_050\" data-description=\"2023.02.06. - Erasmus+ KA2 READY Portug\u00e1lia - Madeira_050\" data-caption=\"2023.02.06. - Erasmus+ KA2 READY Portug\u00e1lia - Madeira_050\" data-title=\"2023.02.06. - Erasmus+ KA2 READY Portug\u00e1lia - Madeira_050\" style=\" width:215px; height:215px;\" \/><\/div><FIGCAPTION class=\"\" data-alpha=\"5\" style=\"color:#ffffff; background-color:#6f0000; font-size:140; text-align:left; font-family:Default;\" ><div class=\"grid-gallery-figcaption-wrap\" style=\"\"><\/div><\/FIGCAPTION><\/FIGURE><FIGURE class=\"grid-gallery-caption\" data-grid-gallery-type=\"quarter-slide-up\" data-index=\"49\" style=\"display:none;border-radius:00;; margin:5.3px; width:2150;\" ><div class=\"crop\" style=\" width:2150; height:2150; overflow:hidden;\"><img decoding=\"async\" src=\"\/wp-content\/uploads\/2023\/03\/2023.02.06.-Erasmus-KA2-READY-Portugalia-Madeira_051-215x215.jpg\" class=\"ggImg\" alt=\"2023.02.06. - Erasmus+ KA2 READY Portug\u00e1lia - Madeira_051\" title=\"2023.02.06. - Erasmus+ KA2 READY Portug\u00e1lia - Madeira_051\" data-description=\"2023.02.06. - Erasmus+ KA2 READY Portug\u00e1lia - Madeira_051\" data-caption=\"2023.02.06. - Erasmus+ KA2 READY Portug\u00e1lia - Madeira_051\" data-title=\"2023.02.06. - Erasmus+ KA2 READY Portug\u00e1lia - Madeira_051\" style=\" width:215px; height:215px;\" \/><\/div><FIGCAPTION class=\"\" data-alpha=\"5\" style=\"color:#ffffff; background-color:#6f0000; font-size:140; text-align:left; font-family:Default;\" ><div class=\"grid-gallery-figcaption-wrap\" style=\"\"><\/div><\/FIGCAPTION><\/FIGURE><FIGURE class=\"grid-gallery-caption\" data-grid-gallery-type=\"quarter-slide-up\" data-index=\"50\" style=\"display:none;border-radius:00;; margin:5.3px; width:2150;\" ><div class=\"crop\" style=\" width:2150; height:2150; overflow:hidden;\"><img decoding=\"async\" src=\"\/wp-content\/uploads\/2023\/03\/2023.02.06.-Erasmus-KA2-READY-Portugalia-Madeira_052-215x215.jpg\" class=\"ggImg\" alt=\"2023.02.06. - Erasmus+ KA2 READY Portug\u00e1lia - Madeira_052\" title=\"2023.02.06. - Erasmus+ KA2 READY Portug\u00e1lia - Madeira_052\" data-description=\"2023.02.06. - Erasmus+ KA2 READY Portug\u00e1lia - Madeira_052\" data-caption=\"2023.02.06. - Erasmus+ KA2 READY Portug\u00e1lia - Madeira_052\" data-title=\"2023.02.06. - Erasmus+ KA2 READY Portug\u00e1lia - Madeira_052\" style=\" width:215px; height:215px;\" \/><\/div><FIGCAPTION class=\"\" data-alpha=\"5\" style=\"color:#ffffff; background-color:#6f0000; font-size:140; text-align:left; font-family:Default;\" ><div class=\"grid-gallery-figcaption-wrap\" style=\"\"><\/div><\/FIGCAPTION><\/FIGURE><FIGURE class=\"grid-gallery-caption\" data-grid-gallery-type=\"quarter-slide-up\" data-index=\"51\" style=\"display:none;border-radius:00;; margin:5.3px; width:2150;\" ><div class=\"crop\" style=\" width:2150; height:2150; overflow:hidden;\"><img decoding=\"async\" src=\"\/wp-content\/uploads\/2023\/03\/2023.02.06.-Erasmus-KA2-READY-Portugalia-Madeira_053-215x215.jpg\" class=\"ggImg\" alt=\"2023.02.06. - Erasmus+ KA2 READY Portug\u00e1lia - Madeira_053\" title=\"2023.02.06. - Erasmus+ KA2 READY Portug\u00e1lia - Madeira_053\" data-description=\"2023.02.06. - Erasmus+ KA2 READY Portug\u00e1lia - Madeira_053\" data-caption=\"2023.02.06. - Erasmus+ KA2 READY Portug\u00e1lia - Madeira_053\" data-title=\"2023.02.06. - Erasmus+ KA2 READY Portug\u00e1lia - Madeira_053\" style=\" width:215px; height:215px;\" \/><\/div><FIGCAPTION class=\"\" data-alpha=\"5\" style=\"color:#ffffff; background-color:#6f0000; font-size:140; text-align:left; font-family:Default;\" ><div class=\"grid-gallery-figcaption-wrap\" style=\"\"><\/div><\/FIGCAPTION><\/FIGURE><FIGURE class=\"grid-gallery-caption\" data-grid-gallery-type=\"quarter-slide-up\" data-index=\"52\" style=\"display:none;border-radius:00;; margin:5.3px; width:2150;\" ><div class=\"crop\" style=\" width:2150; height:2150; overflow:hidden;\"><img decoding=\"async\" src=\"\/wp-content\/uploads\/2023\/03\/2023.02.06.-Erasmus-KA2-READY-Portugalia-Madeira_054-215x215.jpg\" class=\"ggImg\" alt=\"2023.02.06. - Erasmus+ KA2 READY Portug\u00e1lia - Madeira_054\" title=\"2023.02.06. - Erasmus+ KA2 READY Portug\u00e1lia - Madeira_054\" data-description=\"2023.02.06. - Erasmus+ KA2 READY Portug\u00e1lia - Madeira_054\" data-caption=\"2023.02.06. - Erasmus+ KA2 READY Portug\u00e1lia - Madeira_054\" data-title=\"2023.02.06. - Erasmus+ KA2 READY Portug\u00e1lia - Madeira_054\" style=\" width:215px; height:215px;\" \/><\/div><FIGCAPTION class=\"\" data-alpha=\"5\" style=\"color:#ffffff; background-color:#6f0000; font-size:140; text-align:left; font-family:Default;\" ><div class=\"grid-gallery-figcaption-wrap\" style=\"\"><\/div><\/FIGCAPTION><\/FIGURE><FIGURE class=\"grid-gallery-caption\" data-grid-gallery-type=\"quarter-slide-up\" data-index=\"53\" style=\"display:none;border-radius:00;; margin:5.3px; width:2150;\" ><div class=\"crop\" style=\" width:2150; height:2150; overflow:hidden;\"><img decoding=\"async\" src=\"\/wp-content\/uploads\/2023\/03\/2023.02.06.-Erasmus-KA2-READY-Portugalia-Madeira_055-215x215.jpg\" class=\"ggImg\" alt=\"2023.02.06. - Erasmus+ KA2 READY Portug\u00e1lia - Madeira_055\" title=\"2023.02.06. - Erasmus+ KA2 READY Portug\u00e1lia - Madeira_055\" data-description=\"2023.02.06. - Erasmus+ KA2 READY Portug\u00e1lia - Madeira_055\" data-caption=\"2023.02.06. - Erasmus+ KA2 READY Portug\u00e1lia - Madeira_055\" data-title=\"2023.02.06. - Erasmus+ KA2 READY Portug\u00e1lia - Madeira_055\" style=\" width:215px; height:215px;\" \/><\/div><FIGCAPTION class=\"\" data-alpha=\"5\" style=\"color:#ffffff; background-color:#6f0000; font-size:140; text-align:left; font-family:Default;\" ><div class=\"grid-gallery-figcaption-wrap\" style=\"\"><\/div><\/FIGCAPTION><\/FIGURE><FIGURE class=\"grid-gallery-caption\" data-grid-gallery-type=\"quarter-slide-up\" data-index=\"54\" style=\"display:none;border-radius:00;; margin:5.3px; width:2150;\" ><div class=\"crop\" style=\" width:2150; height:2150; overflow:hidden;\"><img decoding=\"async\" src=\"\/wp-content\/uploads\/2023\/03\/2023.02.06.-Erasmus-KA2-READY-Portugalia-Madeira_056-scaled-215x215.jpg\" class=\"ggImg\" alt=\"2023.02.06. - Erasmus+ KA2 READY Portug\u00e1lia - Madeira_056\" title=\"2023.02.06. - Erasmus+ KA2 READY Portug\u00e1lia - Madeira_056\" data-description=\"2023.02.06. - Erasmus+ KA2 READY Portug\u00e1lia - Madeira_056\" data-caption=\"2023.02.06. - Erasmus+ KA2 READY Portug\u00e1lia - Madeira_056\" data-title=\"2023.02.06. - Erasmus+ KA2 READY Portug\u00e1lia - Madeira_056\" style=\" width:215px; height:215px;\" \/><\/div><FIGCAPTION class=\"\" data-alpha=\"5\" style=\"color:#ffffff; background-color:#6f0000; font-size:140; text-align:left; font-family:Default;\" ><div class=\"grid-gallery-figcaption-wrap\" style=\"\"><\/div><\/FIGCAPTION><\/FIGURE><FIGURE class=\"grid-gallery-caption\" data-grid-gallery-type=\"quarter-slide-up\" data-index=\"55\" style=\"display:none;border-radius:00;; margin:5.3px; width:2150;\" ><div class=\"crop\" style=\" width:2150; height:2150; overflow:hidden;\"><img decoding=\"async\" src=\"\/wp-content\/uploads\/2023\/03\/2023.02.06.-Erasmus-KA2-READY-Portugalia-Madeira_057-215x215.jpg\" class=\"ggImg\" alt=\"2023.02.06. - Erasmus+ KA2 READY Portug\u00e1lia - Madeira_057\" title=\"2023.02.06. - Erasmus+ KA2 READY Portug\u00e1lia - Madeira_057\" data-description=\"2023.02.06. - Erasmus+ KA2 READY Portug\u00e1lia - Madeira_057\" data-caption=\"2023.02.06. - Erasmus+ KA2 READY Portug\u00e1lia - Madeira_057\" data-title=\"2023.02.06. - Erasmus+ KA2 READY Portug\u00e1lia - Madeira_057\" style=\" width:215px; height:215px;\" \/><\/div><FIGCAPTION class=\"\" data-alpha=\"5\" style=\"color:#ffffff; background-color:#6f0000; font-size:140; text-align:left; font-family:Default;\" ><div class=\"grid-gallery-figcaption-wrap\" style=\"\"><\/div><\/FIGCAPTION><\/FIGURE><FIGURE class=\"grid-gallery-caption\" data-grid-gallery-type=\"quarter-slide-up\" data-index=\"56\" style=\"display:none;border-radius:00;; margin:5.3px; width:2150;\" ><div class=\"crop\" style=\" width:2150; height:2150; overflow:hidden;\"><img decoding=\"async\" src=\"\/wp-content\/uploads\/2023\/03\/2023.02.06.-Erasmus-KA2-READY-Portugalia-Madeira_058-215x215.jpg\" class=\"ggImg\" alt=\"2023.02.06. - Erasmus+ KA2 READY Portug\u00e1lia - Madeira_058\" title=\"2023.02.06. - Erasmus+ KA2 READY Portug\u00e1lia - Madeira_058\" data-description=\"2023.02.06. - Erasmus+ KA2 READY Portug\u00e1lia - Madeira_058\" data-caption=\"2023.02.06. - Erasmus+ KA2 READY Portug\u00e1lia - Madeira_058\" data-title=\"2023.02.06. - Erasmus+ KA2 READY Portug\u00e1lia - Madeira_058\" style=\" width:215px; height:215px;\" \/><\/div><FIGCAPTION class=\"\" data-alpha=\"5\" style=\"color:#ffffff; background-color:#6f0000; font-size:140; text-align:left; font-family:Default;\" ><div class=\"grid-gallery-figcaption-wrap\" style=\"\"><\/div><\/FIGCAPTION><\/FIGURE><FIGURE class=\"grid-gallery-caption\" data-grid-gallery-type=\"quarter-slide-up\" data-index=\"57\" style=\"display:none;border-radius:00;; margin:5.3px; width:2150;\" ><div class=\"crop\" style=\" width:2150; height:2150; overflow:hidden;\"><img decoding=\"async\" src=\"\/wp-content\/uploads\/2023\/03\/2023.02.06.-Erasmus-KA2-READY-Portugalia-Madeira_059-215x215.jpg\" class=\"ggImg\" alt=\"2023.02.06. - Erasmus+ KA2 READY Portug\u00e1lia - Madeira_059\" title=\"2023.02.06. - Erasmus+ KA2 READY Portug\u00e1lia - Madeira_059\" data-description=\"2023.02.06. - Erasmus+ KA2 READY Portug\u00e1lia - Madeira_059\" data-caption=\"2023.02.06. - Erasmus+ KA2 READY Portug\u00e1lia - Madeira_059\" data-title=\"2023.02.06. - Erasmus+ KA2 READY Portug\u00e1lia - Madeira_059\" style=\" width:215px; height:215px;\" \/><\/div><FIGCAPTION class=\"\" data-alpha=\"5\" style=\"color:#ffffff; background-color:#6f0000; font-size:140; text-align:left; font-family:Default;\" ><div class=\"grid-gallery-figcaption-wrap\" style=\"\"><\/div><\/FIGCAPTION><\/FIGURE><FIGURE class=\"grid-gallery-caption\" data-grid-gallery-type=\"quarter-slide-up\" data-index=\"58\" style=\"display:none;border-radius:00;; margin:5.3px; width:2150;\" ><div class=\"crop\" style=\" width:2150; height:2150; overflow:hidden;\"><img decoding=\"async\" src=\"\/wp-content\/uploads\/2023\/03\/2023.02.06.-Erasmus-KA2-READY-Portugalia-Madeira_060-215x215.jpg\" class=\"ggImg\" alt=\"2023.02.06. - Erasmus+ KA2 READY Portug\u00e1lia - Madeira_060\" title=\"2023.02.06. - Erasmus+ KA2 READY Portug\u00e1lia - Madeira_060\" data-description=\"2023.02.06. - Erasmus+ KA2 READY Portug\u00e1lia - Madeira_060\" data-caption=\"2023.02.06. - Erasmus+ KA2 READY Portug\u00e1lia - Madeira_060\" data-title=\"2023.02.06. - Erasmus+ KA2 READY Portug\u00e1lia - Madeira_060\" style=\" width:215px; height:215px;\" \/><\/div><FIGCAPTION class=\"\" data-alpha=\"5\" style=\"color:#ffffff; background-color:#6f0000; font-size:140; text-align:left; font-family:Default;\" ><div class=\"grid-gallery-figcaption-wrap\" style=\"\"><\/div><\/FIGCAPTION><\/FIGURE><FIGURE class=\"grid-gallery-caption\" data-grid-gallery-type=\"quarter-slide-up\" data-index=\"59\" style=\"display:none;border-radius:00;; margin:5.3px; width:2150;\" ><div class=\"crop\" style=\" width:2150; height:2150; overflow:hidden;\"><img decoding=\"async\" src=\"\/wp-content\/uploads\/2023\/03\/2023.02.06.-Erasmus-KA2-READY-Portugalia-Madeira_061-215x215.jpg\" class=\"ggImg\" alt=\"2023.02.06. - Erasmus+ KA2 READY Portug\u00e1lia - Madeira_061\" title=\"2023.02.06. - Erasmus+ KA2 READY Portug\u00e1lia - Madeira_061\" data-description=\"2023.02.06. - Erasmus+ KA2 READY Portug\u00e1lia - Madeira_061\" data-caption=\"2023.02.06. - Erasmus+ KA2 READY Portug\u00e1lia - Madeira_061\" data-title=\"2023.02.06. - Erasmus+ KA2 READY Portug\u00e1lia - Madeira_061\" style=\" width:215px; height:215px;\" \/><\/div><FIGCAPTION class=\"\" data-alpha=\"5\" style=\"color:#ffffff; background-color:#6f0000; font-size:140; text-align:left; font-family:Default;\" ><div class=\"grid-gallery-figcaption-wrap\" style=\"\"><\/div><\/FIGCAPTION><\/FIGURE><FIGURE class=\"grid-gallery-caption\" data-grid-gallery-type=\"quarter-slide-up\" data-index=\"60\" style=\"display:none;border-radius:00;; margin:5.3px; width:2150;\" ><div class=\"crop\" style=\" width:2150; height:2150; overflow:hidden;\"><img decoding=\"async\" src=\"\/wp-content\/uploads\/2023\/03\/2023.02.06.-Erasmus-KA2-READY-Portugalia-Madeira_062-215x215.jpg\" class=\"ggImg\" alt=\"2023.02.06. - Erasmus+ KA2 READY Portug\u00e1lia - Madeira_062\" title=\"2023.02.06. - Erasmus+ KA2 READY Portug\u00e1lia - Madeira_062\" data-description=\"2023.02.06. - Erasmus+ KA2 READY Portug\u00e1lia - Madeira_062\" data-caption=\"2023.02.06. - Erasmus+ KA2 READY Portug\u00e1lia - Madeira_062\" data-title=\"2023.02.06. - Erasmus+ KA2 READY Portug\u00e1lia - Madeira_062\" style=\" width:215px; height:215px;\" \/><\/div><FIGCAPTION class=\"\" data-alpha=\"5\" style=\"color:#ffffff; background-color:#6f0000; font-size:140; text-align:left; font-family:Default;\" ><div class=\"grid-gallery-figcaption-wrap\" style=\"\"><\/div><\/FIGCAPTION><\/FIGURE><FIGURE class=\"grid-gallery-caption\" data-grid-gallery-type=\"quarter-slide-up\" data-index=\"61\" style=\"display:none;border-radius:00;; margin:5.3px; width:2150;\" ><div class=\"crop\" style=\" width:2150; height:2150; overflow:hidden;\"><img decoding=\"async\" src=\"\/wp-content\/uploads\/2023\/03\/2023.02.06.-Erasmus-KA2-READY-Portugalia-Madeira_063-215x215.jpg\" class=\"ggImg\" alt=\"2023.02.06. - Erasmus+ KA2 READY Portug\u00e1lia - Madeira_063\" title=\"2023.02.06. - Erasmus+ KA2 READY Portug\u00e1lia - Madeira_063\" data-description=\"2023.02.06. - Erasmus+ KA2 READY Portug\u00e1lia - Madeira_063\" data-caption=\"2023.02.06. - Erasmus+ KA2 READY Portug\u00e1lia - Madeira_063\" data-title=\"2023.02.06. - Erasmus+ KA2 READY Portug\u00e1lia - Madeira_063\" style=\" width:215px; height:215px;\" \/><\/div><FIGCAPTION class=\"\" data-alpha=\"5\" style=\"color:#ffffff; background-color:#6f0000; font-size:140; text-align:left; font-family:Default;\" ><div class=\"grid-gallery-figcaption-wrap\" style=\"\"><\/div><\/FIGCAPTION><\/FIGURE><FIGURE class=\"grid-gallery-caption\" data-grid-gallery-type=\"quarter-slide-up\" data-index=\"62\" style=\"display:none;border-radius:00;; margin:5.3px; width:2150;\" ><div class=\"crop\" style=\" width:2150; height:2150; overflow:hidden;\"><img decoding=\"async\" src=\"\/wp-content\/uploads\/2023\/03\/2023.02.06.-Erasmus-KA2-READY-Portugalia-Madeira_064-215x215.jpg\" class=\"ggImg\" alt=\"2023.02.06. - Erasmus+ KA2 READY Portug\u00e1lia - Madeira_064\" title=\"2023.02.06. - Erasmus+ KA2 READY Portug\u00e1lia - Madeira_064\" data-description=\"2023.02.06. - Erasmus+ KA2 READY Portug\u00e1lia - Madeira_064\" data-caption=\"2023.02.06. - Erasmus+ KA2 READY Portug\u00e1lia - Madeira_064\" data-title=\"2023.02.06. - Erasmus+ KA2 READY Portug\u00e1lia - Madeira_064\" style=\" width:215px; height:215px;\" \/><\/div><FIGCAPTION class=\"\" data-alpha=\"5\" style=\"color:#ffffff; background-color:#6f0000; font-size:140; text-align:left; font-family:Default;\" ><div class=\"grid-gallery-figcaption-wrap\" style=\"\"><\/div><\/FIGCAPTION><\/FIGURE><FIGURE class=\"grid-gallery-caption\" data-grid-gallery-type=\"quarter-slide-up\" data-index=\"63\" style=\"display:none;border-radius:00;; margin:5.3px; width:2150;\" ><div class=\"crop\" style=\" width:2150; height:2150; overflow:hidden;\"><img decoding=\"async\" src=\"\/wp-content\/uploads\/2023\/03\/2023.02.06.-Erasmus-KA2-READY-Portugalia-Madeira_065-215x215.jpg\" class=\"ggImg\" alt=\"2023.02.06. - Erasmus+ KA2 READY Portug\u00e1lia - Madeira_065\" title=\"2023.02.06. - Erasmus+ KA2 READY Portug\u00e1lia - Madeira_065\" data-description=\"2023.02.06. - Erasmus+ KA2 READY Portug\u00e1lia - Madeira_065\" data-caption=\"2023.02.06. - Erasmus+ KA2 READY Portug\u00e1lia - Madeira_065\" data-title=\"2023.02.06. - Erasmus+ KA2 READY Portug\u00e1lia - Madeira_065\" style=\" width:215px; height:215px;\" \/><\/div><FIGCAPTION class=\"\" data-alpha=\"5\" style=\"color:#ffffff; background-color:#6f0000; font-size:140; text-align:left; font-family:Default;\" ><div class=\"grid-gallery-figcaption-wrap\" style=\"\"><\/div><\/FIGCAPTION><\/FIGURE><FIGURE class=\"grid-gallery-caption\" data-grid-gallery-type=\"quarter-slide-up\" data-index=\"64\" style=\"display:none;border-radius:00;; margin:5.3px; width:2150;\" ><div class=\"crop\" style=\" width:2150; height:2150; overflow:hidden;\"><img decoding=\"async\" src=\"\/wp-content\/uploads\/2023\/03\/2023.02.06.-Erasmus-KA2-READY-Portugalia-Madeira_066-215x215.jpg\" class=\"ggImg\" alt=\"2023.02.06. - Erasmus+ KA2 READY Portug\u00e1lia - Madeira_066\" title=\"2023.02.06. - Erasmus+ KA2 READY Portug\u00e1lia - Madeira_066\" data-description=\"2023.02.06. - Erasmus+ KA2 READY Portug\u00e1lia - Madeira_066\" data-caption=\"2023.02.06. - Erasmus+ KA2 READY Portug\u00e1lia - Madeira_066\" data-title=\"2023.02.06. - Erasmus+ KA2 READY Portug\u00e1lia - Madeira_066\" style=\" width:215px; height:215px;\" \/><\/div><FIGCAPTION class=\"\" data-alpha=\"5\" style=\"color:#ffffff; background-color:#6f0000; font-size:140; text-align:left; font-family:Default;\" ><div class=\"grid-gallery-figcaption-wrap\" style=\"\"><\/div><\/FIGCAPTION><\/FIGURE><FIGURE class=\"grid-gallery-caption\" data-grid-gallery-type=\"quarter-slide-up\" data-index=\"65\" style=\"display:none;border-radius:00;; margin:5.3px; width:2150;\" ><div class=\"crop\" style=\" width:2150; height:2150; overflow:hidden;\"><img decoding=\"async\" src=\"\/wp-content\/uploads\/2023\/03\/2023.02.06.-Erasmus-KA2-READY-Portugalia-Madeira_068-215x215.jpg\" class=\"ggImg\" alt=\"2023.02.06. - Erasmus+ KA2 READY Portug\u00e1lia - Madeira_068\" title=\"2023.02.06. - Erasmus+ KA2 READY Portug\u00e1lia - Madeira_068\" data-description=\"2023.02.06. - Erasmus+ KA2 READY Portug\u00e1lia - Madeira_068\" data-caption=\"2023.02.06. - Erasmus+ KA2 READY Portug\u00e1lia - Madeira_068\" data-title=\"2023.02.06. - Erasmus+ KA2 READY Portug\u00e1lia - Madeira_068\" style=\" width:215px; height:215px;\" \/><\/div><FIGCAPTION class=\"\" data-alpha=\"5\" style=\"color:#ffffff; background-color:#6f0000; font-size:140; text-align:left; font-family:Default;\" ><div class=\"grid-gallery-figcaption-wrap\" style=\"\"><\/div><\/FIGCAPTION><\/FIGURE><FIGURE class=\"grid-gallery-caption\" data-grid-gallery-type=\"quarter-slide-up\" data-index=\"66\" style=\"display:none;border-radius:00;; margin:5.3px; width:2150;\" ><div class=\"crop\" style=\" width:2150; height:2150; overflow:hidden;\"><img decoding=\"async\" src=\"\/wp-content\/uploads\/2023\/03\/2023.02.06.-Erasmus-KA2-READY-Portugalia-Madeira_069-215x215.jpg\" class=\"ggImg\" alt=\"2023.02.06. - Erasmus+ KA2 READY Portug\u00e1lia - Madeira_069\" title=\"2023.02.06. - Erasmus+ KA2 READY Portug\u00e1lia - Madeira_069\" data-description=\"2023.02.06. - Erasmus+ KA2 READY Portug\u00e1lia - Madeira_069\" data-caption=\"2023.02.06. - Erasmus+ KA2 READY Portug\u00e1lia - Madeira_069\" data-title=\"2023.02.06. - Erasmus+ KA2 READY Portug\u00e1lia - Madeira_069\" style=\" width:215px; height:215px;\" \/><\/div><FIGCAPTION class=\"\" data-alpha=\"5\" style=\"color:#ffffff; background-color:#6f0000; font-size:140; text-align:left; font-family:Default;\" ><div class=\"grid-gallery-figcaption-wrap\" style=\"\"><\/div><\/FIGCAPTION><\/FIGURE><FIGURE class=\"grid-gallery-caption\" data-grid-gallery-type=\"quarter-slide-up\" data-index=\"67\" style=\"display:none;border-radius:00;; margin:5.3px; width:2150;\" ><div class=\"crop\" style=\" width:2150; height:2150; overflow:hidden;\"><img decoding=\"async\" src=\"\/wp-content\/uploads\/2023\/03\/2023.02.06.-Erasmus-KA2-READY-Portugalia-Madeira_070-215x215.jpg\" class=\"ggImg\" alt=\"2023.02.06. - Erasmus+ KA2 READY Portug\u00e1lia - Madeira_070\" title=\"2023.02.06. - Erasmus+ KA2 READY Portug\u00e1lia - Madeira_070\" data-description=\"2023.02.06. - Erasmus+ KA2 READY Portug\u00e1lia - Madeira_070\" data-caption=\"2023.02.06. - Erasmus+ KA2 READY Portug\u00e1lia - Madeira_070\" data-title=\"2023.02.06. - Erasmus+ KA2 READY Portug\u00e1lia - Madeira_070\" style=\" width:215px; height:215px;\" \/><\/div><FIGCAPTION class=\"\" data-alpha=\"5\" style=\"color:#ffffff; background-color:#6f0000; font-size:140; text-align:left; font-family:Default;\" ><div class=\"grid-gallery-figcaption-wrap\" style=\"\"><\/div><\/FIGCAPTION><\/FIGURE><FIGURE class=\"grid-gallery-caption\" data-grid-gallery-type=\"quarter-slide-up\" data-index=\"68\" style=\"display:none;border-radius:00;; margin:5.3px; width:2150;\" ><div class=\"crop\" style=\" width:2150; height:2150; overflow:hidden;\"><img decoding=\"async\" src=\"\/wp-content\/uploads\/2023\/03\/2023.02.06.-Erasmus-KA2-READY-Portugalia-Madeira_071-215x215.jpg\" class=\"ggImg\" alt=\"2023.02.06. - Erasmus+ KA2 READY Portug\u00e1lia - Madeira_071\" title=\"2023.02.06. - Erasmus+ KA2 READY Portug\u00e1lia - Madeira_071\" data-description=\"2023.02.06. - Erasmus+ KA2 READY Portug\u00e1lia - Madeira_071\" data-caption=\"2023.02.06. - Erasmus+ KA2 READY Portug\u00e1lia - Madeira_071\" data-title=\"2023.02.06. - Erasmus+ KA2 READY Portug\u00e1lia - Madeira_071\" style=\" width:215px; height:215px;\" \/><\/div><FIGCAPTION class=\"\" data-alpha=\"5\" style=\"color:#ffffff; background-color:#6f0000; font-size:140; text-align:left; font-family:Default;\" ><div class=\"grid-gallery-figcaption-wrap\" style=\"\"><\/div><\/FIGCAPTION><\/FIGURE><FIGURE class=\"grid-gallery-caption\" data-grid-gallery-type=\"quarter-slide-up\" data-index=\"69\" style=\"display:none;border-radius:00;; margin:5.3px; width:2150;\" ><div class=\"crop\" style=\" width:2150; height:2150; overflow:hidden;\"><img decoding=\"async\" src=\"\/wp-content\/uploads\/2023\/03\/2023.02.06.-Erasmus-KA2-READY-Portugalia-Madeira_072-215x215.jpg\" class=\"ggImg\" alt=\"2023.02.06. - Erasmus+ KA2 READY Portug\u00e1lia - Madeira_072\" title=\"2023.02.06. - Erasmus+ KA2 READY Portug\u00e1lia - Madeira_072\" data-description=\"2023.02.06. - Erasmus+ KA2 READY Portug\u00e1lia - Madeira_072\" data-caption=\"2023.02.06. - Erasmus+ KA2 READY Portug\u00e1lia - Madeira_072\" data-title=\"2023.02.06. - Erasmus+ KA2 READY Portug\u00e1lia - Madeira_072\" style=\" width:215px; height:215px;\" \/><\/div><FIGCAPTION class=\"\" data-alpha=\"5\" style=\"color:#ffffff; background-color:#6f0000; font-size:140; text-align:left; font-family:Default;\" ><div class=\"grid-gallery-figcaption-wrap\" style=\"\"><\/div><\/FIGCAPTION><\/FIGURE><FIGURE class=\"grid-gallery-caption\" data-grid-gallery-type=\"quarter-slide-up\" data-index=\"70\" style=\"display:none;border-radius:00;; margin:5.3px; width:2150;\" ><div class=\"crop\" style=\" width:2150; height:2150; overflow:hidden;\"><img decoding=\"async\" src=\"\/wp-content\/uploads\/2023\/03\/2023.02.06.-Erasmus-KA2-READY-Portugalia-Madeira_073-215x215.jpg\" class=\"ggImg\" alt=\"2023.02.06. - Erasmus+ KA2 READY Portug\u00e1lia - Madeira_073\" title=\"2023.02.06. - Erasmus+ KA2 READY Portug\u00e1lia - Madeira_073\" data-description=\"2023.02.06. - Erasmus+ KA2 READY Portug\u00e1lia - Madeira_073\" data-caption=\"2023.02.06. - Erasmus+ KA2 READY Portug\u00e1lia - Madeira_073\" data-title=\"2023.02.06. - Erasmus+ KA2 READY Portug\u00e1lia - Madeira_073\" style=\" width:215px; height:215px;\" \/><\/div><FIGCAPTION class=\"\" data-alpha=\"5\" style=\"color:#ffffff; background-color:#6f0000; font-size:140; text-align:left; font-family:Default;\" ><div class=\"grid-gallery-figcaption-wrap\" style=\"\"><\/div><\/FIGCAPTION><\/FIGURE><FIGURE class=\"grid-gallery-caption\" data-grid-gallery-type=\"quarter-slide-up\" data-index=\"71\" style=\"display:none;border-radius:00;; margin:5.3px; width:2150;\" ><div class=\"crop\" style=\" width:2150; height:2150; overflow:hidden;\"><img decoding=\"async\" src=\"\/wp-content\/uploads\/2023\/03\/2023.02.06.-Erasmus-KA2-READY-Portugalia-Madeira_074-215x215.jpg\" class=\"ggImg\" alt=\"2023.02.06. - Erasmus+ KA2 READY Portug\u00e1lia - Madeira_074\" title=\"2023.02.06. - Erasmus+ KA2 READY Portug\u00e1lia - Madeira_074\" data-description=\"2023.02.06. - Erasmus+ KA2 READY Portug\u00e1lia - Madeira_074\" data-caption=\"2023.02.06. - Erasmus+ KA2 READY Portug\u00e1lia - Madeira_074\" data-title=\"2023.02.06. - Erasmus+ KA2 READY Portug\u00e1lia - Madeira_074\" style=\" width:215px; height:215px;\" \/><\/div><FIGCAPTION class=\"\" data-alpha=\"5\" style=\"color:#ffffff; background-color:#6f0000; font-size:140; text-align:left; font-family:Default;\" ><div class=\"grid-gallery-figcaption-wrap\" style=\"\"><\/div><\/FIGCAPTION><\/FIGURE><FIGURE class=\"grid-gallery-caption\" data-grid-gallery-type=\"quarter-slide-up\" data-index=\"72\" style=\"display:none;border-radius:00;; margin:5.3px; width:2150;\" ><div class=\"crop\" style=\" width:2150; height:2150; overflow:hidden;\"><img decoding=\"async\" src=\"\/wp-content\/uploads\/2023\/03\/2023.02.06.-Erasmus-KA2-READY-Portugalia-Madeira_075-215x215.jpg\" class=\"ggImg\" alt=\"2023.02.06. - Erasmus+ KA2 READY Portug\u00e1lia - Madeira_075\" title=\"2023.02.06. - Erasmus+ KA2 READY Portug\u00e1lia - Madeira_075\" data-description=\"2023.02.06. - Erasmus+ KA2 READY Portug\u00e1lia - Madeira_075\" data-caption=\"2023.02.06. - Erasmus+ KA2 READY Portug\u00e1lia - Madeira_075\" data-title=\"2023.02.06. - Erasmus+ KA2 READY Portug\u00e1lia - Madeira_075\" style=\" width:215px; height:215px;\" \/><\/div><FIGCAPTION class=\"\" data-alpha=\"5\" style=\"color:#ffffff; background-color:#6f0000; font-size:140; text-align:left; font-family:Default;\" ><div class=\"grid-gallery-figcaption-wrap\" style=\"\"><\/div><\/FIGCAPTION><\/FIGURE><FIGURE class=\"grid-gallery-caption\" data-grid-gallery-type=\"quarter-slide-up\" data-index=\"73\" style=\"display:none;border-radius:00;; margin:5.3px; width:2150;\" ><div class=\"crop\" style=\" width:2150; height:2150; overflow:hidden;\"><img decoding=\"async\" src=\"\/wp-content\/uploads\/2023\/03\/2023.02.06.-Erasmus-KA2-READY-Portugalia-Madeira_076-215x215.jpg\" class=\"ggImg\" alt=\"2023.02.06. - Erasmus+ KA2 READY Portug\u00e1lia - Madeira_076\" title=\"2023.02.06. - Erasmus+ KA2 READY Portug\u00e1lia - Madeira_076\" data-description=\"2023.02.06. - Erasmus+ KA2 READY Portug\u00e1lia - Madeira_076\" data-caption=\"2023.02.06. - Erasmus+ KA2 READY Portug\u00e1lia - Madeira_076\" data-title=\"2023.02.06. - Erasmus+ KA2 READY Portug\u00e1lia - Madeira_076\" style=\" width:215px; height:215px;\" \/><\/div><FIGCAPTION class=\"\" data-alpha=\"5\" style=\"color:#ffffff; background-color:#6f0000; font-size:140; text-align:left; font-family:Default;\" ><div class=\"grid-gallery-figcaption-wrap\" style=\"\"><\/div><\/FIGCAPTION><\/FIGURE><FIGURE class=\"grid-gallery-caption\" data-grid-gallery-type=\"quarter-slide-up\" data-index=\"74\" style=\"display:none;border-radius:00;; margin:5.3px; width:2150;\" ><div class=\"crop\" style=\" width:2150; height:2150; overflow:hidden;\"><img decoding=\"async\" src=\"\/wp-content\/uploads\/2023\/03\/2023.02.06.-Erasmus-KA2-READY-Portugalia-Madeira_077-215x215.jpg\" class=\"ggImg\" alt=\"2023.02.06. - Erasmus+ KA2 READY Portug\u00e1lia - Madeira_077\" title=\"2023.02.06. - Erasmus+ KA2 READY Portug\u00e1lia - Madeira_077\" data-description=\"2023.02.06. - Erasmus+ KA2 READY Portug\u00e1lia - Madeira_077\" data-caption=\"2023.02.06. - Erasmus+ KA2 READY Portug\u00e1lia - Madeira_077\" data-title=\"2023.02.06. - Erasmus+ KA2 READY Portug\u00e1lia - Madeira_077\" style=\" width:215px; height:215px;\" \/><\/div><FIGCAPTION class=\"\" data-alpha=\"5\" style=\"color:#ffffff; background-color:#6f0000; font-size:140; text-align:left; font-family:Default;\" ><div class=\"grid-gallery-figcaption-wrap\" style=\"\"><\/div><\/FIGCAPTION><\/FIGURE><FIGURE class=\"grid-gallery-caption\" data-grid-gallery-type=\"quarter-slide-up\" data-index=\"75\" style=\"display:none;border-radius:00;; margin:5.3px; width:2150;\" ><div class=\"crop\" style=\" width:2150; height:2150; overflow:hidden;\"><img decoding=\"async\" src=\"\/wp-content\/uploads\/2023\/03\/2023.02.06.-Erasmus-KA2-READY-Portugalia-Madeira_078-215x215.jpg\" class=\"ggImg\" alt=\"2023.02.06. - Erasmus+ KA2 READY Portug\u00e1lia - Madeira_078\" title=\"2023.02.06. - Erasmus+ KA2 READY Portug\u00e1lia - Madeira_078\" data-description=\"2023.02.06. - Erasmus+ KA2 READY Portug\u00e1lia - Madeira_078\" data-caption=\"2023.02.06. - Erasmus+ KA2 READY Portug\u00e1lia - Madeira_078\" data-title=\"2023.02.06. - Erasmus+ KA2 READY Portug\u00e1lia - Madeira_078\" style=\" width:215px; height:215px;\" \/><\/div><FIGCAPTION class=\"\" data-alpha=\"5\" style=\"color:#ffffff; background-color:#6f0000; font-size:140; text-align:left; font-family:Default;\" ><div class=\"grid-gallery-figcaption-wrap\" style=\"\"><\/div><\/FIGCAPTION><\/FIGURE><FIGURE class=\"grid-gallery-caption\" data-grid-gallery-type=\"quarter-slide-up\" data-index=\"76\" style=\"display:none;border-radius:00;; margin:5.3px; width:2150;\" ><div class=\"crop\" style=\" width:2150; height:2150; overflow:hidden;\"><img decoding=\"async\" src=\"\/wp-content\/uploads\/2023\/03\/2023.02.06.-Erasmus-KA2-READY-Portugalia-Madeira_079-215x215.jpg\" class=\"ggImg\" alt=\"2023.02.06. - Erasmus+ KA2 READY Portug\u00e1lia - Madeira_079\" title=\"2023.02.06. - Erasmus+ KA2 READY Portug\u00e1lia - Madeira_079\" data-description=\"2023.02.06. - Erasmus+ KA2 READY Portug\u00e1lia - Madeira_079\" data-caption=\"2023.02.06. - Erasmus+ KA2 READY Portug\u00e1lia - Madeira_079\" data-title=\"2023.02.06. - Erasmus+ KA2 READY Portug\u00e1lia - Madeira_079\" style=\" width:215px; height:215px;\" \/><\/div><FIGCAPTION class=\"\" data-alpha=\"5\" style=\"color:#ffffff; background-color:#6f0000; font-size:140; text-align:left; font-family:Default;\" ><div class=\"grid-gallery-figcaption-wrap\" style=\"\"><\/div><\/FIGCAPTION><\/FIGURE><FIGURE class=\"grid-gallery-caption\" data-grid-gallery-type=\"quarter-slide-up\" data-index=\"77\" style=\"display:none;border-radius:00;; margin:5.3px; width:2150;\" ><div class=\"crop\" style=\" width:2150; height:2150; overflow:hidden;\"><img decoding=\"async\" src=\"\/wp-content\/uploads\/2023\/03\/2023.02.06.-Erasmus-KA2-READY-Portugalia-Madeira_080-215x215.jpg\" class=\"ggImg\" alt=\"2023.02.06. - Erasmus+ KA2 READY Portug\u00e1lia - Madeira_080\" title=\"2023.02.06. - Erasmus+ KA2 READY Portug\u00e1lia - Madeira_080\" data-description=\"2023.02.06. - Erasmus+ KA2 READY Portug\u00e1lia - Madeira_080\" data-caption=\"2023.02.06. - Erasmus+ KA2 READY Portug\u00e1lia - Madeira_080\" data-title=\"2023.02.06. - Erasmus+ KA2 READY Portug\u00e1lia - Madeira_080\" style=\" width:215px; height:215px;\" \/><\/div><FIGCAPTION class=\"\" data-alpha=\"5\" style=\"color:#ffffff; background-color:#6f0000; font-size:140; text-align:left; font-family:Default;\" ><div class=\"grid-gallery-figcaption-wrap\" style=\"\"><\/div><\/FIGCAPTION><\/FIGURE><FIGURE class=\"grid-gallery-caption\" data-grid-gallery-type=\"quarter-slide-up\" data-index=\"78\" style=\"display:none;border-radius:00;; margin:5.3px; width:2150;\" ><div class=\"crop\" style=\" width:2150; height:2150; overflow:hidden;\"><img decoding=\"async\" src=\"\/wp-content\/uploads\/2023\/03\/2023.02.06.-Erasmus-KA2-READY-Portugalia-Madeira_081-215x215.jpg\" class=\"ggImg\" alt=\"2023.02.06. - Erasmus+ KA2 READY Portug\u00e1lia - Madeira_081\" title=\"2023.02.06. - Erasmus+ KA2 READY Portug\u00e1lia - Madeira_081\" data-description=\"2023.02.06. - Erasmus+ KA2 READY Portug\u00e1lia - Madeira_081\" data-caption=\"2023.02.06. - Erasmus+ KA2 READY Portug\u00e1lia - Madeira_081\" data-title=\"2023.02.06. - Erasmus+ KA2 READY Portug\u00e1lia - Madeira_081\" style=\" width:215px; height:215px;\" \/><\/div><FIGCAPTION class=\"\" data-alpha=\"5\" style=\"color:#ffffff; background-color:#6f0000; font-size:140; text-align:left; font-family:Default;\" ><div class=\"grid-gallery-figcaption-wrap\" style=\"\"><\/div><\/FIGCAPTION><\/FIGURE><FIGURE class=\"grid-gallery-caption\" data-grid-gallery-type=\"quarter-slide-up\" data-index=\"79\" style=\"display:none;border-radius:00;; margin:5.3px; width:2150;\" ><div class=\"crop\" style=\" width:2150; height:2150; overflow:hidden;\"><img decoding=\"async\" src=\"\/wp-content\/uploads\/2023\/03\/2023.02.06.-Erasmus-KA2-READY-Portugalia-Madeira_082-215x215.jpg\" class=\"ggImg\" alt=\"2023.02.06. - Erasmus+ KA2 READY Portug\u00e1lia - Madeira_082\" title=\"2023.02.06. - Erasmus+ KA2 READY Portug\u00e1lia - Madeira_082\" data-description=\"2023.02.06. - Erasmus+ KA2 READY Portug\u00e1lia - Madeira_082\" data-caption=\"2023.02.06. - Erasmus+ KA2 READY Portug\u00e1lia - Madeira_082\" data-title=\"2023.02.06. - Erasmus+ KA2 READY Portug\u00e1lia - Madeira_082\" style=\" width:215px; height:215px;\" \/><\/div><FIGCAPTION class=\"\" data-alpha=\"5\" style=\"color:#ffffff; background-color:#6f0000; font-size:140; text-align:left; font-family:Default;\" ><div class=\"grid-gallery-figcaption-wrap\" style=\"\"><\/div><\/FIGCAPTION><\/FIGURE><FIGURE class=\"grid-gallery-caption\" data-grid-gallery-type=\"quarter-slide-up\" data-index=\"80\" style=\"display:none;border-radius:00;; margin:5.3px; width:2150;\" ><div class=\"crop\" style=\" width:2150; height:2150; overflow:hidden;\"><img decoding=\"async\" src=\"\/wp-content\/uploads\/2023\/03\/2023.02.06.-Erasmus-KA2-READY-Portugalia-Madeira_083-215x215.jpg\" class=\"ggImg\" alt=\"2023.02.06. - Erasmus+ KA2 READY Portug\u00e1lia - Madeira_083\" title=\"2023.02.06. - Erasmus+ KA2 READY Portug\u00e1lia - Madeira_083\" data-description=\"2023.02.06. - Erasmus+ KA2 READY Portug\u00e1lia - Madeira_083\" data-caption=\"2023.02.06. - Erasmus+ KA2 READY Portug\u00e1lia - Madeira_083\" data-title=\"2023.02.06. - Erasmus+ KA2 READY Portug\u00e1lia - Madeira_083\" style=\" width:215px; height:215px;\" \/><\/div><FIGCAPTION class=\"\" data-alpha=\"5\" style=\"color:#ffffff; background-color:#6f0000; font-size:140; text-align:left; font-family:Default;\" ><div class=\"grid-gallery-figcaption-wrap\" style=\"\"><\/div><\/FIGCAPTION><\/FIGURE><FIGURE class=\"grid-gallery-caption\" data-grid-gallery-type=\"quarter-slide-up\" data-index=\"81\" style=\"display:none;border-radius:00;; margin:5.3px; width:2150;\" ><div class=\"crop\" style=\" width:2150; height:2150; overflow:hidden;\"><img decoding=\"async\" src=\"\/wp-content\/uploads\/2023\/03\/2023.02.06.-Erasmus-KA2-READY-Portugalia-Madeira_084-215x215.jpg\" class=\"ggImg\" alt=\"2023.02.06. - Erasmus+ KA2 READY Portug\u00e1lia - Madeira_084\" title=\"2023.02.06. - Erasmus+ KA2 READY Portug\u00e1lia - Madeira_084\" data-description=\"2023.02.06. - Erasmus+ KA2 READY Portug\u00e1lia - Madeira_084\" data-caption=\"2023.02.06. - Erasmus+ KA2 READY Portug\u00e1lia - Madeira_084\" data-title=\"2023.02.06. - Erasmus+ KA2 READY Portug\u00e1lia - Madeira_084\" style=\" width:215px; height:215px;\" \/><\/div><FIGCAPTION class=\"\" data-alpha=\"5\" style=\"color:#ffffff; background-color:#6f0000; font-size:140; text-align:left; font-family:Default;\" ><div class=\"grid-gallery-figcaption-wrap\" style=\"\"><\/div><\/FIGCAPTION><\/FIGURE><FIGURE class=\"grid-gallery-caption\" data-grid-gallery-type=\"quarter-slide-up\" data-index=\"82\" style=\"display:none;border-radius:00;; margin:5.3px; width:2150;\" ><div class=\"crop\" style=\" width:2150; height:2150; overflow:hidden;\"><img decoding=\"async\" src=\"\/wp-content\/uploads\/2023\/03\/2023.02.06.-Erasmus-KA2-READY-Portugalia-Madeira_085-215x215.jpg\" class=\"ggImg\" alt=\"2023.02.06. - Erasmus+ KA2 READY Portug\u00e1lia - Madeira_085\" title=\"2023.02.06. - Erasmus+ KA2 READY Portug\u00e1lia - Madeira_085\" data-description=\"2023.02.06. - Erasmus+ KA2 READY Portug\u00e1lia - Madeira_085\" data-caption=\"2023.02.06. - Erasmus+ KA2 READY Portug\u00e1lia - Madeira_085\" data-title=\"2023.02.06. - Erasmus+ KA2 READY Portug\u00e1lia - Madeira_085\" style=\" width:215px; height:215px;\" \/><\/div><FIGCAPTION class=\"\" data-alpha=\"5\" style=\"color:#ffffff; background-color:#6f0000; font-size:140; text-align:left; font-family:Default;\" ><div class=\"grid-gallery-figcaption-wrap\" style=\"\"><\/div><\/FIGCAPTION><\/FIGURE><FIGURE class=\"grid-gallery-caption\" data-grid-gallery-type=\"quarter-slide-up\" data-index=\"83\" style=\"display:none;border-radius:00;; margin:5.3px; width:2150;\" ><div class=\"crop\" style=\" width:2150; height:2150; overflow:hidden;\"><img decoding=\"async\" src=\"\/wp-content\/uploads\/2023\/03\/2023.02.06.-Erasmus-KA2-READY-Portugalia-Madeira_086-215x215.jpg\" class=\"ggImg\" alt=\"2023.02.06. - Erasmus+ KA2 READY Portug\u00e1lia - Madeira_086\" title=\"2023.02.06. - Erasmus+ KA2 READY Portug\u00e1lia - Madeira_086\" data-description=\"2023.02.06. - Erasmus+ KA2 READY Portug\u00e1lia - Madeira_086\" data-caption=\"2023.02.06. - Erasmus+ KA2 READY Portug\u00e1lia - Madeira_086\" data-title=\"2023.02.06. - Erasmus+ KA2 READY Portug\u00e1lia - Madeira_086\" style=\" width:215px; height:215px;\" \/><\/div><FIGCAPTION class=\"\" data-alpha=\"5\" style=\"color:#ffffff; background-color:#6f0000; font-size:140; text-align:left; font-family:Default;\" ><div class=\"grid-gallery-figcaption-wrap\" style=\"\"><\/div><\/FIGCAPTION><\/FIGURE><FIGURE class=\"grid-gallery-caption\" data-grid-gallery-type=\"quarter-slide-up\" data-index=\"84\" style=\"display:none;border-radius:00;; margin:5.3px; width:2150;\" ><div class=\"crop\" style=\" width:2150; height:2150; overflow:hidden;\"><img decoding=\"async\" src=\"\/wp-content\/uploads\/2023\/03\/2023.02.06.-Erasmus-KA2-READY-Portugalia-Madeira_087-215x215.jpg\" class=\"ggImg\" alt=\"2023.02.06. - Erasmus+ KA2 READY Portug\u00e1lia - Madeira_087\" title=\"2023.02.06. - Erasmus+ KA2 READY Portug\u00e1lia - Madeira_087\" data-description=\"2023.02.06. - Erasmus+ KA2 READY Portug\u00e1lia - Madeira_087\" data-caption=\"2023.02.06. - Erasmus+ KA2 READY Portug\u00e1lia - Madeira_087\" data-title=\"2023.02.06. - Erasmus+ KA2 READY Portug\u00e1lia - Madeira_087\" style=\" width:215px; height:215px;\" \/><\/div><FIGCAPTION class=\"\" data-alpha=\"5\" style=\"color:#ffffff; background-color:#6f0000; font-size:140; text-align:left; font-family:Default;\" ><div class=\"grid-gallery-figcaption-wrap\" style=\"\"><\/div><\/FIGCAPTION><\/FIGURE><FIGURE class=\"grid-gallery-caption\" data-grid-gallery-type=\"quarter-slide-up\" data-index=\"85\" style=\"display:none;border-radius:00;; margin:5.3px; width:2150;\" ><div class=\"crop\" style=\" width:2150; height:2150; overflow:hidden;\"><img decoding=\"async\" src=\"\/wp-content\/uploads\/2023\/03\/2023.02.06.-Erasmus-KA2-READY-Portugalia-Madeira_088-215x215.jpg\" class=\"ggImg\" alt=\"2023.02.06. - Erasmus+ KA2 READY Portug\u00e1lia - Madeira_088\" title=\"2023.02.06. - Erasmus+ KA2 READY Portug\u00e1lia - Madeira_088\" data-description=\"2023.02.06. - Erasmus+ KA2 READY Portug\u00e1lia - Madeira_088\" data-caption=\"2023.02.06. - Erasmus+ KA2 READY Portug\u00e1lia - Madeira_088\" data-title=\"2023.02.06. - Erasmus+ KA2 READY Portug\u00e1lia - Madeira_088\" style=\" width:215px; height:215px;\" \/><\/div><FIGCAPTION class=\"\" data-alpha=\"5\" style=\"color:#ffffff; background-color:#6f0000; font-size:140; text-align:left; font-family:Default;\" ><div class=\"grid-gallery-figcaption-wrap\" style=\"\"><\/div><\/FIGCAPTION><\/FIGURE><FIGURE class=\"grid-gallery-caption\" data-grid-gallery-type=\"quarter-slide-up\" data-index=\"86\" style=\"display:none;border-radius:00;; margin:5.3px; width:2150;\" ><div class=\"crop\" style=\" width:2150; height:2150; overflow:hidden;\"><img decoding=\"async\" src=\"\/wp-content\/uploads\/2023\/03\/2023.02.06.-Erasmus-KA2-READY-Portugalia-Madeira_089-215x215.jpg\" class=\"ggImg\" alt=\"2023.02.06. - Erasmus+ KA2 READY Portug\u00e1lia - Madeira_089\" title=\"2023.02.06. - Erasmus+ KA2 READY Portug\u00e1lia - Madeira_089\" data-description=\"2023.02.06. - Erasmus+ KA2 READY Portug\u00e1lia - Madeira_089\" data-caption=\"2023.02.06. - Erasmus+ KA2 READY Portug\u00e1lia - Madeira_089\" data-title=\"2023.02.06. - Erasmus+ KA2 READY Portug\u00e1lia - Madeira_089\" style=\" width:215px; height:215px;\" \/><\/div><FIGCAPTION class=\"\" data-alpha=\"5\" style=\"color:#ffffff; background-color:#6f0000; font-size:140; text-align:left; font-family:Default;\" ><div class=\"grid-gallery-figcaption-wrap\" style=\"\"><\/div><\/FIGCAPTION><\/FIGURE><FIGURE class=\"grid-gallery-caption\" data-grid-gallery-type=\"quarter-slide-up\" data-index=\"87\" style=\"display:none;border-radius:00;; margin:5.3px; width:2150;\" ><div class=\"crop\" style=\" width:2150; height:2150; overflow:hidden;\"><img decoding=\"async\" src=\"\/wp-content\/uploads\/2023\/03\/2023.02.06.-Erasmus-KA2-READY-Portugalia-Madeira_090-215x215.jpg\" class=\"ggImg\" alt=\"2023.02.06. - Erasmus+ KA2 READY Portug\u00e1lia - Madeira_090\" title=\"2023.02.06. - Erasmus+ KA2 READY Portug\u00e1lia - Madeira_090\" data-description=\"2023.02.06. - Erasmus+ KA2 READY Portug\u00e1lia - Madeira_090\" data-caption=\"2023.02.06. - Erasmus+ KA2 READY Portug\u00e1lia - Madeira_090\" data-title=\"2023.02.06. - Erasmus+ KA2 READY Portug\u00e1lia - Madeira_090\" style=\" width:215px; height:215px;\" \/><\/div><FIGCAPTION class=\"\" data-alpha=\"5\" style=\"color:#ffffff; background-color:#6f0000; font-size:140; text-align:left; font-family:Default;\" ><div class=\"grid-gallery-figcaption-wrap\" style=\"\"><\/div><\/FIGCAPTION><\/FIGURE><FIGURE class=\"grid-gallery-caption\" data-grid-gallery-type=\"quarter-slide-up\" data-index=\"88\" style=\"display:none;border-radius:00;; margin:5.3px; width:2150;\" ><div class=\"crop\" style=\" width:2150; height:2150; overflow:hidden;\"><img decoding=\"async\" src=\"\/wp-content\/uploads\/2023\/03\/2023.02.06.-Erasmus-KA2-READY-Portugalia-Madeira_091-215x215.jpg\" class=\"ggImg\" alt=\"2023.02.06. - Erasmus+ KA2 READY Portug\u00e1lia - Madeira_091\" title=\"2023.02.06. - Erasmus+ KA2 READY Portug\u00e1lia - Madeira_091\" data-description=\"2023.02.06. - Erasmus+ KA2 READY Portug\u00e1lia - Madeira_091\" data-caption=\"2023.02.06. - Erasmus+ KA2 READY Portug\u00e1lia - Madeira_091\" data-title=\"2023.02.06. - Erasmus+ KA2 READY Portug\u00e1lia - Madeira_091\" style=\" width:215px; height:215px;\" \/><\/div><FIGCAPTION class=\"\" data-alpha=\"5\" style=\"color:#ffffff; background-color:#6f0000; font-size:140; text-align:left; font-family:Default;\" ><div class=\"grid-gallery-figcaption-wrap\" style=\"\"><\/div><\/FIGCAPTION><\/FIGURE><FIGURE class=\"grid-gallery-caption\" data-grid-gallery-type=\"quarter-slide-up\" data-index=\"89\" style=\"display:none;border-radius:00;; margin:5.3px; width:2150;\" ><div class=\"crop\" style=\" width:2150; height:2150; overflow:hidden;\"><img decoding=\"async\" src=\"\/wp-content\/uploads\/2023\/03\/2023.02.06.-Erasmus-KA2-READY-Portugalia-Madeira_092-215x215.jpg\" class=\"ggImg\" alt=\"2023.02.06. - Erasmus+ KA2 READY Portug\u00e1lia - Madeira_092\" title=\"2023.02.06. - Erasmus+ KA2 READY Portug\u00e1lia - Madeira_092\" data-description=\"2023.02.06. - Erasmus+ KA2 READY Portug\u00e1lia - Madeira_092\" data-caption=\"2023.02.06. - Erasmus+ KA2 READY Portug\u00e1lia - Madeira_092\" data-title=\"2023.02.06. - Erasmus+ KA2 READY Portug\u00e1lia - Madeira_092\" style=\" width:215px; height:215px;\" \/><\/div><FIGCAPTION class=\"\" data-alpha=\"5\" style=\"color:#ffffff; background-color:#6f0000; font-size:140; text-align:left; font-family:Default;\" ><div class=\"grid-gallery-figcaption-wrap\" style=\"\"><\/div><\/FIGCAPTION><\/FIGURE><FIGURE class=\"grid-gallery-caption\" data-grid-gallery-type=\"quarter-slide-up\" data-index=\"90\" style=\"display:none;border-radius:00;; margin:5.3px; width:2150;\" ><div class=\"crop\" style=\" width:2150; height:2150; overflow:hidden;\"><img decoding=\"async\" src=\"\/wp-content\/uploads\/2023\/03\/2023.02.06.-Erasmus-KA2-READY-Portugalia-Madeira_093-215x215.jpg\" class=\"ggImg\" alt=\"2023.02.06. - Erasmus+ KA2 READY Portug\u00e1lia - Madeira_093\" title=\"2023.02.06. - Erasmus+ KA2 READY Portug\u00e1lia - Madeira_093\" data-description=\"2023.02.06. - Erasmus+ KA2 READY Portug\u00e1lia - Madeira_093\" data-caption=\"2023.02.06. - Erasmus+ KA2 READY Portug\u00e1lia - Madeira_093\" data-title=\"2023.02.06. - Erasmus+ KA2 READY Portug\u00e1lia - Madeira_093\" style=\" width:215px; height:215px;\" \/><\/div><FIGCAPTION class=\"\" data-alpha=\"5\" style=\"color:#ffffff; background-color:#6f0000; font-size:140; text-align:left; font-family:Default;\" ><div class=\"grid-gallery-figcaption-wrap\" style=\"\"><\/div><\/FIGCAPTION><\/FIGURE><FIGURE class=\"grid-gallery-caption\" data-grid-gallery-type=\"quarter-slide-up\" data-index=\"91\" style=\"display:none;border-radius:00;; margin:5.3px; width:2150;\" ><div class=\"crop\" style=\" width:2150; height:2150; overflow:hidden;\"><img decoding=\"async\" src=\"\/wp-content\/uploads\/2023\/03\/2023.02.06.-Erasmus-KA2-READY-Portugalia-Madeira_094-215x215.jpg\" class=\"ggImg\" alt=\"2023.02.06. - Erasmus+ KA2 READY Portug\u00e1lia - Madeira_094\" title=\"2023.02.06. - Erasmus+ KA2 READY Portug\u00e1lia - Madeira_094\" data-description=\"2023.02.06. - Erasmus+ KA2 READY Portug\u00e1lia - Madeira_094\" data-caption=\"2023.02.06. - Erasmus+ KA2 READY Portug\u00e1lia - Madeira_094\" data-title=\"2023.02.06. - Erasmus+ KA2 READY Portug\u00e1lia - Madeira_094\" style=\" width:215px; height:215px;\" \/><\/div><FIGCAPTION class=\"\" data-alpha=\"5\" style=\"color:#ffffff; background-color:#6f0000; font-size:140; text-align:left; font-family:Default;\" ><div class=\"grid-gallery-figcaption-wrap\" style=\"\"><\/div><\/FIGCAPTION><\/FIGURE><FIGURE class=\"grid-gallery-caption\" data-grid-gallery-type=\"quarter-slide-up\" data-index=\"92\" style=\"display:none;border-radius:00;; margin:5.3px; width:2150;\" ><div class=\"crop\" style=\" width:2150; height:2150; overflow:hidden;\"><img decoding=\"async\" src=\"\/wp-content\/uploads\/2023\/03\/2023.02.06.-Erasmus-KA2-READY-Portugalia-Madeira_095-215x215.jpg\" class=\"ggImg\" alt=\"2023.02.06. - Erasmus+ KA2 READY Portug\u00e1lia - Madeira_095\" title=\"2023.02.06. - Erasmus+ KA2 READY Portug\u00e1lia - Madeira_095\" data-description=\"2023.02.06. - Erasmus+ KA2 READY Portug\u00e1lia - Madeira_095\" data-caption=\"2023.02.06. - Erasmus+ KA2 READY Portug\u00e1lia - Madeira_095\" data-title=\"2023.02.06. - Erasmus+ KA2 READY Portug\u00e1lia - Madeira_095\" style=\" width:215px; height:215px;\" \/><\/div><FIGCAPTION class=\"\" data-alpha=\"5\" style=\"color:#ffffff; background-color:#6f0000; font-size:140; text-align:left; font-family:Default;\" ><div class=\"grid-gallery-figcaption-wrap\" style=\"\"><\/div><\/FIGCAPTION><\/FIGURE><FIGURE class=\"grid-gallery-caption\" data-grid-gallery-type=\"quarter-slide-up\" data-index=\"93\" style=\"display:none;border-radius:00;; margin:5.3px; width:2150;\" ><div class=\"crop\" style=\" width:2150; height:2150; overflow:hidden;\"><img decoding=\"async\" src=\"\/wp-content\/uploads\/2023\/03\/2023.02.06.-Erasmus-KA2-READY-Portugalia-Madeira_096-215x215.jpg\" class=\"ggImg\" alt=\"2023.02.06. - Erasmus+ KA2 READY Portug\u00e1lia - Madeira_096\" title=\"2023.02.06. - Erasmus+ KA2 READY Portug\u00e1lia - Madeira_096\" data-description=\"2023.02.06. - Erasmus+ KA2 READY Portug\u00e1lia - Madeira_096\" data-caption=\"2023.02.06. - Erasmus+ KA2 READY Portug\u00e1lia - Madeira_096\" data-title=\"2023.02.06. - Erasmus+ KA2 READY Portug\u00e1lia - Madeira_096\" style=\" width:215px; height:215px;\" \/><\/div><FIGCAPTION class=\"\" data-alpha=\"5\" style=\"color:#ffffff; background-color:#6f0000; font-size:140; text-align:left; font-family:Default;\" ><div class=\"grid-gallery-figcaption-wrap\" style=\"\"><\/div><\/FIGCAPTION><\/FIGURE><FIGURE class=\"grid-gallery-caption\" data-grid-gallery-type=\"quarter-slide-up\" data-index=\"94\" style=\"display:none;border-radius:00;; margin:5.3px; width:2150;\" ><div class=\"crop\" style=\" width:2150; height:2150; overflow:hidden;\"><img decoding=\"async\" src=\"\/wp-content\/uploads\/2023\/03\/2023.02.06.-Erasmus-KA2-READY-Portugalia-Madeira_097-215x215.jpg\" class=\"ggImg\" alt=\"2023.02.06. - Erasmus+ KA2 READY Portug\u00e1lia - Madeira_097\" title=\"2023.02.06. - Erasmus+ KA2 READY Portug\u00e1lia - Madeira_097\" data-description=\"2023.02.06. - Erasmus+ KA2 READY Portug\u00e1lia - Madeira_097\" data-caption=\"2023.02.06. - Erasmus+ KA2 READY Portug\u00e1lia - Madeira_097\" data-title=\"2023.02.06. - Erasmus+ KA2 READY Portug\u00e1lia - Madeira_097\" style=\" width:215px; height:215px;\" \/><\/div><FIGCAPTION class=\"\" data-alpha=\"5\" style=\"color:#ffffff; background-color:#6f0000; font-size:140; text-align:left; font-family:Default;\" ><div class=\"grid-gallery-figcaption-wrap\" style=\"\"><\/div><\/FIGCAPTION><\/FIGURE><FIGURE class=\"grid-gallery-caption\" data-grid-gallery-type=\"quarter-slide-up\" data-index=\"95\" style=\"display:none;border-radius:00;; margin:5.3px; width:2150;\" ><div class=\"crop\" style=\" width:2150; height:2150; overflow:hidden;\"><img decoding=\"async\" src=\"\/wp-content\/uploads\/2023\/03\/2023.02.06.-Erasmus-KA2-READY-Portugalia-Madeira_098-215x215.jpg\" class=\"ggImg\" alt=\"2023.02.06. - Erasmus+ KA2 READY Portug\u00e1lia - Madeira_098\" title=\"2023.02.06. - Erasmus+ KA2 READY Portug\u00e1lia - Madeira_098\" data-description=\"2023.02.06. - Erasmus+ KA2 READY Portug\u00e1lia - Madeira_098\" data-caption=\"2023.02.06. - Erasmus+ KA2 READY Portug\u00e1lia - Madeira_098\" data-title=\"2023.02.06. - Erasmus+ KA2 READY Portug\u00e1lia - Madeira_098\" style=\" width:215px; height:215px;\" \/><\/div><FIGCAPTION class=\"\" data-alpha=\"5\" style=\"color:#ffffff; background-color:#6f0000; font-size:140; text-align:left; font-family:Default;\" ><div class=\"grid-gallery-figcaption-wrap\" style=\"\"><\/div><\/FIGCAPTION><\/FIGURE><FIGURE class=\"grid-gallery-caption\" data-grid-gallery-type=\"quarter-slide-up\" data-index=\"96\" style=\"display:none;border-radius:00;; margin:5.3px; width:2150;\" ><div class=\"crop\" style=\" width:2150; height:2150; overflow:hidden;\"><img decoding=\"async\" src=\"\/wp-content\/uploads\/2023\/03\/2023.02.06.-Erasmus-KA2-READY-Portugalia-Madeira_099-215x215.jpg\" class=\"ggImg\" alt=\"2023.02.06. - Erasmus+ KA2 READY Portug\u00e1lia - Madeira_099\" title=\"2023.02.06. - Erasmus+ KA2 READY Portug\u00e1lia - Madeira_099\" data-description=\"2023.02.06. - Erasmus+ KA2 READY Portug\u00e1lia - Madeira_099\" data-caption=\"2023.02.06. - Erasmus+ KA2 READY Portug\u00e1lia - Madeira_099\" data-title=\"2023.02.06. - Erasmus+ KA2 READY Portug\u00e1lia - Madeira_099\" style=\" width:215px; height:215px;\" \/><\/div><FIGCAPTION class=\"\" data-alpha=\"5\" style=\"color:#ffffff; background-color:#6f0000; font-size:140; text-align:left; font-family:Default;\" ><div class=\"grid-gallery-figcaption-wrap\" style=\"\"><\/div><\/FIGCAPTION><\/FIGURE><FIGURE class=\"grid-gallery-caption\" data-grid-gallery-type=\"quarter-slide-up\" data-index=\"97\" style=\"display:none;border-radius:00;; margin:5.3px; width:2150;\" ><div class=\"crop\" style=\" width:2150; height:2150; overflow:hidden;\"><img decoding=\"async\" src=\"\/wp-content\/uploads\/2023\/03\/2023.02.06.-Erasmus-KA2-READY-Portugalia-Madeira_100-215x215.jpg\" class=\"ggImg\" alt=\"2023.02.06. - Erasmus+ KA2 READY Portug\u00e1lia - Madeira_100\" title=\"2023.02.06. - Erasmus+ KA2 READY Portug\u00e1lia - Madeira_100\" data-description=\"2023.02.06. - Erasmus+ KA2 READY Portug\u00e1lia - Madeira_100\" data-caption=\"2023.02.06. - Erasmus+ KA2 READY Portug\u00e1lia - Madeira_100\" data-title=\"2023.02.06. - Erasmus+ KA2 READY Portug\u00e1lia - Madeira_100\" style=\" width:215px; height:215px;\" \/><\/div><FIGCAPTION class=\"\" data-alpha=\"5\" style=\"color:#ffffff; background-color:#6f0000; font-size:140; text-align:left; font-family:Default;\" ><div class=\"grid-gallery-figcaption-wrap\" style=\"\"><\/div><\/FIGCAPTION><\/FIGURE><FIGURE class=\"grid-gallery-caption\" data-grid-gallery-type=\"quarter-slide-up\" data-index=\"98\" style=\"display:none;border-radius:00;; margin:5.3px; width:2150;\" ><div class=\"crop\" style=\" width:2150; height:2150; overflow:hidden;\"><img decoding=\"async\" src=\"\/wp-content\/uploads\/2023\/03\/2023.02.06.-Erasmus-KA2-READY-Portugalia-Madeira_101-215x215.jpg\" class=\"ggImg\" alt=\"2023.02.06. - Erasmus+ KA2 READY Portug\u00e1lia - Madeira_101\" title=\"2023.02.06. - Erasmus+ KA2 READY Portug\u00e1lia - Madeira_101\" data-description=\"2023.02.06. - Erasmus+ KA2 READY Portug\u00e1lia - Madeira_101\" data-caption=\"2023.02.06. - Erasmus+ KA2 READY Portug\u00e1lia - Madeira_101\" data-title=\"2023.02.06. - Erasmus+ KA2 READY Portug\u00e1lia - Madeira_101\" style=\" width:215px; height:215px;\" \/><\/div><FIGCAPTION class=\"\" data-alpha=\"5\" style=\"color:#ffffff; background-color:#6f0000; font-size:140; text-align:left; font-family:Default;\" ><div class=\"grid-gallery-figcaption-wrap\" style=\"\"><\/div><\/FIGCAPTION><\/FIGURE><FIGURE class=\"grid-gallery-caption\" data-grid-gallery-type=\"quarter-slide-up\" data-index=\"99\" style=\"display:none;border-radius:00;; margin:5.3px; width:2150;\" ><div class=\"crop\" style=\" width:2150; height:2150; overflow:hidden;\"><img decoding=\"async\" src=\"\/wp-content\/uploads\/2023\/03\/2023.02.06.-Erasmus-KA2-READY-Portugalia-Madeira_102-215x215.jpg\" class=\"ggImg\" alt=\"2023.02.06. - Erasmus+ KA2 READY Portug\u00e1lia - Madeira_102\" title=\"2023.02.06. - Erasmus+ KA2 READY Portug\u00e1lia - Madeira_102\" data-description=\"2023.02.06. - Erasmus+ KA2 READY Portug\u00e1lia - Madeira_102\" data-caption=\"2023.02.06. - Erasmus+ KA2 READY Portug\u00e1lia - Madeira_102\" data-title=\"2023.02.06. - Erasmus+ KA2 READY Portug\u00e1lia - Madeira_102\" style=\" width:215px; height:215px;\" \/><\/div><FIGCAPTION class=\"\" data-alpha=\"5\" style=\"color:#ffffff; background-color:#6f0000; font-size:140; text-align:left; font-family:Default;\" ><div class=\"grid-gallery-figcaption-wrap\" style=\"\"><\/div><\/FIGCAPTION><\/FIGURE><FIGURE class=\"grid-gallery-caption\" data-grid-gallery-type=\"quarter-slide-up\" data-index=\"100\" style=\"display:none;border-radius:00;; margin:5.3px; width:2150;\" ><div class=\"crop\" style=\" width:2150; height:2150; overflow:hidden;\"><img decoding=\"async\" src=\"\/wp-content\/uploads\/2023\/03\/2023.02.06.-Erasmus-KA2-READY-Portugalia-Madeira_103-215x215.jpg\" class=\"ggImg\" alt=\"2023.02.06. - Erasmus+ KA2 READY Portug\u00e1lia - Madeira_103\" title=\"2023.02.06. - Erasmus+ KA2 READY Portug\u00e1lia - Madeira_103\" data-description=\"2023.02.06. - Erasmus+ KA2 READY Portug\u00e1lia - Madeira_103\" data-caption=\"2023.02.06. - Erasmus+ KA2 READY Portug\u00e1lia - Madeira_103\" data-title=\"2023.02.06. - Erasmus+ KA2 READY Portug\u00e1lia - Madeira_103\" style=\" width:215px; height:215px;\" \/><\/div><FIGCAPTION class=\"\" data-alpha=\"5\" style=\"color:#ffffff; background-color:#6f0000; font-size:140; text-align:left; font-family:Default;\" ><div class=\"grid-gallery-figcaption-wrap\" style=\"\"><\/div><\/FIGCAPTION><\/FIGURE><FIGURE class=\"grid-gallery-caption\" data-grid-gallery-type=\"quarter-slide-up\" data-index=\"101\" style=\"display:none;border-radius:00;; margin:5.3px; width:2150;\" ><div class=\"crop\" style=\" width:2150; height:2150; overflow:hidden;\"><img decoding=\"async\" src=\"\/wp-content\/uploads\/2023\/03\/2023.02.06.-Erasmus-KA2-READY-Portugalia-Madeira_104-215x215.jpg\" class=\"ggImg\" alt=\"2023.02.06. - Erasmus+ KA2 READY Portug\u00e1lia - Madeira_104\" title=\"2023.02.06. - Erasmus+ KA2 READY Portug\u00e1lia - Madeira_104\" data-description=\"2023.02.06. - Erasmus+ KA2 READY Portug\u00e1lia - Madeira_104\" data-caption=\"2023.02.06. - Erasmus+ KA2 READY Portug\u00e1lia - Madeira_104\" data-title=\"2023.02.06. - Erasmus+ KA2 READY Portug\u00e1lia - Madeira_104\" style=\" width:215px; height:215px;\" \/><\/div><FIGCAPTION class=\"\" data-alpha=\"5\" style=\"color:#ffffff; background-color:#6f0000; font-size:140; text-align:left; font-family:Default;\" ><div class=\"grid-gallery-figcaption-wrap\" style=\"\"><\/div><\/FIGCAPTION><\/FIGURE><FIGURE class=\"grid-gallery-caption\" data-grid-gallery-type=\"quarter-slide-up\" data-index=\"102\" style=\"display:none;border-radius:00;; margin:5.3px; width:2150;\" ><div class=\"crop\" style=\" width:2150; height:2150; overflow:hidden;\"><img decoding=\"async\" src=\"\/wp-content\/uploads\/2023\/03\/2023.02.06.-Erasmus-KA2-READY-Portugalia-Madeira_105-215x215.jpg\" class=\"ggImg\" alt=\"2023.02.06. - Erasmus+ KA2 READY Portug\u00e1lia - Madeira_105\" title=\"2023.02.06. - Erasmus+ KA2 READY Portug\u00e1lia - Madeira_105\" data-description=\"2023.02.06. - Erasmus+ KA2 READY Portug\u00e1lia - Madeira_105\" data-caption=\"2023.02.06. - Erasmus+ KA2 READY Portug\u00e1lia - Madeira_105\" data-title=\"2023.02.06. - Erasmus+ KA2 READY Portug\u00e1lia - Madeira_105\" style=\" width:215px; height:215px;\" \/><\/div><FIGCAPTION class=\"\" data-alpha=\"5\" style=\"color:#ffffff; background-color:#6f0000; font-size:140; text-align:left; font-family:Default;\" ><div class=\"grid-gallery-figcaption-wrap\" style=\"\"><\/div><\/FIGCAPTION><\/FIGURE><FIGURE class=\"grid-gallery-caption\" data-grid-gallery-type=\"quarter-slide-up\" data-index=\"103\" style=\"display:none;border-radius:00;; margin:5.3px; width:2150;\" ><div class=\"crop\" style=\" width:2150; height:2150; overflow:hidden;\"><img decoding=\"async\" src=\"\/wp-content\/uploads\/2023\/03\/2023.02.06.-Erasmus-KA2-READY-Portugalia-Madeira_106-215x215.jpg\" class=\"ggImg\" alt=\"2023.02.06. - Erasmus+ KA2 READY Portug\u00e1lia - Madeira_106\" title=\"2023.02.06. - Erasmus+ KA2 READY Portug\u00e1lia - Madeira_106\" data-description=\"2023.02.06. - Erasmus+ KA2 READY Portug\u00e1lia - Madeira_106\" data-caption=\"2023.02.06. - Erasmus+ KA2 READY Portug\u00e1lia - Madeira_106\" data-title=\"2023.02.06. - Erasmus+ KA2 READY Portug\u00e1lia - Madeira_106\" style=\" width:215px; height:215px;\" \/><\/div><FIGCAPTION class=\"\" data-alpha=\"5\" style=\"color:#ffffff; background-color:#6f0000; font-size:140; text-align:left; font-family:Default;\" ><div class=\"grid-gallery-figcaption-wrap\" style=\"\"><\/div><\/FIGCAPTION><\/FIGURE><FIGURE class=\"grid-gallery-caption\" data-grid-gallery-type=\"quarter-slide-up\" data-index=\"104\" style=\"display:none;border-radius:00;; margin:5.3px; width:2150;\" ><div class=\"crop\" style=\" width:2150; height:2150; overflow:hidden;\"><img decoding=\"async\" src=\"\/wp-content\/uploads\/2023\/03\/2023.02.06.-Erasmus-KA2-READY-Portugalia-Madeira_107-215x215.jpg\" class=\"ggImg\" alt=\"2023.02.06. - Erasmus+ KA2 READY Portug\u00e1lia - Madeira_107\" title=\"2023.02.06. - Erasmus+ KA2 READY Portug\u00e1lia - Madeira_107\" data-description=\"2023.02.06. - Erasmus+ KA2 READY Portug\u00e1lia - Madeira_107\" data-caption=\"2023.02.06. - Erasmus+ KA2 READY Portug\u00e1lia - Madeira_107\" data-title=\"2023.02.06. - Erasmus+ KA2 READY Portug\u00e1lia - Madeira_107\" style=\" width:215px; height:215px;\" \/><\/div><FIGCAPTION class=\"\" data-alpha=\"5\" style=\"color:#ffffff; background-color:#6f0000; font-size:140; text-align:left; font-family:Default;\" ><div class=\"grid-gallery-figcaption-wrap\" style=\"\"><\/div><\/FIGCAPTION><\/FIGURE><FIGURE class=\"grid-gallery-caption\" data-grid-gallery-type=\"quarter-slide-up\" data-index=\"105\" style=\"display:none;border-radius:00;; margin:5.3px; width:2150;\" ><div class=\"crop\" style=\" width:2150; height:2150; overflow:hidden;\"><img decoding=\"async\" src=\"\/wp-content\/uploads\/2023\/03\/2023.02.06.-Erasmus-KA2-READY-Portugalia-Madeira_108-215x215.jpg\" class=\"ggImg\" alt=\"2023.02.06. - Erasmus+ KA2 READY Portug\u00e1lia - Madeira_108\" title=\"2023.02.06. - Erasmus+ KA2 READY Portug\u00e1lia - Madeira_108\" data-description=\"2023.02.06. - Erasmus+ KA2 READY Portug\u00e1lia - Madeira_108\" data-caption=\"2023.02.06. - Erasmus+ KA2 READY Portug\u00e1lia - Madeira_108\" data-title=\"2023.02.06. - Erasmus+ KA2 READY Portug\u00e1lia - Madeira_108\" style=\" width:215px; height:215px;\" \/><\/div><FIGCAPTION class=\"\" data-alpha=\"5\" style=\"color:#ffffff; background-color:#6f0000; font-size:140; text-align:left; font-family:Default;\" ><div class=\"grid-gallery-figcaption-wrap\" style=\"\"><\/div><\/FIGCAPTION><\/FIGURE><FIGURE class=\"grid-gallery-caption\" data-grid-gallery-type=\"quarter-slide-up\" data-index=\"106\" style=\"display:none;border-radius:00;; margin:5.3px; width:2150;\" ><div class=\"crop\" style=\" width:2150; height:2150; overflow:hidden;\"><img decoding=\"async\" src=\"\/wp-content\/uploads\/2023\/03\/2023.02.06.-Erasmus-KA2-READY-Portugalia-Madeira_109-215x215.jpg\" class=\"ggImg\" alt=\"2023.02.06. - Erasmus+ KA2 READY Portug\u00e1lia - Madeira_109\" title=\"2023.02.06. - Erasmus+ KA2 READY Portug\u00e1lia - Madeira_109\" data-description=\"2023.02.06. - Erasmus+ KA2 READY Portug\u00e1lia - Madeira_109\" data-caption=\"2023.02.06. - Erasmus+ KA2 READY Portug\u00e1lia - Madeira_109\" data-title=\"2023.02.06. - Erasmus+ KA2 READY Portug\u00e1lia - Madeira_109\" style=\" width:215px; height:215px;\" \/><\/div><FIGCAPTION class=\"\" data-alpha=\"5\" style=\"color:#ffffff; background-color:#6f0000; font-size:140; text-align:left; font-family:Default;\" ><div class=\"grid-gallery-figcaption-wrap\" style=\"\"><\/div><\/FIGCAPTION><\/FIGURE><FIGURE class=\"grid-gallery-caption\" data-grid-gallery-type=\"quarter-slide-up\" data-index=\"107\" style=\"display:none;border-radius:00;; margin:5.3px; width:2150;\" ><div class=\"crop\" style=\" width:2150; height:2150; overflow:hidden;\"><img decoding=\"async\" src=\"\/wp-content\/uploads\/2023\/03\/2023.02.06.-Erasmus-KA2-READY-Portugalia-Madeira_110-215x215.jpg\" class=\"ggImg\" alt=\"2023.02.06. - Erasmus+ KA2 READY Portug\u00e1lia - Madeira_110\" title=\"2023.02.06. - Erasmus+ KA2 READY Portug\u00e1lia - Madeira_110\" data-description=\"2023.02.06. - Erasmus+ KA2 READY Portug\u00e1lia - Madeira_110\" data-caption=\"2023.02.06. - Erasmus+ KA2 READY Portug\u00e1lia - Madeira_110\" data-title=\"2023.02.06. - Erasmus+ KA2 READY Portug\u00e1lia - Madeira_110\" style=\" width:215px; height:215px;\" \/><\/div><FIGCAPTION class=\"\" data-alpha=\"5\" style=\"color:#ffffff; background-color:#6f0000; font-size:140; text-align:left; font-family:Default;\" ><div class=\"grid-gallery-figcaption-wrap\" style=\"\"><\/div><\/FIGCAPTION><\/FIGURE><FIGURE class=\"grid-gallery-caption\" data-grid-gallery-type=\"quarter-slide-up\" data-index=\"108\" style=\"display:none;border-radius:00;; margin:5.3px; width:2150;\" ><div class=\"crop\" style=\" width:2150; height:2150; overflow:hidden;\"><img decoding=\"async\" src=\"\/wp-content\/uploads\/2023\/03\/2023.02.06.-Erasmus-KA2-READY-Portugalia-Madeira_111-215x215.jpg\" class=\"ggImg\" alt=\"2023.02.06. - Erasmus+ KA2 READY Portug\u00e1lia - Madeira_111\" title=\"2023.02.06. - Erasmus+ KA2 READY Portug\u00e1lia - Madeira_111\" data-description=\"2023.02.06. - Erasmus+ KA2 READY Portug\u00e1lia - Madeira_111\" data-caption=\"2023.02.06. - Erasmus+ KA2 READY Portug\u00e1lia - Madeira_111\" data-title=\"2023.02.06. - Erasmus+ KA2 READY Portug\u00e1lia - Madeira_111\" style=\" width:215px; height:215px;\" \/><\/div><FIGCAPTION class=\"\" data-alpha=\"5\" style=\"color:#ffffff; background-color:#6f0000; font-size:140; text-align:left; font-family:Default;\" ><div class=\"grid-gallery-figcaption-wrap\" style=\"\"><\/div><\/FIGCAPTION><\/FIGURE><FIGURE class=\"grid-gallery-caption\" data-grid-gallery-type=\"quarter-slide-up\" data-index=\"109\" style=\"display:none;border-radius:00;; margin:5.3px; width:2150;\" ><div class=\"crop\" style=\" width:2150; height:2150; overflow:hidden;\"><img decoding=\"async\" src=\"\/wp-content\/uploads\/2023\/03\/2023.02.06.-Erasmus-KA2-READY-Portugalia-Madeira_112-215x215.jpg\" class=\"ggImg\" alt=\"2023.02.06. - Erasmus+ KA2 READY Portug\u00e1lia - Madeira_112\" title=\"2023.02.06. - Erasmus+ KA2 READY Portug\u00e1lia - Madeira_112\" data-description=\"2023.02.06. - Erasmus+ KA2 READY Portug\u00e1lia - Madeira_112\" data-caption=\"2023.02.06. - Erasmus+ KA2 READY Portug\u00e1lia - Madeira_112\" data-title=\"2023.02.06. - Erasmus+ KA2 READY Portug\u00e1lia - Madeira_112\" style=\" width:215px; height:215px;\" \/><\/div><FIGCAPTION class=\"\" data-alpha=\"5\" style=\"color:#ffffff; background-color:#6f0000; font-size:140; text-align:left; font-family:Default;\" ><div class=\"grid-gallery-figcaption-wrap\" style=\"\"><\/div><\/FIGCAPTION><\/FIGURE><FIGURE class=\"grid-gallery-caption\" data-grid-gallery-type=\"quarter-slide-up\" data-index=\"110\" style=\"display:none;border-radius:00;; margin:5.3px; width:2150;\" ><div class=\"crop\" style=\" width:2150; height:2150; overflow:hidden;\"><img decoding=\"async\" src=\"\/wp-content\/uploads\/2023\/03\/2023.02.06.-Erasmus-KA2-READY-Portugalia-Madeira_113-215x215.jpg\" class=\"ggImg\" alt=\"2023.02.06. - Erasmus+ KA2 READY Portug\u00e1lia - Madeira_113\" title=\"2023.02.06. - Erasmus+ KA2 READY Portug\u00e1lia - Madeira_113\" data-description=\"2023.02.06. - Erasmus+ KA2 READY Portug\u00e1lia - Madeira_113\" data-caption=\"2023.02.06. - Erasmus+ KA2 READY Portug\u00e1lia - Madeira_113\" data-title=\"2023.02.06. - Erasmus+ KA2 READY Portug\u00e1lia - Madeira_113\" style=\" width:215px; height:215px;\" \/><\/div><FIGCAPTION class=\"\" data-alpha=\"5\" style=\"color:#ffffff; background-color:#6f0000; font-size:140; text-align:left; font-family:Default;\" ><div class=\"grid-gallery-figcaption-wrap\" style=\"\"><\/div><\/FIGCAPTION><\/FIGURE><FIGURE class=\"grid-gallery-caption\" data-grid-gallery-type=\"quarter-slide-up\" data-index=\"111\" style=\"display:none;border-radius:00;; margin:5.3px; width:2150;\" ><div class=\"crop\" style=\" width:2150; height:2150; overflow:hidden;\"><img decoding=\"async\" src=\"\/wp-content\/uploads\/2023\/03\/2023.02.06.-Erasmus-KA2-READY-Portugalia-Madeira_114-215x215.jpg\" class=\"ggImg\" alt=\"2023.02.06. - Erasmus+ KA2 READY Portug\u00e1lia - Madeira_114\" title=\"2023.02.06. - Erasmus+ KA2 READY Portug\u00e1lia - Madeira_114\" data-description=\"2023.02.06. - Erasmus+ KA2 READY Portug\u00e1lia - Madeira_114\" data-caption=\"2023.02.06. - Erasmus+ KA2 READY Portug\u00e1lia - Madeira_114\" data-title=\"2023.02.06. - Erasmus+ KA2 READY Portug\u00e1lia - Madeira_114\" style=\" width:215px; height:215px;\" \/><\/div><FIGCAPTION class=\"\" data-alpha=\"5\" style=\"color:#ffffff; background-color:#6f0000; font-size:140; text-align:left; font-family:Default;\" ><div class=\"grid-gallery-figcaption-wrap\" style=\"\"><\/div><\/FIGCAPTION><\/FIGURE><FIGURE class=\"grid-gallery-caption\" data-grid-gallery-type=\"quarter-slide-up\" data-index=\"112\" style=\"display:none;border-radius:00;; margin:5.3px; width:2150;\" ><div class=\"crop\" style=\" width:2150; height:2150; overflow:hidden;\"><img decoding=\"async\" src=\"\/wp-content\/uploads\/2023\/03\/2023.02.06.-Erasmus-KA2-READY-Portugalia-Madeira_115-215x215.jpg\" class=\"ggImg\" alt=\"2023.02.06. - Erasmus+ KA2 READY Portug\u00e1lia - Madeira_115\" title=\"2023.02.06. - Erasmus+ KA2 READY Portug\u00e1lia - Madeira_115\" data-description=\"2023.02.06. - Erasmus+ KA2 READY Portug\u00e1lia - Madeira_115\" data-caption=\"2023.02.06. - Erasmus+ KA2 READY Portug\u00e1lia - Madeira_115\" data-title=\"2023.02.06. - Erasmus+ KA2 READY Portug\u00e1lia - Madeira_115\" style=\" width:215px; height:215px;\" \/><\/div><FIGCAPTION class=\"\" data-alpha=\"5\" style=\"color:#ffffff; background-color:#6f0000; font-size:140; text-align:left; font-family:Default;\" ><div class=\"grid-gallery-figcaption-wrap\" style=\"\"><\/div><\/FIGCAPTION><\/FIGURE><FIGURE class=\"grid-gallery-caption\" data-grid-gallery-type=\"quarter-slide-up\" data-index=\"113\" style=\"display:none;border-radius:00;; margin:5.3px; width:2150;\" ><div class=\"crop\" style=\" width:2150; height:2150; overflow:hidden;\"><img decoding=\"async\" src=\"\/wp-content\/uploads\/2023\/03\/2023.02.06.-Erasmus-KA2-READY-Portugalia-Madeira_116-215x215.jpg\" class=\"ggImg\" alt=\"2023.02.06. - Erasmus+ KA2 READY Portug\u00e1lia - Madeira_116\" title=\"2023.02.06. - Erasmus+ KA2 READY Portug\u00e1lia - Madeira_116\" data-description=\"2023.02.06. - Erasmus+ KA2 READY Portug\u00e1lia - Madeira_116\" data-caption=\"2023.02.06. - Erasmus+ KA2 READY Portug\u00e1lia - Madeira_116\" data-title=\"2023.02.06. - Erasmus+ KA2 READY Portug\u00e1lia - Madeira_116\" style=\" width:215px; height:215px;\" \/><\/div><FIGCAPTION class=\"\" data-alpha=\"5\" style=\"color:#ffffff; background-color:#6f0000; font-size:140; text-align:left; font-family:Default;\" ><div class=\"grid-gallery-figcaption-wrap\" style=\"\"><\/div><\/FIGCAPTION><\/FIGURE><FIGURE class=\"grid-gallery-caption\" data-grid-gallery-type=\"quarter-slide-up\" data-index=\"114\" style=\"display:none;border-radius:00;; margin:5.3px; width:2150;\" ><div class=\"crop\" style=\" width:2150; height:2150; overflow:hidden;\"><img decoding=\"async\" src=\"\/wp-content\/uploads\/2023\/03\/2023.02.06.-Erasmus-KA2-READY-Portugalia-Madeira_117-215x215.jpg\" class=\"ggImg\" alt=\"2023.02.06. - Erasmus+ KA2 READY Portug\u00e1lia - Madeira_117\" title=\"2023.02.06. - Erasmus+ KA2 READY Portug\u00e1lia - Madeira_117\" data-description=\"2023.02.06. - Erasmus+ KA2 READY Portug\u00e1lia - Madeira_117\" data-caption=\"2023.02.06. - Erasmus+ KA2 READY Portug\u00e1lia - Madeira_117\" data-title=\"2023.02.06. - Erasmus+ KA2 READY Portug\u00e1lia - Madeira_117\" style=\" width:215px; height:215px;\" \/><\/div><FIGCAPTION class=\"\" data-alpha=\"5\" style=\"color:#ffffff; background-color:#6f0000; font-size:140; text-align:left; font-family:Default;\" ><div class=\"grid-gallery-figcaption-wrap\" style=\"\"><\/div><\/FIGCAPTION><\/FIGURE><FIGURE class=\"grid-gallery-caption\" data-grid-gallery-type=\"quarter-slide-up\" data-index=\"115\" style=\"display:none;border-radius:00;; margin:5.3px; width:2150;\" ><div class=\"crop\" style=\" width:2150; height:2150; overflow:hidden;\"><img decoding=\"async\" src=\"\/wp-content\/uploads\/2023\/03\/2023.02.06.-Erasmus-KA2-READY-Portugalia-Madeira_118-215x215.jpg\" class=\"ggImg\" alt=\"2023.02.06. - Erasmus+ KA2 READY Portug\u00e1lia - Madeira_118\" title=\"2023.02.06. - Erasmus+ KA2 READY Portug\u00e1lia - Madeira_118\" data-description=\"2023.02.06. - Erasmus+ KA2 READY Portug\u00e1lia - Madeira_118\" data-caption=\"2023.02.06. - Erasmus+ KA2 READY Portug\u00e1lia - Madeira_118\" data-title=\"2023.02.06. - Erasmus+ KA2 READY Portug\u00e1lia - Madeira_118\" style=\" width:215px; height:215px;\" \/><\/div><FIGCAPTION class=\"\" data-alpha=\"5\" style=\"color:#ffffff; background-color:#6f0000; font-size:140; text-align:left; font-family:Default;\" ><div class=\"grid-gallery-figcaption-wrap\" style=\"\"><\/div><\/FIGCAPTION><\/FIGURE><FIGURE class=\"grid-gallery-caption\" data-grid-gallery-type=\"quarter-slide-up\" data-index=\"116\" style=\"display:none;border-radius:00;; margin:5.3px; width:2150;\" ><div class=\"crop\" style=\" width:2150; height:2150; overflow:hidden;\"><img decoding=\"async\" src=\"\/wp-content\/uploads\/2023\/03\/2023.02.06.-Erasmus-KA2-READY-Portugalia-Madeira_119-215x215.jpg\" class=\"ggImg\" alt=\"2023.02.06. - Erasmus+ KA2 READY Portug\u00e1lia - Madeira_119\" title=\"2023.02.06. - Erasmus+ KA2 READY Portug\u00e1lia - Madeira_119\" data-description=\"2023.02.06. - Erasmus+ KA2 READY Portug\u00e1lia - Madeira_119\" data-caption=\"2023.02.06. - Erasmus+ KA2 READY Portug\u00e1lia - Madeira_119\" data-title=\"2023.02.06. - Erasmus+ KA2 READY Portug\u00e1lia - Madeira_119\" style=\" width:215px; height:215px;\" \/><\/div><FIGCAPTION class=\"\" data-alpha=\"5\" style=\"color:#ffffff; background-color:#6f0000; font-size:140; text-align:left; font-family:Default;\" ><div class=\"grid-gallery-figcaption-wrap\" style=\"\"><\/div><\/FIGCAPTION><\/FIGURE><FIGURE class=\"grid-gallery-caption\" data-grid-gallery-type=\"quarter-slide-up\" data-index=\"117\" style=\"display:none;border-radius:00;; margin:5.3px; width:2150;\" ><div class=\"crop\" style=\" width:2150; height:2150; overflow:hidden;\"><img decoding=\"async\" src=\"\/wp-content\/uploads\/2023\/03\/2023.02.06.-Erasmus-KA2-READY-Portugalia-Madeira_120-215x215.jpg\" class=\"ggImg\" alt=\"2023.02.06. - Erasmus+ KA2 READY Portug\u00e1lia - Madeira_120\" title=\"2023.02.06. - Erasmus+ KA2 READY Portug\u00e1lia - Madeira_120\" data-description=\"2023.02.06. - Erasmus+ KA2 READY Portug\u00e1lia - Madeira_120\" data-caption=\"2023.02.06. - Erasmus+ KA2 READY Portug\u00e1lia - Madeira_120\" data-title=\"2023.02.06. - Erasmus+ KA2 READY Portug\u00e1lia - Madeira_120\" style=\" width:215px; height:215px;\" \/><\/div><FIGCAPTION class=\"\" data-alpha=\"5\" style=\"color:#ffffff; background-color:#6f0000; font-size:140; text-align:left; font-family:Default;\" ><div class=\"grid-gallery-figcaption-wrap\" style=\"\"><\/div><\/FIGCAPTION><\/FIGURE><FIGURE class=\"grid-gallery-caption\" data-grid-gallery-type=\"quarter-slide-up\" data-index=\"118\" style=\"display:none;border-radius:00;; margin:5.3px; width:2150;\" ><div class=\"crop\" style=\" width:2150; height:2150; overflow:hidden;\"><img decoding=\"async\" src=\"\/wp-content\/uploads\/2023\/03\/2023.02.06.-Erasmus-KA2-READY-Portugalia-Madeira_121-215x215.jpg\" class=\"ggImg\" alt=\"2023.02.06. - Erasmus+ KA2 READY Portug\u00e1lia - Madeira_121\" title=\"2023.02.06. - Erasmus+ KA2 READY Portug\u00e1lia - Madeira_121\" data-description=\"2023.02.06. - Erasmus+ KA2 READY Portug\u00e1lia - Madeira_121\" data-caption=\"2023.02.06. - Erasmus+ KA2 READY Portug\u00e1lia - Madeira_121\" data-title=\"2023.02.06. - Erasmus+ KA2 READY Portug\u00e1lia - Madeira_121\" style=\" width:215px; height:215px;\" \/><\/div><FIGCAPTION class=\"\" data-alpha=\"5\" style=\"color:#ffffff; background-color:#6f0000; font-size:140; text-align:left; font-family:Default;\" ><div class=\"grid-gallery-figcaption-wrap\" style=\"\"><\/div><\/FIGCAPTION><\/FIGURE><FIGURE class=\"grid-gallery-caption\" data-grid-gallery-type=\"quarter-slide-up\" data-index=\"119\" style=\"display:none;border-radius:00;; margin:5.3px; width:2150;\" ><div class=\"crop\" style=\" width:2150; height:2150; overflow:hidden;\"><img decoding=\"async\" src=\"\/wp-content\/uploads\/2023\/03\/2023.02.06.-Erasmus-KA2-READY-Portugalia-Madeira_122-215x215.jpg\" class=\"ggImg\" alt=\"2023.02.06. - Erasmus+ KA2 READY Portug\u00e1lia - Madeira_122\" title=\"2023.02.06. - Erasmus+ KA2 READY Portug\u00e1lia - Madeira_122\" data-description=\"2023.02.06. - Erasmus+ KA2 READY Portug\u00e1lia - Madeira_122\" data-caption=\"2023.02.06. - Erasmus+ KA2 READY Portug\u00e1lia - Madeira_122\" data-title=\"2023.02.06. - Erasmus+ KA2 READY Portug\u00e1lia - Madeira_122\" style=\" width:215px; height:215px;\" \/><\/div><FIGCAPTION class=\"\" data-alpha=\"5\" style=\"color:#ffffff; background-color:#6f0000; font-size:140; text-align:left; font-family:Default;\" ><div class=\"grid-gallery-figcaption-wrap\" style=\"\"><\/div><\/FIGCAPTION><\/FIGURE><FIGURE class=\"grid-gallery-caption\" data-grid-gallery-type=\"quarter-slide-up\" data-index=\"120\" style=\"display:none;border-radius:00;; margin:5.3px; width:2150;\" ><div class=\"crop\" style=\" width:2150; height:2150; overflow:hidden;\"><img decoding=\"async\" src=\"\/wp-content\/uploads\/2023\/03\/2023.02.06.-Erasmus-KA2-READY-Portugalia-Madeira_123-215x215.jpg\" class=\"ggImg\" alt=\"2023.02.06. - Erasmus+ KA2 READY Portug\u00e1lia - Madeira_123\" title=\"2023.02.06. - Erasmus+ KA2 READY Portug\u00e1lia - Madeira_123\" data-description=\"2023.02.06. - Erasmus+ KA2 READY Portug\u00e1lia - Madeira_123\" data-caption=\"2023.02.06. - Erasmus+ KA2 READY Portug\u00e1lia - Madeira_123\" data-title=\"2023.02.06. - Erasmus+ KA2 READY Portug\u00e1lia - Madeira_123\" style=\" width:215px; height:215px;\" \/><\/div><FIGCAPTION class=\"\" data-alpha=\"5\" style=\"color:#ffffff; background-color:#6f0000; font-size:140; text-align:left; font-family:Default;\" ><div class=\"grid-gallery-figcaption-wrap\" style=\"\"><\/div><\/FIGCAPTION><\/FIGURE><FIGURE class=\"grid-gallery-caption\" data-grid-gallery-type=\"quarter-slide-up\" data-index=\"121\" style=\"display:none;border-radius:00;; margin:5.3px; width:2150;\" ><div class=\"crop\" style=\" width:2150; height:2150; overflow:hidden;\"><img decoding=\"async\" src=\"\/wp-content\/uploads\/2023\/03\/2023.02.06.-Erasmus-KA2-READY-Portugalia-Madeira_124-215x215.jpg\" class=\"ggImg\" alt=\"2023.02.06. - Erasmus+ KA2 READY Portug\u00e1lia - Madeira_124\" title=\"2023.02.06. - Erasmus+ KA2 READY Portug\u00e1lia - Madeira_124\" data-description=\"2023.02.06. - Erasmus+ KA2 READY Portug\u00e1lia - Madeira_124\" data-caption=\"2023.02.06. - Erasmus+ KA2 READY Portug\u00e1lia - Madeira_124\" data-title=\"2023.02.06. - Erasmus+ KA2 READY Portug\u00e1lia - Madeira_124\" style=\" width:215px; height:215px;\" \/><\/div><FIGCAPTION class=\"\" data-alpha=\"5\" style=\"color:#ffffff; background-color:#6f0000; font-size:140; text-align:left; font-family:Default;\" ><div class=\"grid-gallery-figcaption-wrap\" style=\"\"><\/div><\/FIGCAPTION><\/FIGURE><FIGURE class=\"grid-gallery-caption\" data-grid-gallery-type=\"quarter-slide-up\" data-index=\"122\" style=\"display:none;border-radius:00;; margin:5.3px; width:2150;\" ><div class=\"crop\" style=\" width:2150; height:2150; overflow:hidden;\"><img decoding=\"async\" src=\"\/wp-content\/uploads\/2023\/03\/2023.02.06.-Erasmus-KA2-READY-Portugalia-Madeira_125-215x215.jpg\" class=\"ggImg\" alt=\"2023.02.06. - Erasmus+ KA2 READY Portug\u00e1lia - Madeira_125\" title=\"2023.02.06. - Erasmus+ KA2 READY Portug\u00e1lia - Madeira_125\" data-description=\"2023.02.06. - Erasmus+ KA2 READY Portug\u00e1lia - Madeira_125\" data-caption=\"2023.02.06. - Erasmus+ KA2 READY Portug\u00e1lia - Madeira_125\" data-title=\"2023.02.06. - Erasmus+ KA2 READY Portug\u00e1lia - Madeira_125\" style=\" width:215px; height:215px;\" \/><\/div><FIGCAPTION class=\"\" data-alpha=\"5\" style=\"color:#ffffff; background-color:#6f0000; font-size:140; text-align:left; font-family:Default;\" ><div class=\"grid-gallery-figcaption-wrap\" style=\"\"><\/div><\/FIGCAPTION><\/FIGURE><FIGURE class=\"grid-gallery-caption\" data-grid-gallery-type=\"quarter-slide-up\" data-index=\"123\" style=\"display:none;border-radius:00;; margin:5.3px; width:2150;\" ><div class=\"crop\" style=\" width:2150; height:2150; overflow:hidden;\"><img decoding=\"async\" src=\"\/wp-content\/uploads\/2023\/03\/2023.02.06.-Erasmus-KA2-READY-Portugalia-Madeira_126-215x215.jpg\" class=\"ggImg\" alt=\"2023.02.06. - Erasmus+ KA2 READY Portug\u00e1lia - Madeira_126\" title=\"2023.02.06. - Erasmus+ KA2 READY Portug\u00e1lia - Madeira_126\" data-description=\"2023.02.06. - Erasmus+ KA2 READY Portug\u00e1lia - Madeira_126\" data-caption=\"2023.02.06. - Erasmus+ KA2 READY Portug\u00e1lia - Madeira_126\" data-title=\"2023.02.06. - Erasmus+ KA2 READY Portug\u00e1lia - Madeira_126\" style=\" width:215px; height:215px;\" \/><\/div><FIGCAPTION class=\"\" data-alpha=\"5\" style=\"color:#ffffff; background-color:#6f0000; font-size:140; text-align:left; font-family:Default;\" ><div class=\"grid-gallery-figcaption-wrap\" style=\"\"><\/div><\/FIGCAPTION><\/FIGURE><FIGURE class=\"grid-gallery-caption\" data-grid-gallery-type=\"quarter-slide-up\" data-index=\"124\" style=\"display:none;border-radius:00;; margin:5.3px; width:2150;\" ><div class=\"crop\" style=\" width:2150; height:2150; overflow:hidden;\"><img decoding=\"async\" src=\"\/wp-content\/uploads\/2023\/03\/2023.02.06.-Erasmus-KA2-READY-Portugalia-Madeira_127-215x215.jpg\" class=\"ggImg\" alt=\"2023.02.06. - Erasmus+ KA2 READY Portug\u00e1lia - Madeira_127\" title=\"2023.02.06. - Erasmus+ KA2 READY Portug\u00e1lia - Madeira_127\" data-description=\"2023.02.06. - Erasmus+ KA2 READY Portug\u00e1lia - Madeira_127\" data-caption=\"2023.02.06. - Erasmus+ KA2 READY Portug\u00e1lia - Madeira_127\" data-title=\"2023.02.06. - Erasmus+ KA2 READY Portug\u00e1lia - Madeira_127\" style=\" width:215px; height:215px;\" \/><\/div><FIGCAPTION class=\"\" data-alpha=\"5\" style=\"color:#ffffff; background-color:#6f0000; font-size:140; text-align:left; font-family:Default;\" ><div class=\"grid-gallery-figcaption-wrap\" style=\"\"><\/div><\/FIGCAPTION><\/FIGURE><FIGURE class=\"grid-gallery-caption\" data-grid-gallery-type=\"quarter-slide-up\" data-index=\"125\" style=\"display:none;border-radius:00;; margin:5.3px; width:2150;\" ><div class=\"crop\" style=\" width:2150; height:2150; overflow:hidden;\"><img decoding=\"async\" src=\"\/wp-content\/uploads\/2023\/03\/2023.02.06.-Erasmus-KA2-READY-Portugalia-Madeira_128-215x215.jpg\" class=\"ggImg\" alt=\"2023.02.06. - Erasmus+ KA2 READY Portug\u00e1lia - Madeira_128\" title=\"2023.02.06. - Erasmus+ KA2 READY Portug\u00e1lia - Madeira_128\" data-description=\"2023.02.06. - Erasmus+ KA2 READY Portug\u00e1lia - Madeira_128\" data-caption=\"2023.02.06. - Erasmus+ KA2 READY Portug\u00e1lia - Madeira_128\" data-title=\"2023.02.06. - Erasmus+ KA2 READY Portug\u00e1lia - Madeira_128\" style=\" width:215px; height:215px;\" \/><\/div><FIGCAPTION class=\"\" data-alpha=\"5\" style=\"color:#ffffff; background-color:#6f0000; font-size:140; text-align:left; font-family:Default;\" ><div class=\"grid-gallery-figcaption-wrap\" style=\"\"><\/div><\/FIGCAPTION><\/FIGURE><FIGURE class=\"grid-gallery-caption\" data-grid-gallery-type=\"quarter-slide-up\" data-index=\"126\" style=\"display:none;border-radius:00;; margin:5.3px; width:2150;\" ><div class=\"crop\" style=\" width:2150; height:2150; overflow:hidden;\"><img decoding=\"async\" src=\"\/wp-content\/uploads\/2023\/03\/2023.02.06.-Erasmus-KA2-READY-Portugalia-Madeira_129-215x215.jpg\" class=\"ggImg\" alt=\"2023.02.06. - Erasmus+ KA2 READY Portug\u00e1lia - Madeira_129\" title=\"2023.02.06. - Erasmus+ KA2 READY Portug\u00e1lia - Madeira_129\" data-description=\"2023.02.06. - Erasmus+ KA2 READY Portug\u00e1lia - Madeira_129\" data-caption=\"2023.02.06. - Erasmus+ KA2 READY Portug\u00e1lia - Madeira_129\" data-title=\"2023.02.06. - Erasmus+ KA2 READY Portug\u00e1lia - Madeira_129\" style=\" width:215px; height:215px;\" \/><\/div><FIGCAPTION class=\"\" data-alpha=\"5\" style=\"color:#ffffff; background-color:#6f0000; font-size:140; text-align:left; font-family:Default;\" ><div class=\"grid-gallery-figcaption-wrap\" style=\"\"><\/div><\/FIGCAPTION><\/FIGURE><FIGURE class=\"grid-gallery-caption\" data-grid-gallery-type=\"quarter-slide-up\" data-index=\"127\" style=\"display:none;border-radius:00;; margin:5.3px; width:2150;\" ><div class=\"crop\" style=\" width:2150; height:2150; overflow:hidden;\"><img decoding=\"async\" src=\"\/wp-content\/uploads\/2023\/03\/2023.02.06.-Erasmus-KA2-READY-Portugalia-Madeira_130-215x215.jpg\" class=\"ggImg\" alt=\"2023.02.06. - Erasmus+ KA2 READY Portug\u00e1lia - Madeira_130\" title=\"2023.02.06. - Erasmus+ KA2 READY Portug\u00e1lia - Madeira_130\" data-description=\"2023.02.06. - Erasmus+ KA2 READY Portug\u00e1lia - Madeira_130\" data-caption=\"2023.02.06. - Erasmus+ KA2 READY Portug\u00e1lia - Madeira_130\" data-title=\"2023.02.06. - Erasmus+ KA2 READY Portug\u00e1lia - Madeira_130\" style=\" width:215px; height:215px;\" \/><\/div><FIGCAPTION class=\"\" data-alpha=\"5\" style=\"color:#ffffff; background-color:#6f0000; font-size:140; text-align:left; font-family:Default;\" ><div class=\"grid-gallery-figcaption-wrap\" style=\"\"><\/div><\/FIGCAPTION><\/FIGURE><FIGURE class=\"grid-gallery-caption\" data-grid-gallery-type=\"quarter-slide-up\" data-index=\"128\" style=\"display:none;border-radius:00;; margin:5.3px; width:2150;\" ><div class=\"crop\" style=\" width:2150; height:2150; overflow:hidden;\"><img decoding=\"async\" src=\"\/wp-content\/uploads\/2023\/03\/2023.02.06.-Erasmus-KA2-READY-Portugalia-Madeira_131-215x215.jpg\" class=\"ggImg\" alt=\"2023.02.06. - Erasmus+ KA2 READY Portug\u00e1lia - Madeira_131\" title=\"2023.02.06. - Erasmus+ KA2 READY Portug\u00e1lia - Madeira_131\" data-description=\"2023.02.06. - Erasmus+ KA2 READY Portug\u00e1lia - Madeira_131\" data-caption=\"2023.02.06. - Erasmus+ KA2 READY Portug\u00e1lia - Madeira_131\" data-title=\"2023.02.06. - Erasmus+ KA2 READY Portug\u00e1lia - Madeira_131\" style=\" width:215px; height:215px;\" \/><\/div><FIGCAPTION class=\"\" data-alpha=\"5\" style=\"color:#ffffff; background-color:#6f0000; font-size:140; text-align:left; font-family:Default;\" ><div class=\"grid-gallery-figcaption-wrap\" style=\"\"><\/div><\/FIGCAPTION><\/FIGURE><FIGURE class=\"grid-gallery-caption\" data-grid-gallery-type=\"quarter-slide-up\" data-index=\"129\" style=\"display:none;border-radius:00;; margin:5.3px; width:2150;\" ><div class=\"crop\" style=\" width:2150; height:2150; overflow:hidden;\"><img decoding=\"async\" src=\"\/wp-content\/uploads\/2023\/03\/2023.02.06.-Erasmus-KA2-READY-Portugalia-Madeira_132-215x215.jpg\" class=\"ggImg\" alt=\"2023.02.06. - Erasmus+ KA2 READY Portug\u00e1lia - Madeira_132\" title=\"2023.02.06. - Erasmus+ KA2 READY Portug\u00e1lia - Madeira_132\" data-description=\"2023.02.06. - Erasmus+ KA2 READY Portug\u00e1lia - Madeira_132\" data-caption=\"2023.02.06. - Erasmus+ KA2 READY Portug\u00e1lia - Madeira_132\" data-title=\"2023.02.06. - Erasmus+ KA2 READY Portug\u00e1lia - Madeira_132\" style=\" width:215px; height:215px;\" \/><\/div><FIGCAPTION class=\"\" data-alpha=\"5\" style=\"color:#ffffff; background-color:#6f0000; font-size:140; text-align:left; font-family:Default;\" ><div class=\"grid-gallery-figcaption-wrap\" style=\"\"><\/div><\/FIGCAPTION><\/FIGURE><FIGURE class=\"grid-gallery-caption\" data-grid-gallery-type=\"quarter-slide-up\" data-index=\"130\" style=\"display:none;border-radius:00;; margin:5.3px; width:2150;\" ><div class=\"crop\" style=\" width:2150; height:2150; overflow:hidden;\"><img decoding=\"async\" src=\"\/wp-content\/uploads\/2023\/03\/2023.02.06.-Erasmus-KA2-READY-Portugalia-Madeira_133-215x215.jpg\" class=\"ggImg\" alt=\"2023.02.06. - Erasmus+ KA2 READY Portug\u00e1lia - Madeira_133\" title=\"2023.02.06. - Erasmus+ KA2 READY Portug\u00e1lia - Madeira_133\" data-description=\"2023.02.06. - Erasmus+ KA2 READY Portug\u00e1lia - Madeira_133\" data-caption=\"2023.02.06. - Erasmus+ KA2 READY Portug\u00e1lia - Madeira_133\" data-title=\"2023.02.06. - Erasmus+ KA2 READY Portug\u00e1lia - Madeira_133\" style=\" width:215px; height:215px;\" \/><\/div><FIGCAPTION class=\"\" data-alpha=\"5\" style=\"color:#ffffff; background-color:#6f0000; font-size:140; text-align:left; font-family:Default;\" ><div class=\"grid-gallery-figcaption-wrap\" style=\"\"><\/div><\/FIGCAPTION><\/FIGURE><FIGURE class=\"grid-gallery-caption\" data-grid-gallery-type=\"quarter-slide-up\" data-index=\"131\" style=\"display:none;border-radius:00;; margin:5.3px; width:2150;\" ><div class=\"crop\" style=\" width:2150; height:2150; overflow:hidden;\"><img decoding=\"async\" src=\"\/wp-content\/uploads\/2023\/03\/2023.02.06.-Erasmus-KA2-READY-Portugalia-Madeira_134-215x215.jpg\" class=\"ggImg\" alt=\"2023.02.06. - Erasmus+ KA2 READY Portug\u00e1lia - Madeira_134\" title=\"2023.02.06. - Erasmus+ KA2 READY Portug\u00e1lia - Madeira_134\" data-description=\"2023.02.06. - Erasmus+ KA2 READY Portug\u00e1lia - Madeira_134\" data-caption=\"2023.02.06. - Erasmus+ KA2 READY Portug\u00e1lia - Madeira_134\" data-title=\"2023.02.06. - Erasmus+ KA2 READY Portug\u00e1lia - Madeira_134\" style=\" width:215px; height:215px;\" \/><\/div><FIGCAPTION class=\"\" data-alpha=\"5\" style=\"color:#ffffff; background-color:#6f0000; font-size:140; text-align:left; font-family:Default;\" ><div class=\"grid-gallery-figcaption-wrap\" style=\"\"><\/div><\/FIGCAPTION><\/FIGURE><FIGURE class=\"grid-gallery-caption\" data-grid-gallery-type=\"quarter-slide-up\" data-index=\"132\" style=\"display:none;border-radius:00;; margin:5.3px; width:2150;\" ><div class=\"crop\" style=\" width:2150; height:2150; overflow:hidden;\"><img decoding=\"async\" src=\"\/wp-content\/uploads\/2023\/03\/2023.02.06.-Erasmus-KA2-READY-Portugalia-Madeira_136-215x215.jpg\" class=\"ggImg\" alt=\"2023.02.06. - Erasmus+ KA2 READY Portug\u00e1lia - Madeira_136\" title=\"2023.02.06. - Erasmus+ KA2 READY Portug\u00e1lia - Madeira_136\" data-description=\"2023.02.06. - Erasmus+ KA2 READY Portug\u00e1lia - Madeira_136\" data-caption=\"2023.02.06. - Erasmus+ KA2 READY Portug\u00e1lia - Madeira_136\" data-title=\"2023.02.06. - Erasmus+ KA2 READY Portug\u00e1lia - Madeira_136\" style=\" width:215px; height:215px;\" \/><\/div><FIGCAPTION class=\"\" data-alpha=\"5\" style=\"color:#ffffff; background-color:#6f0000; font-size:140; text-align:left; font-family:Default;\" ><div class=\"grid-gallery-figcaption-wrap\" style=\"\"><\/div><\/FIGCAPTION><\/FIGURE><FIGURE class=\"grid-gallery-caption\" data-grid-gallery-type=\"quarter-slide-up\" data-index=\"133\" style=\"display:none;border-radius:00;; margin:5.3px; width:2150;\" ><div class=\"crop\" style=\" width:2150; height:2150; overflow:hidden;\"><img decoding=\"async\" src=\"\/wp-content\/uploads\/2023\/03\/2023.02.06.-Erasmus-KA2-READY-Portugalia-Madeira_137-215x215.jpg\" class=\"ggImg\" alt=\"2023.02.06. - Erasmus+ KA2 READY Portug\u00e1lia - Madeira_137\" title=\"2023.02.06. - Erasmus+ KA2 READY Portug\u00e1lia - Madeira_137\" data-description=\"2023.02.06. - Erasmus+ KA2 READY Portug\u00e1lia - Madeira_137\" data-caption=\"2023.02.06. - Erasmus+ KA2 READY Portug\u00e1lia - Madeira_137\" data-title=\"2023.02.06. - Erasmus+ KA2 READY Portug\u00e1lia - Madeira_137\" style=\" width:215px; height:215px;\" \/><\/div><FIGCAPTION class=\"\" data-alpha=\"5\" style=\"color:#ffffff; background-color:#6f0000; font-size:140; text-align:left; font-family:Default;\" ><div class=\"grid-gallery-figcaption-wrap\" style=\"\"><\/div><\/FIGCAPTION><\/FIGURE><FIGURE class=\"grid-gallery-caption\" data-grid-gallery-type=\"quarter-slide-up\" data-index=\"134\" style=\"display:none;border-radius:00;; margin:5.3px; width:2150;\" ><div class=\"crop\" style=\" width:2150; height:2150; overflow:hidden;\"><img decoding=\"async\" src=\"\/wp-content\/uploads\/2023\/03\/2023.02.06.-Erasmus-KA2-READY-Portugalia-Madeira_138-215x215.jpg\" class=\"ggImg\" alt=\"2023.02.06. - Erasmus+ KA2 READY Portug\u00e1lia - Madeira_138\" title=\"2023.02.06. - Erasmus+ KA2 READY Portug\u00e1lia - Madeira_138\" data-description=\"2023.02.06. - Erasmus+ KA2 READY Portug\u00e1lia - Madeira_138\" data-caption=\"2023.02.06. - Erasmus+ KA2 READY Portug\u00e1lia - Madeira_138\" data-title=\"2023.02.06. - Erasmus+ KA2 READY Portug\u00e1lia - Madeira_138\" style=\" width:215px; height:215px;\" \/><\/div><FIGCAPTION class=\"\" data-alpha=\"5\" style=\"color:#ffffff; background-color:#6f0000; font-size:140; text-align:left; font-family:Default;\" ><div class=\"grid-gallery-figcaption-wrap\" style=\"\"><\/div><\/FIGCAPTION><\/FIGURE><FIGURE class=\"grid-gallery-caption\" data-grid-gallery-type=\"quarter-slide-up\" data-index=\"135\" style=\"display:none;border-radius:00;; margin:5.3px; width:2150;\" ><div class=\"crop\" style=\" width:2150; height:2150; overflow:hidden;\"><img decoding=\"async\" src=\"\/wp-content\/uploads\/2023\/03\/2023.02.06.-Erasmus-KA2-READY-Portugalia-Madeira_139-215x215.jpg\" class=\"ggImg\" alt=\"2023.02.06. - Erasmus+ KA2 READY Portug\u00e1lia - Madeira_139\" title=\"2023.02.06. - Erasmus+ KA2 READY Portug\u00e1lia - Madeira_139\" data-description=\"2023.02.06. - Erasmus+ KA2 READY Portug\u00e1lia - Madeira_139\" data-caption=\"2023.02.06. - Erasmus+ KA2 READY Portug\u00e1lia - Madeira_139\" data-title=\"2023.02.06. - Erasmus+ KA2 READY Portug\u00e1lia - Madeira_139\" style=\" width:215px; height:215px;\" \/><\/div><FIGCAPTION class=\"\" data-alpha=\"5\" style=\"color:#ffffff; background-color:#6f0000; font-size:140; text-align:left; font-family:Default;\" ><div class=\"grid-gallery-figcaption-wrap\" style=\"\"><\/div><\/FIGCAPTION><\/FIGURE><FIGURE class=\"grid-gallery-caption\" data-grid-gallery-type=\"quarter-slide-up\" data-index=\"136\" style=\"display:none;border-radius:00;; margin:5.3px; width:2150;\" ><div class=\"crop\" style=\" width:2150; height:2150; overflow:hidden;\"><img decoding=\"async\" src=\"\/wp-content\/uploads\/2023\/03\/2023.02.06.-Erasmus-KA2-READY-Portugalia-Madeira_140-215x215.jpg\" class=\"ggImg\" alt=\"2023.02.06. - Erasmus+ KA2 READY Portug\u00e1lia - Madeira_140\" title=\"2023.02.06. - Erasmus+ KA2 READY Portug\u00e1lia - Madeira_140\" data-description=\"2023.02.06. - Erasmus+ KA2 READY Portug\u00e1lia - Madeira_140\" data-caption=\"2023.02.06. - Erasmus+ KA2 READY Portug\u00e1lia - Madeira_140\" data-title=\"2023.02.06. - Erasmus+ KA2 READY Portug\u00e1lia - Madeira_140\" style=\" width:215px; height:215px;\" \/><\/div><FIGCAPTION class=\"\" data-alpha=\"5\" style=\"color:#ffffff; background-color:#6f0000; font-size:140; text-align:left; font-family:Default;\" ><div class=\"grid-gallery-figcaption-wrap\" style=\"\"><\/div><\/FIGCAPTION><\/FIGURE><FIGURE class=\"grid-gallery-caption\" data-grid-gallery-type=\"quarter-slide-up\" data-index=\"137\" style=\"display:none;border-radius:00;; margin:5.3px; width:2150;\" ><div class=\"crop\" style=\" width:2150; height:2150; overflow:hidden;\"><img decoding=\"async\" src=\"\/wp-content\/uploads\/2023\/03\/2023.02.06.-Erasmus-KA2-READY-Portugalia-Madeira_142-215x215.jpg\" class=\"ggImg\" alt=\"2023.02.06. - Erasmus+ KA2 READY Portug\u00e1lia - Madeira_142\" title=\"2023.02.06. - Erasmus+ KA2 READY Portug\u00e1lia - Madeira_142\" data-description=\"2023.02.06. - Erasmus+ KA2 READY Portug\u00e1lia - Madeira_142\" data-caption=\"2023.02.06. - Erasmus+ KA2 READY Portug\u00e1lia - Madeira_142\" data-title=\"2023.02.06. - Erasmus+ KA2 READY Portug\u00e1lia - Madeira_142\" style=\" width:215px; height:215px;\" \/><\/div><FIGCAPTION class=\"\" data-alpha=\"5\" style=\"color:#ffffff; background-color:#6f0000; font-size:140; text-align:left; font-family:Default;\" ><div class=\"grid-gallery-figcaption-wrap\" style=\"\"><\/div><\/FIGCAPTION><\/FIGURE><FIGURE class=\"grid-gallery-caption\" data-grid-gallery-type=\"quarter-slide-up\" data-index=\"138\" style=\"display:none;border-radius:00;; margin:5.3px; width:2150;\" ><div class=\"crop\" style=\" width:2150; height:2150; overflow:hidden;\"><img decoding=\"async\" src=\"\/wp-content\/uploads\/2023\/03\/2023.02.06.-Erasmus-KA2-READY-Portugalia-Madeira_143-215x215.jpg\" class=\"ggImg\" alt=\"2023.02.06. - Erasmus+ KA2 READY Portug\u00e1lia - Madeira_143\" title=\"2023.02.06. - Erasmus+ KA2 READY Portug\u00e1lia - Madeira_143\" data-description=\"2023.02.06. - Erasmus+ KA2 READY Portug\u00e1lia - Madeira_143\" data-caption=\"2023.02.06. - Erasmus+ KA2 READY Portug\u00e1lia - Madeira_143\" data-title=\"2023.02.06. - Erasmus+ KA2 READY Portug\u00e1lia - Madeira_143\" style=\" width:215px; height:215px;\" \/><\/div><FIGCAPTION class=\"\" data-alpha=\"5\" style=\"color:#ffffff; background-color:#6f0000; font-size:140; text-align:left; font-family:Default;\" ><div class=\"grid-gallery-figcaption-wrap\" style=\"\"><\/div><\/FIGCAPTION><\/FIGURE><FIGURE class=\"grid-gallery-caption\" data-grid-gallery-type=\"quarter-slide-up\" data-index=\"139\" style=\"display:none;border-radius:00;; margin:5.3px; width:2150;\" ><div class=\"crop\" style=\" width:2150; height:2150; overflow:hidden;\"><img decoding=\"async\" src=\"\/wp-content\/uploads\/2023\/03\/2023.02.06.-Erasmus-KA2-READY-Portugalia-Madeira_144-215x215.jpg\" class=\"ggImg\" alt=\"2023.02.06. - Erasmus+ KA2 READY Portug\u00e1lia - Madeira_144\" title=\"2023.02.06. - Erasmus+ KA2 READY Portug\u00e1lia - Madeira_144\" data-description=\"2023.02.06. - Erasmus+ KA2 READY Portug\u00e1lia - Madeira_144\" data-caption=\"2023.02.06. - Erasmus+ KA2 READY Portug\u00e1lia - Madeira_144\" data-title=\"2023.02.06. - Erasmus+ KA2 READY Portug\u00e1lia - Madeira_144\" style=\" width:215px; height:215px;\" \/><\/div><FIGCAPTION class=\"\" data-alpha=\"5\" style=\"color:#ffffff; background-color:#6f0000; font-size:140; text-align:left; font-family:Default;\" ><div class=\"grid-gallery-figcaption-wrap\" style=\"\"><\/div><\/FIGCAPTION><\/FIGURE><FIGURE class=\"grid-gallery-caption\" data-grid-gallery-type=\"quarter-slide-up\" data-index=\"140\" style=\"display:none;border-radius:00;; margin:5.3px; width:2150;\" ><div class=\"crop\" style=\" width:2150; height:2150; overflow:hidden;\"><img decoding=\"async\" src=\"\/wp-content\/uploads\/2023\/03\/2023.02.06.-Erasmus-KA2-READY-Portugalia-Madeira_145-215x215.jpg\" class=\"ggImg\" alt=\"2023.02.06. - Erasmus+ KA2 READY Portug\u00e1lia - Madeira_145\" title=\"2023.02.06. - Erasmus+ KA2 READY Portug\u00e1lia - Madeira_145\" data-description=\"2023.02.06. - Erasmus+ KA2 READY Portug\u00e1lia - Madeira_145\" data-caption=\"2023.02.06. - Erasmus+ KA2 READY Portug\u00e1lia - Madeira_145\" data-title=\"2023.02.06. - Erasmus+ KA2 READY Portug\u00e1lia - Madeira_145\" style=\" width:215px; height:215px;\" \/><\/div><FIGCAPTION class=\"\" data-alpha=\"5\" style=\"color:#ffffff; background-color:#6f0000; font-size:140; text-align:left; font-family:Default;\" ><div class=\"grid-gallery-figcaption-wrap\" style=\"\"><\/div><\/FIGCAPTION><\/FIGURE><FIGURE class=\"grid-gallery-caption\" data-grid-gallery-type=\"quarter-slide-up\" data-index=\"141\" style=\"display:none;border-radius:00;; margin:5.3px; width:2150;\" ><div class=\"crop\" style=\" width:2150; height:2150; overflow:hidden;\"><img decoding=\"async\" src=\"\/wp-content\/uploads\/2023\/03\/2023.02.06.-Erasmus-KA2-READY-Portugalia-Madeira_146-215x215.jpg\" class=\"ggImg\" alt=\"2023.02.06. - Erasmus+ KA2 READY Portug\u00e1lia - Madeira_146\" title=\"2023.02.06. - Erasmus+ KA2 READY Portug\u00e1lia - Madeira_146\" data-description=\"2023.02.06. - Erasmus+ KA2 READY Portug\u00e1lia - Madeira_146\" data-caption=\"2023.02.06. - Erasmus+ KA2 READY Portug\u00e1lia - Madeira_146\" data-title=\"2023.02.06. - Erasmus+ KA2 READY Portug\u00e1lia - Madeira_146\" style=\" width:215px; height:215px;\" \/><\/div><FIGCAPTION class=\"\" data-alpha=\"5\" style=\"color:#ffffff; background-color:#6f0000; font-size:140; text-align:left; font-family:Default;\" ><div class=\"grid-gallery-figcaption-wrap\" style=\"\"><\/div><\/FIGCAPTION><\/FIGURE><FIGURE class=\"grid-gallery-caption\" data-grid-gallery-type=\"quarter-slide-up\" data-index=\"142\" style=\"display:none;border-radius:00;; margin:5.3px; width:2150;\" ><div class=\"crop\" style=\" width:2150; height:2150; overflow:hidden;\"><img decoding=\"async\" src=\"\/wp-content\/uploads\/2023\/03\/2023.02.06.-Erasmus-KA2-READY-Portugalia-Madeira_147-215x215.jpg\" class=\"ggImg\" alt=\"2023.02.06. - Erasmus+ KA2 READY Portug\u00e1lia - Madeira_147\" title=\"2023.02.06. - Erasmus+ KA2 READY Portug\u00e1lia - Madeira_147\" data-description=\"2023.02.06. - Erasmus+ KA2 READY Portug\u00e1lia - Madeira_147\" data-caption=\"2023.02.06. - Erasmus+ KA2 READY Portug\u00e1lia - Madeira_147\" data-title=\"2023.02.06. - Erasmus+ KA2 READY Portug\u00e1lia - Madeira_147\" style=\" width:215px; height:215px;\" \/><\/div><FIGCAPTION class=\"\" data-alpha=\"5\" style=\"color:#ffffff; background-color:#6f0000; font-size:140; text-align:left; font-family:Default;\" ><div class=\"grid-gallery-figcaption-wrap\" style=\"\"><\/div><\/FIGCAPTION><\/FIGURE><FIGURE class=\"grid-gallery-caption\" data-grid-gallery-type=\"quarter-slide-up\" data-index=\"143\" style=\"display:none;border-radius:00;; margin:5.3px; width:2150;\" ><div class=\"crop\" style=\" width:2150; height:2150; overflow:hidden;\"><img decoding=\"async\" src=\"\/wp-content\/uploads\/2023\/03\/2023.02.06.-Erasmus-KA2-READY-Portugalia-Madeira_148-215x215.jpg\" class=\"ggImg\" alt=\"2023.02.06. - Erasmus+ KA2 READY Portug\u00e1lia - Madeira_148\" title=\"2023.02.06. - Erasmus+ KA2 READY Portug\u00e1lia - Madeira_148\" data-description=\"2023.02.06. - Erasmus+ KA2 READY Portug\u00e1lia - Madeira_148\" data-caption=\"2023.02.06. - Erasmus+ KA2 READY Portug\u00e1lia - Madeira_148\" data-title=\"2023.02.06. - Erasmus+ KA2 READY Portug\u00e1lia - Madeira_148\" style=\" width:215px; height:215px;\" \/><\/div><FIGCAPTION class=\"\" data-alpha=\"5\" style=\"color:#ffffff; background-color:#6f0000; font-size:140; text-align:left; font-family:Default;\" ><div class=\"grid-gallery-figcaption-wrap\" style=\"\"><\/div><\/FIGCAPTION><\/FIGURE><FIGURE class=\"grid-gallery-caption\" data-grid-gallery-type=\"quarter-slide-up\" data-index=\"144\" style=\"display:none;border-radius:00;; margin:5.3px; width:2150;\" ><div class=\"crop\" style=\" width:2150; height:2150; overflow:hidden;\"><img decoding=\"async\" src=\"\/wp-content\/uploads\/2023\/03\/2023.02.06.-Erasmus-KA2-READY-Portugalia-Madeira_149-215x215.jpg\" class=\"ggImg\" alt=\"2023.02.06. - Erasmus+ KA2 READY Portug\u00e1lia - Madeira_149\" title=\"2023.02.06. - Erasmus+ KA2 READY Portug\u00e1lia - Madeira_149\" data-description=\"2023.02.06. - Erasmus+ KA2 READY Portug\u00e1lia - Madeira_149\" data-caption=\"2023.02.06. - Erasmus+ KA2 READY Portug\u00e1lia - Madeira_149\" data-title=\"2023.02.06. - Erasmus+ KA2 READY Portug\u00e1lia - Madeira_149\" style=\" width:215px; height:215px;\" \/><\/div><FIGCAPTION class=\"\" data-alpha=\"5\" style=\"color:#ffffff; background-color:#6f0000; font-size:140; text-align:left; font-family:Default;\" ><div class=\"grid-gallery-figcaption-wrap\" style=\"\"><\/div><\/FIGCAPTION><\/FIGURE><FIGURE class=\"grid-gallery-caption\" data-grid-gallery-type=\"quarter-slide-up\" data-index=\"145\" style=\"display:none;border-radius:00;; margin:5.3px; width:2150;\" ><div class=\"crop\" style=\" width:2150; height:2150; overflow:hidden;\"><img decoding=\"async\" src=\"\/wp-content\/uploads\/2023\/03\/2023.02.06.-Erasmus-KA2-READY-Portugalia-Madeira_150-215x215.jpg\" class=\"ggImg\" alt=\"2023.02.06. - Erasmus+ KA2 READY Portug\u00e1lia - Madeira_150\" title=\"2023.02.06. - Erasmus+ KA2 READY Portug\u00e1lia - Madeira_150\" data-description=\"2023.02.06. - Erasmus+ KA2 READY Portug\u00e1lia - Madeira_150\" data-caption=\"2023.02.06. - Erasmus+ KA2 READY Portug\u00e1lia - Madeira_150\" data-title=\"2023.02.06. - Erasmus+ KA2 READY Portug\u00e1lia - Madeira_150\" style=\" width:215px; height:215px;\" \/><\/div><FIGCAPTION class=\"\" data-alpha=\"5\" style=\"color:#ffffff; background-color:#6f0000; font-size:140; text-align:left; font-family:Default;\" ><div class=\"grid-gallery-figcaption-wrap\" style=\"\"><\/div><\/FIGCAPTION><\/FIGURE><FIGURE class=\"grid-gallery-caption\" data-grid-gallery-type=\"quarter-slide-up\" data-index=\"146\" style=\"display:none;border-radius:00;; margin:5.3px; width:2150;\" ><div class=\"crop\" style=\" width:2150; height:2150; overflow:hidden;\"><img decoding=\"async\" src=\"\/wp-content\/uploads\/2023\/03\/2023.02.06.-Erasmus-KA2-READY-Portugalia-Madeira_151-215x215.jpg\" class=\"ggImg\" alt=\"2023.02.06. - Erasmus+ KA2 READY Portug\u00e1lia - Madeira_151\" title=\"2023.02.06. - Erasmus+ KA2 READY Portug\u00e1lia - Madeira_151\" data-description=\"2023.02.06. - Erasmus+ KA2 READY Portug\u00e1lia - Madeira_151\" data-caption=\"2023.02.06. - Erasmus+ KA2 READY Portug\u00e1lia - Madeira_151\" data-title=\"2023.02.06. - Erasmus+ KA2 READY Portug\u00e1lia - Madeira_151\" style=\" width:215px; height:215px;\" \/><\/div><FIGCAPTION class=\"\" data-alpha=\"5\" style=\"color:#ffffff; background-color:#6f0000; font-size:140; text-align:left; font-family:Default;\" ><div class=\"grid-gallery-figcaption-wrap\" style=\"\"><\/div><\/FIGCAPTION><\/FIGURE><FIGURE class=\"grid-gallery-caption\" data-grid-gallery-type=\"quarter-slide-up\" data-index=\"147\" style=\"display:none;border-radius:00;; margin:5.3px; width:2150;\" ><div class=\"crop\" style=\" width:2150; height:2150; overflow:hidden;\"><img decoding=\"async\" src=\"\/wp-content\/uploads\/2023\/03\/2023.02.06.-Erasmus-KA2-READY-Portugalia-Madeira_152-215x215.jpg\" class=\"ggImg\" alt=\"2023.02.06. - Erasmus+ KA2 READY Portug\u00e1lia - Madeira_152\" title=\"2023.02.06. - Erasmus+ KA2 READY Portug\u00e1lia - Madeira_152\" data-description=\"2023.02.06. - Erasmus+ KA2 READY Portug\u00e1lia - Madeira_152\" data-caption=\"2023.02.06. - Erasmus+ KA2 READY Portug\u00e1lia - Madeira_152\" data-title=\"2023.02.06. - Erasmus+ KA2 READY Portug\u00e1lia - Madeira_152\" style=\" width:215px; height:215px;\" \/><\/div><FIGCAPTION class=\"\" data-alpha=\"5\" style=\"color:#ffffff; background-color:#6f0000; font-size:140; text-align:left; font-family:Default;\" ><div class=\"grid-gallery-figcaption-wrap\" style=\"\"><\/div><\/FIGCAPTION><\/FIGURE><FIGURE class=\"grid-gallery-caption\" data-grid-gallery-type=\"quarter-slide-up\" data-index=\"148\" style=\"display:none;border-radius:00;; margin:5.3px; width:2150;\" ><div class=\"crop\" style=\" width:2150; height:2150; overflow:hidden;\"><img decoding=\"async\" src=\"\/wp-content\/uploads\/2023\/03\/2023.02.06.-Erasmus-KA2-READY-Portugalia-Madeira_153-215x215.jpg\" class=\"ggImg\" alt=\"2023.02.06. - Erasmus+ KA2 READY Portug\u00e1lia - Madeira_153\" title=\"2023.02.06. - Erasmus+ KA2 READY Portug\u00e1lia - Madeira_153\" data-description=\"2023.02.06. - Erasmus+ KA2 READY Portug\u00e1lia - Madeira_153\" data-caption=\"2023.02.06. - Erasmus+ KA2 READY Portug\u00e1lia - Madeira_153\" data-title=\"2023.02.06. - Erasmus+ KA2 READY Portug\u00e1lia - Madeira_153\" style=\" width:215px; height:215px;\" \/><\/div><FIGCAPTION class=\"\" data-alpha=\"5\" style=\"color:#ffffff; background-color:#6f0000; font-size:140; text-align:left; font-family:Default;\" ><div class=\"grid-gallery-figcaption-wrap\" style=\"\"><\/div><\/FIGCAPTION><\/FIGURE><FIGURE class=\"grid-gallery-caption\" data-grid-gallery-type=\"quarter-slide-up\" data-index=\"149\" style=\"display:none;border-radius:00;; margin:5.3px; width:2150;\" ><div class=\"crop\" style=\" width:2150; height:2150; overflow:hidden;\"><img decoding=\"async\" src=\"\/wp-content\/uploads\/2023\/03\/2023.02.06.-Erasmus-KA2-READY-Portugalia-Madeira_154-215x215.jpg\" class=\"ggImg\" alt=\"2023.02.06. - Erasmus+ KA2 READY Portug\u00e1lia - Madeira_154\" title=\"2023.02.06. - Erasmus+ KA2 READY Portug\u00e1lia - Madeira_154\" data-description=\"2023.02.06. - Erasmus+ KA2 READY Portug\u00e1lia - Madeira_154\" data-caption=\"2023.02.06. - Erasmus+ KA2 READY Portug\u00e1lia - Madeira_154\" data-title=\"2023.02.06. - Erasmus+ KA2 READY Portug\u00e1lia - Madeira_154\" style=\" width:215px; height:215px;\" \/><\/div><FIGCAPTION class=\"\" data-alpha=\"5\" style=\"color:#ffffff; background-color:#6f0000; font-size:140; text-align:left; font-family:Default;\" ><div class=\"grid-gallery-figcaption-wrap\" style=\"\"><\/div><\/FIGCAPTION><\/FIGURE><FIGURE class=\"grid-gallery-caption\" data-grid-gallery-type=\"quarter-slide-up\" data-index=\"150\" style=\"display:none;border-radius:00;; margin:5.3px; width:2150;\" ><div class=\"crop\" style=\" width:2150; height:2150; overflow:hidden;\"><img decoding=\"async\" src=\"\/wp-content\/uploads\/2023\/03\/2023.02.06.-Erasmus-KA2-READY-Portugalia-Madeira_155-215x215.jpg\" class=\"ggImg\" alt=\"2023.02.06. - Erasmus+ KA2 READY Portug\u00e1lia - Madeira_155\" title=\"2023.02.06. - Erasmus+ KA2 READY Portug\u00e1lia - Madeira_155\" data-description=\"2023.02.06. - Erasmus+ KA2 READY Portug\u00e1lia - Madeira_155\" data-caption=\"2023.02.06. - Erasmus+ KA2 READY Portug\u00e1lia - Madeira_155\" data-title=\"2023.02.06. - Erasmus+ KA2 READY Portug\u00e1lia - Madeira_155\" style=\" width:215px; height:215px;\" \/><\/div><FIGCAPTION class=\"\" data-alpha=\"5\" style=\"color:#ffffff; background-color:#6f0000; font-size:140; text-align:left; font-family:Default;\" ><div class=\"grid-gallery-figcaption-wrap\" style=\"\"><\/div><\/FIGCAPTION><\/FIGURE><FIGURE class=\"grid-gallery-caption\" data-grid-gallery-type=\"quarter-slide-up\" data-index=\"151\" style=\"display:none;border-radius:00;; margin:5.3px; width:2150;\" ><div class=\"crop\" style=\" width:2150; height:2150; overflow:hidden;\"><img decoding=\"async\" src=\"\/wp-content\/uploads\/2023\/03\/2023.02.06.-Erasmus-KA2-READY-Portugalia-Madeira_156-215x215.jpg\" class=\"ggImg\" alt=\"2023.02.06. - Erasmus+ KA2 READY Portug\u00e1lia - Madeira_156\" title=\"2023.02.06. - Erasmus+ KA2 READY Portug\u00e1lia - Madeira_156\" data-description=\"2023.02.06. - Erasmus+ KA2 READY Portug\u00e1lia - Madeira_156\" data-caption=\"2023.02.06. - Erasmus+ KA2 READY Portug\u00e1lia - Madeira_156\" data-title=\"2023.02.06. - Erasmus+ KA2 READY Portug\u00e1lia - Madeira_156\" style=\" width:215px; height:215px;\" \/><\/div><FIGCAPTION class=\"\" data-alpha=\"5\" style=\"color:#ffffff; background-color:#6f0000; font-size:140; text-align:left; font-family:Default;\" ><div class=\"grid-gallery-figcaption-wrap\" style=\"\"><\/div><\/FIGCAPTION><\/FIGURE><FIGURE class=\"grid-gallery-caption\" data-grid-gallery-type=\"quarter-slide-up\" data-index=\"152\" style=\"display:none;border-radius:00;; margin:5.3px; width:2150;\" ><div class=\"crop\" style=\" width:2150; height:2150; overflow:hidden;\"><img decoding=\"async\" src=\"\/wp-content\/uploads\/2023\/03\/2023.02.06.-Erasmus-KA2-READY-Portugalia-Madeira_157-215x215.jpg\" class=\"ggImg\" alt=\"2023.02.06. - Erasmus+ KA2 READY Portug\u00e1lia - Madeira_157\" title=\"2023.02.06. - Erasmus+ KA2 READY Portug\u00e1lia - Madeira_157\" data-description=\"2023.02.06. - Erasmus+ KA2 READY Portug\u00e1lia - Madeira_157\" data-caption=\"2023.02.06. - Erasmus+ KA2 READY Portug\u00e1lia - Madeira_157\" data-title=\"2023.02.06. - Erasmus+ KA2 READY Portug\u00e1lia - Madeira_157\" style=\" width:215px; height:215px;\" \/><\/div><FIGCAPTION class=\"\" data-alpha=\"5\" style=\"color:#ffffff; background-color:#6f0000; font-size:140; text-align:left; font-family:Default;\" ><div class=\"grid-gallery-figcaption-wrap\" style=\"\"><\/div><\/FIGCAPTION><\/FIGURE><FIGURE class=\"grid-gallery-caption\" data-grid-gallery-type=\"quarter-slide-up\" data-index=\"153\" style=\"display:none;border-radius:00;; margin:5.3px; width:2150;\" ><div class=\"crop\" style=\" width:2150; height:2150; overflow:hidden;\"><img decoding=\"async\" src=\"\/wp-content\/uploads\/2023\/03\/2023.02.06.-Erasmus-KA2-READY-Portugalia-Madeira_158-215x215.jpg\" class=\"ggImg\" alt=\"2023.02.06. - Erasmus+ KA2 READY Portug\u00e1lia - Madeira_158\" title=\"2023.02.06. - Erasmus+ KA2 READY Portug\u00e1lia - Madeira_158\" data-description=\"2023.02.06. - Erasmus+ KA2 READY Portug\u00e1lia - Madeira_158\" data-caption=\"2023.02.06. - Erasmus+ KA2 READY Portug\u00e1lia - Madeira_158\" data-title=\"2023.02.06. - Erasmus+ KA2 READY Portug\u00e1lia - Madeira_158\" style=\" width:215px; height:215px;\" \/><\/div><FIGCAPTION class=\"\" data-alpha=\"5\" style=\"color:#ffffff; background-color:#6f0000; font-size:140; text-align:left; font-family:Default;\" ><div class=\"grid-gallery-figcaption-wrap\" style=\"\"><\/div><\/FIGCAPTION><\/FIGURE><FIGURE class=\"grid-gallery-caption\" data-grid-gallery-type=\"quarter-slide-up\" data-index=\"154\" style=\"display:none;border-radius:00;; margin:5.3px; width:2150;\" ><div class=\"crop\" style=\" width:2150; height:2150; overflow:hidden;\"><img decoding=\"async\" src=\"\/wp-content\/uploads\/2023\/03\/2023.02.06.-Erasmus-KA2-READY-Portugalia-Madeira_159-215x215.jpg\" class=\"ggImg\" alt=\"2023.02.06. - Erasmus+ KA2 READY Portug\u00e1lia - Madeira_159\" title=\"2023.02.06. - Erasmus+ KA2 READY Portug\u00e1lia - Madeira_159\" data-description=\"2023.02.06. - Erasmus+ KA2 READY Portug\u00e1lia - Madeira_159\" data-caption=\"2023.02.06. - Erasmus+ KA2 READY Portug\u00e1lia - Madeira_159\" data-title=\"2023.02.06. - Erasmus+ KA2 READY Portug\u00e1lia - Madeira_159\" style=\" width:215px; height:215px;\" \/><\/div><FIGCAPTION class=\"\" data-alpha=\"5\" style=\"color:#ffffff; background-color:#6f0000; font-size:140; text-align:left; font-family:Default;\" ><div class=\"grid-gallery-figcaption-wrap\" style=\"\"><\/div><\/FIGCAPTION><\/FIGURE><FIGURE class=\"grid-gallery-caption\" data-grid-gallery-type=\"quarter-slide-up\" data-index=\"155\" style=\"display:none;border-radius:00;; margin:5.3px; width:2150;\" ><div class=\"crop\" style=\" width:2150; height:2150; overflow:hidden;\"><img decoding=\"async\" src=\"\/wp-content\/uploads\/2023\/03\/2023.02.06.-Erasmus-KA2-READY-Portugalia-Madeira_160-215x215.jpg\" class=\"ggImg\" alt=\"2023.02.06. - Erasmus+ KA2 READY Portug\u00e1lia - Madeira_160\" title=\"2023.02.06. - Erasmus+ KA2 READY Portug\u00e1lia - Madeira_160\" data-description=\"2023.02.06. - Erasmus+ KA2 READY Portug\u00e1lia - Madeira_160\" data-caption=\"2023.02.06. - Erasmus+ KA2 READY Portug\u00e1lia - Madeira_160\" data-title=\"2023.02.06. - Erasmus+ KA2 READY Portug\u00e1lia - Madeira_160\" style=\" width:215px; height:215px;\" \/><\/div><FIGCAPTION class=\"\" data-alpha=\"5\" style=\"color:#ffffff; background-color:#6f0000; font-size:140; text-align:left; font-family:Default;\" ><div class=\"grid-gallery-figcaption-wrap\" style=\"\"><\/div><\/FIGCAPTION><\/FIGURE><FIGURE class=\"grid-gallery-caption\" data-grid-gallery-type=\"quarter-slide-up\" data-index=\"156\" style=\"display:none;border-radius:00;; margin:5.3px; width:2150;\" ><div class=\"crop\" style=\" width:2150; height:2150; overflow:hidden;\"><img decoding=\"async\" src=\"\/wp-content\/uploads\/2023\/03\/2023.02.06.-Erasmus-KA2-READY-Portugalia-Madeira_161-215x215.jpg\" class=\"ggImg\" alt=\"2023.02.06. - Erasmus+ KA2 READY Portug\u00e1lia - Madeira_161\" title=\"2023.02.06. - Erasmus+ KA2 READY Portug\u00e1lia - Madeira_161\" data-description=\"2023.02.06. - Erasmus+ KA2 READY Portug\u00e1lia - Madeira_161\" data-caption=\"2023.02.06. - Erasmus+ KA2 READY Portug\u00e1lia - Madeira_161\" data-title=\"2023.02.06. - Erasmus+ KA2 READY Portug\u00e1lia - Madeira_161\" style=\" width:215px; height:215px;\" \/><\/div><FIGCAPTION class=\"\" data-alpha=\"5\" style=\"color:#ffffff; background-color:#6f0000; font-size:140; text-align:left; font-family:Default;\" ><div class=\"grid-gallery-figcaption-wrap\" style=\"\"><\/div><\/FIGCAPTION><\/FIGURE><FIGURE class=\"grid-gallery-caption\" data-grid-gallery-type=\"quarter-slide-up\" data-index=\"157\" style=\"display:none;border-radius:00;; margin:5.3px; width:2150;\" ><div class=\"crop\" style=\" width:2150; height:2150; overflow:hidden;\"><img decoding=\"async\" src=\"\/wp-content\/uploads\/2023\/03\/2023.02.06.-Erasmus-KA2-READY-Portugalia-Madeira_162-215x215.jpg\" class=\"ggImg\" alt=\"2023.02.06. - Erasmus+ KA2 READY Portug\u00e1lia - Madeira_162\" title=\"2023.02.06. - Erasmus+ KA2 READY Portug\u00e1lia - Madeira_162\" data-description=\"2023.02.06. - Erasmus+ KA2 READY Portug\u00e1lia - Madeira_162\" data-caption=\"2023.02.06. - Erasmus+ KA2 READY Portug\u00e1lia - Madeira_162\" data-title=\"2023.02.06. - Erasmus+ KA2 READY Portug\u00e1lia - Madeira_162\" style=\" width:215px; height:215px;\" \/><\/div><FIGCAPTION class=\"\" data-alpha=\"5\" style=\"color:#ffffff; background-color:#6f0000; font-size:140; text-align:left; font-family:Default;\" ><div class=\"grid-gallery-figcaption-wrap\" style=\"\"><\/div><\/FIGCAPTION><\/FIGURE><FIGURE class=\"grid-gallery-caption\" data-grid-gallery-type=\"quarter-slide-up\" data-index=\"158\" style=\"display:none;border-radius:00;; margin:5.3px; width:2150;\" ><div class=\"crop\" style=\" width:2150; height:2150; overflow:hidden;\"><img decoding=\"async\" src=\"\/wp-content\/uploads\/2023\/03\/2023.02.06.-Erasmus-KA2-READY-Portugalia-Madeira_163-215x215.jpg\" class=\"ggImg\" alt=\"2023.02.06. - Erasmus+ KA2 READY Portug\u00e1lia - Madeira_163\" title=\"2023.02.06. - Erasmus+ KA2 READY Portug\u00e1lia - Madeira_163\" data-description=\"2023.02.06. - Erasmus+ KA2 READY Portug\u00e1lia - Madeira_163\" data-caption=\"2023.02.06. - Erasmus+ KA2 READY Portug\u00e1lia - Madeira_163\" data-title=\"2023.02.06. - Erasmus+ KA2 READY Portug\u00e1lia - Madeira_163\" style=\" width:215px; height:215px;\" \/><\/div><FIGCAPTION class=\"\" data-alpha=\"5\" style=\"color:#ffffff; background-color:#6f0000; font-size:140; text-align:left; font-family:Default;\" ><div class=\"grid-gallery-figcaption-wrap\" style=\"\"><\/div><\/FIGCAPTION><\/FIGURE><FIGURE class=\"grid-gallery-caption\" data-grid-gallery-type=\"quarter-slide-up\" data-index=\"159\" style=\"display:none;border-radius:00;; margin:5.3px; width:2150;\" ><div class=\"crop\" style=\" width:2150; height:2150; overflow:hidden;\"><img decoding=\"async\" src=\"\/wp-content\/uploads\/2023\/03\/2023.02.06.-Erasmus-KA2-READY-Portugalia-Madeira_164-215x215.jpg\" class=\"ggImg\" alt=\"2023.02.06. - Erasmus+ KA2 READY Portug\u00e1lia - Madeira_164\" title=\"2023.02.06. - Erasmus+ KA2 READY Portug\u00e1lia - Madeira_164\" data-description=\"2023.02.06. - Erasmus+ KA2 READY Portug\u00e1lia - Madeira_164\" data-caption=\"2023.02.06. - Erasmus+ KA2 READY Portug\u00e1lia - Madeira_164\" data-title=\"2023.02.06. - Erasmus+ KA2 READY Portug\u00e1lia - Madeira_164\" style=\" width:215px; height:215px;\" \/><\/div><FIGCAPTION class=\"\" data-alpha=\"5\" style=\"color:#ffffff; background-color:#6f0000; font-size:140; text-align:left; font-family:Default;\" ><div class=\"grid-gallery-figcaption-wrap\" style=\"\"><\/div><\/FIGCAPTION><\/FIGURE><FIGURE class=\"grid-gallery-caption\" data-grid-gallery-type=\"quarter-slide-up\" data-index=\"160\" style=\"display:none;border-radius:00;; margin:5.3px; width:2150;\" ><div class=\"crop\" style=\" width:2150; height:2150; overflow:hidden;\"><img decoding=\"async\" src=\"\/wp-content\/uploads\/2023\/03\/2023.02.06.-Erasmus-KA2-READY-Portugalia-Madeira_165-215x215.jpg\" class=\"ggImg\" alt=\"2023.02.06. - Erasmus+ KA2 READY Portug\u00e1lia - Madeira_165\" title=\"2023.02.06. - Erasmus+ KA2 READY Portug\u00e1lia - Madeira_165\" data-description=\"2023.02.06. - Erasmus+ KA2 READY Portug\u00e1lia - Madeira_165\" data-caption=\"2023.02.06. - Erasmus+ KA2 READY Portug\u00e1lia - Madeira_165\" data-title=\"2023.02.06. - Erasmus+ KA2 READY Portug\u00e1lia - Madeira_165\" style=\" width:215px; height:215px;\" \/><\/div><FIGCAPTION class=\"\" data-alpha=\"5\" style=\"color:#ffffff; background-color:#6f0000; font-size:140; text-align:left; font-family:Default;\" ><div class=\"grid-gallery-figcaption-wrap\" style=\"\"><\/div><\/FIGCAPTION><\/FIGURE><FIGURE class=\"grid-gallery-caption\" data-grid-gallery-type=\"quarter-slide-up\" data-index=\"161\" style=\"display:none;border-radius:00;; margin:5.3px; width:2150;\" ><div class=\"crop\" style=\" width:2150; height:2150; overflow:hidden;\"><img decoding=\"async\" src=\"\/wp-content\/uploads\/2023\/03\/2023.02.06.-Erasmus-KA2-READY-Portugalia-Madeira_166-215x215.jpg\" class=\"ggImg\" alt=\"2023.02.06. - Erasmus+ KA2 READY Portug\u00e1lia - Madeira_166\" title=\"2023.02.06. - Erasmus+ KA2 READY Portug\u00e1lia - Madeira_166\" data-description=\"2023.02.06. - Erasmus+ KA2 READY Portug\u00e1lia - Madeira_166\" data-caption=\"2023.02.06. - Erasmus+ KA2 READY Portug\u00e1lia - Madeira_166\" data-title=\"2023.02.06. - Erasmus+ KA2 READY Portug\u00e1lia - Madeira_166\" style=\" width:215px; height:215px;\" \/><\/div><FIGCAPTION class=\"\" data-alpha=\"5\" style=\"color:#ffffff; background-color:#6f0000; font-size:140; text-align:left; font-family:Default;\" ><div class=\"grid-gallery-figcaption-wrap\" style=\"\"><\/div><\/FIGCAPTION><\/FIGURE><FIGURE class=\"grid-gallery-caption\" data-grid-gallery-type=\"quarter-slide-up\" data-index=\"162\" style=\"display:none;border-radius:00;; margin:5.3px; width:2150;\" ><div class=\"crop\" style=\" width:2150; height:2150; overflow:hidden;\"><img decoding=\"async\" src=\"\/wp-content\/uploads\/2023\/03\/2023.02.06.-Erasmus-KA2-READY-Portugalia-Madeira_167-215x215.jpg\" class=\"ggImg\" alt=\"2023.02.06. - Erasmus+ KA2 READY Portug\u00e1lia - Madeira_167\" title=\"2023.02.06. - Erasmus+ KA2 READY Portug\u00e1lia - Madeira_167\" data-description=\"2023.02.06. - Erasmus+ KA2 READY Portug\u00e1lia - Madeira_167\" data-caption=\"2023.02.06. - Erasmus+ KA2 READY Portug\u00e1lia - Madeira_167\" data-title=\"2023.02.06. - Erasmus+ KA2 READY Portug\u00e1lia - Madeira_167\" style=\" width:215px; height:215px;\" \/><\/div><FIGCAPTION class=\"\" data-alpha=\"5\" style=\"color:#ffffff; background-color:#6f0000; font-size:140; text-align:left; font-family:Default;\" ><div class=\"grid-gallery-figcaption-wrap\" style=\"\"><\/div><\/FIGCAPTION><\/FIGURE><FIGURE class=\"grid-gallery-caption\" data-grid-gallery-type=\"quarter-slide-up\" data-index=\"163\" style=\"display:none;border-radius:00;; margin:5.3px; width:2150;\" ><div class=\"crop\" style=\" width:2150; height:2150; overflow:hidden;\"><img decoding=\"async\" src=\"\/wp-content\/uploads\/2023\/03\/2023.02.06.-Erasmus-KA2-READY-Portugalia-Madeira_168-215x215.jpg\" class=\"ggImg\" alt=\"2023.02.06. - Erasmus+ KA2 READY Portug\u00e1lia - Madeira_168\" title=\"2023.02.06. - Erasmus+ KA2 READY Portug\u00e1lia - Madeira_168\" data-description=\"2023.02.06. - Erasmus+ KA2 READY Portug\u00e1lia - Madeira_168\" data-caption=\"2023.02.06. - Erasmus+ KA2 READY Portug\u00e1lia - Madeira_168\" data-title=\"2023.02.06. - Erasmus+ KA2 READY Portug\u00e1lia - Madeira_168\" style=\" width:215px; height:215px;\" \/><\/div><FIGCAPTION class=\"\" data-alpha=\"5\" style=\"color:#ffffff; background-color:#6f0000; font-size:140; text-align:left; font-family:Default;\" ><div class=\"grid-gallery-figcaption-wrap\" style=\"\"><\/div><\/FIGCAPTION><\/FIGURE><FIGURE class=\"grid-gallery-caption\" data-grid-gallery-type=\"quarter-slide-up\" data-index=\"164\" style=\"display:none;border-radius:00;; margin:5.3px; width:2150;\" ><div class=\"crop\" style=\" width:2150; height:2150; overflow:hidden;\"><img decoding=\"async\" src=\"\/wp-content\/uploads\/2023\/03\/2023.02.06.-Erasmus-KA2-READY-Portugalia-Madeira_169-215x215.jpg\" class=\"ggImg\" alt=\"2023.02.06. - Erasmus+ KA2 READY Portug\u00e1lia - Madeira_169\" title=\"2023.02.06. - Erasmus+ KA2 READY Portug\u00e1lia - Madeira_169\" data-description=\"2023.02.06. - Erasmus+ KA2 READY Portug\u00e1lia - Madeira_169\" data-caption=\"2023.02.06. - Erasmus+ KA2 READY Portug\u00e1lia - Madeira_169\" data-title=\"2023.02.06. - Erasmus+ KA2 READY Portug\u00e1lia - Madeira_169\" style=\" width:215px; height:215px;\" \/><\/div><FIGCAPTION class=\"\" data-alpha=\"5\" style=\"color:#ffffff; background-color:#6f0000; font-size:140; text-align:left; font-family:Default;\" ><div class=\"grid-gallery-figcaption-wrap\" style=\"\"><\/div><\/FIGCAPTION><\/FIGURE><FIGURE class=\"grid-gallery-caption\" data-grid-gallery-type=\"quarter-slide-up\" data-index=\"165\" style=\"display:none;border-radius:00;; margin:5.3px; width:2150;\" ><div class=\"crop\" style=\" width:2150; height:2150; overflow:hidden;\"><img decoding=\"async\" src=\"\/wp-content\/uploads\/2023\/03\/2023.02.06.-Erasmus-KA2-READY-Portugalia-Madeira_170-215x215.jpg\" class=\"ggImg\" alt=\"2023.02.06. - Erasmus+ KA2 READY Portug\u00e1lia - Madeira_170\" title=\"2023.02.06. - Erasmus+ KA2 READY Portug\u00e1lia - Madeira_170\" data-description=\"2023.02.06. - Erasmus+ KA2 READY Portug\u00e1lia - Madeira_170\" data-caption=\"2023.02.06. - Erasmus+ KA2 READY Portug\u00e1lia - Madeira_170\" data-title=\"2023.02.06. - Erasmus+ KA2 READY Portug\u00e1lia - Madeira_170\" style=\" width:215px; height:215px;\" \/><\/div><FIGCAPTION class=\"\" data-alpha=\"5\" style=\"color:#ffffff; background-color:#6f0000; font-size:140; text-align:left; font-family:Default;\" ><div class=\"grid-gallery-figcaption-wrap\" style=\"\"><\/div><\/FIGCAPTION><\/FIGURE><FIGURE class=\"grid-gallery-caption\" data-grid-gallery-type=\"quarter-slide-up\" data-index=\"166\" style=\"display:none;border-radius:00;; margin:5.3px; width:2150;\" ><div class=\"crop\" style=\" width:2150; height:2150; overflow:hidden;\"><img decoding=\"async\" src=\"\/wp-content\/uploads\/2023\/03\/2023.02.06.-Erasmus-KA2-READY-Portugalia-Madeira_171-215x215.jpg\" class=\"ggImg\" alt=\"2023.02.06. - Erasmus+ KA2 READY Portug\u00e1lia - Madeira_171\" title=\"2023.02.06. - Erasmus+ KA2 READY Portug\u00e1lia - Madeira_171\" data-description=\"2023.02.06. - Erasmus+ KA2 READY Portug\u00e1lia - Madeira_171\" data-caption=\"2023.02.06. - Erasmus+ KA2 READY Portug\u00e1lia - Madeira_171\" data-title=\"2023.02.06. - Erasmus+ KA2 READY Portug\u00e1lia - Madeira_171\" style=\" width:215px; height:215px;\" \/><\/div><FIGCAPTION class=\"\" data-alpha=\"5\" style=\"color:#ffffff; background-color:#6f0000; font-size:140; text-align:left; font-family:Default;\" ><div class=\"grid-gallery-figcaption-wrap\" style=\"\"><\/div><\/FIGCAPTION><\/FIGURE><FIGURE class=\"grid-gallery-caption\" data-grid-gallery-type=\"quarter-slide-up\" data-index=\"167\" style=\"display:none;border-radius:00;; margin:5.3px; width:2150;\" ><div class=\"crop\" style=\" width:2150; height:2150; overflow:hidden;\"><img decoding=\"async\" src=\"\/wp-content\/uploads\/2023\/03\/2023.02.06.-Erasmus-KA2-READY-Portugalia-Madeira_172-215x215.jpg\" class=\"ggImg\" alt=\"2023.02.06. - Erasmus+ KA2 READY Portug\u00e1lia - Madeira_172\" title=\"2023.02.06. - Erasmus+ KA2 READY Portug\u00e1lia - Madeira_172\" data-description=\"2023.02.06. - Erasmus+ KA2 READY Portug\u00e1lia - Madeira_172\" data-caption=\"2023.02.06. - Erasmus+ KA2 READY Portug\u00e1lia - Madeira_172\" data-title=\"2023.02.06. - Erasmus+ KA2 READY Portug\u00e1lia - Madeira_172\" style=\" width:215px; height:215px;\" \/><\/div><FIGCAPTION class=\"\" data-alpha=\"5\" style=\"color:#ffffff; background-color:#6f0000; font-size:140; text-align:left; font-family:Default;\" ><div class=\"grid-gallery-figcaption-wrap\" style=\"\"><\/div><\/FIGCAPTION><\/FIGURE><FIGURE class=\"grid-gallery-caption\" data-grid-gallery-type=\"quarter-slide-up\" data-index=\"168\" style=\"display:none;border-radius:00;; margin:5.3px; width:2150;\" ><div class=\"crop\" style=\" width:2150; height:2150; overflow:hidden;\"><img decoding=\"async\" src=\"\/wp-content\/uploads\/2023\/03\/2023.02.06.-Erasmus-KA2-READY-Portugalia-Madeira_173-215x215.jpg\" class=\"ggImg\" alt=\"2023.02.06. - Erasmus+ KA2 READY Portug\u00e1lia - Madeira_173\" title=\"2023.02.06. - Erasmus+ KA2 READY Portug\u00e1lia - Madeira_173\" data-description=\"2023.02.06. - Erasmus+ KA2 READY Portug\u00e1lia - Madeira_173\" data-caption=\"2023.02.06. - Erasmus+ KA2 READY Portug\u00e1lia - Madeira_173\" data-title=\"2023.02.06. - Erasmus+ KA2 READY Portug\u00e1lia - Madeira_173\" style=\" width:215px; height:215px;\" \/><\/div><FIGCAPTION class=\"\" data-alpha=\"5\" style=\"color:#ffffff; background-color:#6f0000; font-size:140; text-align:left; font-family:Default;\" ><div class=\"grid-gallery-figcaption-wrap\" style=\"\"><\/div><\/FIGCAPTION><\/FIGURE><FIGURE class=\"grid-gallery-caption\" data-grid-gallery-type=\"quarter-slide-up\" data-index=\"169\" style=\"display:none;border-radius:00;; margin:5.3px; width:2150;\" ><div class=\"crop\" style=\" width:2150; height:2150; overflow:hidden;\"><img decoding=\"async\" src=\"\/wp-content\/uploads\/2023\/03\/2023.02.06.-Erasmus-KA2-READY-Portugalia-Madeira_174-215x215.jpg\" class=\"ggImg\" alt=\"2023.02.06. - Erasmus+ KA2 READY Portug\u00e1lia - Madeira_174\" title=\"2023.02.06. - Erasmus+ KA2 READY Portug\u00e1lia - Madeira_174\" data-description=\"2023.02.06. - Erasmus+ KA2 READY Portug\u00e1lia - Madeira_174\" data-caption=\"2023.02.06. - Erasmus+ KA2 READY Portug\u00e1lia - Madeira_174\" data-title=\"2023.02.06. - Erasmus+ KA2 READY Portug\u00e1lia - Madeira_174\" style=\" width:215px; height:215px;\" \/><\/div><FIGCAPTION class=\"\" data-alpha=\"5\" style=\"color:#ffffff; background-color:#6f0000; font-size:140; text-align:left; font-family:Default;\" ><div class=\"grid-gallery-figcaption-wrap\" style=\"\"><\/div><\/FIGCAPTION><\/FIGURE><FIGURE class=\"grid-gallery-caption\" data-grid-gallery-type=\"quarter-slide-up\" data-index=\"170\" style=\"display:none;border-radius:00;; margin:5.3px; width:2150;\" ><div class=\"crop\" style=\" width:2150; height:2150; overflow:hidden;\"><img decoding=\"async\" src=\"\/wp-content\/uploads\/2023\/03\/2023.02.06.-Erasmus-KA2-READY-Portugalia-Madeira_175-215x215.jpg\" class=\"ggImg\" alt=\"2023.02.06. - Erasmus+ KA2 READY Portug\u00e1lia - Madeira_175\" title=\"2023.02.06. - Erasmus+ KA2 READY Portug\u00e1lia - Madeira_175\" data-description=\"2023.02.06. - Erasmus+ KA2 READY Portug\u00e1lia - Madeira_175\" data-caption=\"2023.02.06. - Erasmus+ KA2 READY Portug\u00e1lia - Madeira_175\" data-title=\"2023.02.06. - Erasmus+ KA2 READY Portug\u00e1lia - Madeira_175\" style=\" width:215px; height:215px;\" \/><\/div><FIGCAPTION class=\"\" data-alpha=\"5\" style=\"color:#ffffff; background-color:#6f0000; font-size:140; text-align:left; font-family:Default;\" ><div class=\"grid-gallery-figcaption-wrap\" style=\"\"><\/div><\/FIGCAPTION><\/FIGURE><FIGURE class=\"grid-gallery-caption\" data-grid-gallery-type=\"quarter-slide-up\" data-index=\"171\" style=\"display:none;border-radius:00;; margin:5.3px; width:2150;\" ><div class=\"crop\" style=\" width:2150; height:2150; overflow:hidden;\"><img decoding=\"async\" src=\"\/wp-content\/uploads\/2023\/03\/2023.02.06.-Erasmus-KA2-READY-Portugalia-Madeira_176-215x215.jpg\" class=\"ggImg\" alt=\"2023.02.06. - Erasmus+ KA2 READY Portug\u00e1lia - Madeira_176\" title=\"2023.02.06. - Erasmus+ KA2 READY Portug\u00e1lia - Madeira_176\" data-description=\"2023.02.06. - Erasmus+ KA2 READY Portug\u00e1lia - Madeira_176\" data-caption=\"2023.02.06. - Erasmus+ KA2 READY Portug\u00e1lia - Madeira_176\" data-title=\"2023.02.06. - Erasmus+ KA2 READY Portug\u00e1lia - Madeira_176\" style=\" width:215px; height:215px;\" \/><\/div><FIGCAPTION class=\"\" data-alpha=\"5\" style=\"color:#ffffff; background-color:#6f0000; font-size:140; text-align:left; font-family:Default;\" ><div class=\"grid-gallery-figcaption-wrap\" style=\"\"><\/div><\/FIGCAPTION><\/FIGURE><FIGURE class=\"grid-gallery-caption\" data-grid-gallery-type=\"quarter-slide-up\" data-index=\"172\" style=\"display:none;border-radius:00;; margin:5.3px; width:2150;\" ><div class=\"crop\" style=\" width:2150; height:2150; overflow:hidden;\"><img decoding=\"async\" src=\"\/wp-content\/uploads\/2023\/03\/2023.02.06.-Erasmus-KA2-READY-Portugalia-Madeira_177-215x215.jpg\" class=\"ggImg\" alt=\"2023.02.06. - Erasmus+ KA2 READY Portug\u00e1lia - Madeira_177\" title=\"2023.02.06. - Erasmus+ KA2 READY Portug\u00e1lia - Madeira_177\" data-description=\"2023.02.06. - Erasmus+ KA2 READY Portug\u00e1lia - Madeira_177\" data-caption=\"2023.02.06. - Erasmus+ KA2 READY Portug\u00e1lia - Madeira_177\" data-title=\"2023.02.06. - Erasmus+ KA2 READY Portug\u00e1lia - Madeira_177\" style=\" width:215px; height:215px;\" \/><\/div><FIGCAPTION class=\"\" data-alpha=\"5\" style=\"color:#ffffff; background-color:#6f0000; font-size:140; text-align:left; font-family:Default;\" ><div class=\"grid-gallery-figcaption-wrap\" style=\"\"><\/div><\/FIGCAPTION><\/FIGURE><FIGURE class=\"grid-gallery-caption\" data-grid-gallery-type=\"quarter-slide-up\" data-index=\"173\" style=\"display:none;border-radius:00;; margin:5.3px; width:2150;\" ><div class=\"crop\" style=\" width:2150; height:2150; overflow:hidden;\"><img decoding=\"async\" src=\"\/wp-content\/uploads\/2023\/03\/2023.02.06.-Erasmus-KA2-READY-Portugalia-Madeira_178-215x215.jpg\" class=\"ggImg\" alt=\"2023.02.06. - Erasmus+ KA2 READY Portug\u00e1lia - Madeira_178\" title=\"2023.02.06. - Erasmus+ KA2 READY Portug\u00e1lia - Madeira_178\" data-description=\"2023.02.06. - Erasmus+ KA2 READY Portug\u00e1lia - Madeira_178\" data-caption=\"2023.02.06. - Erasmus+ KA2 READY Portug\u00e1lia - Madeira_178\" data-title=\"2023.02.06. - Erasmus+ KA2 READY Portug\u00e1lia - Madeira_178\" style=\" width:215px; height:215px;\" \/><\/div><FIGCAPTION class=\"\" data-alpha=\"5\" style=\"color:#ffffff; background-color:#6f0000; font-size:140; text-align:left; font-family:Default;\" ><div class=\"grid-gallery-figcaption-wrap\" style=\"\"><\/div><\/FIGCAPTION><\/FIGURE><FIGURE class=\"grid-gallery-caption\" data-grid-gallery-type=\"quarter-slide-up\" data-index=\"174\" style=\"display:none;border-radius:00;; margin:5.3px; width:2150;\" ><div class=\"crop\" style=\" width:2150; height:2150; overflow:hidden;\"><img decoding=\"async\" src=\"\/wp-content\/uploads\/2023\/03\/2023.02.06.-Erasmus-KA2-READY-Portugalia-Madeira_179-215x215.jpg\" class=\"ggImg\" alt=\"2023.02.06. - Erasmus+ KA2 READY Portug\u00e1lia - Madeira_179\" title=\"2023.02.06. - Erasmus+ KA2 READY Portug\u00e1lia - Madeira_179\" data-description=\"2023.02.06. - Erasmus+ KA2 READY Portug\u00e1lia - Madeira_179\" data-caption=\"2023.02.06. - Erasmus+ KA2 READY Portug\u00e1lia - Madeira_179\" data-title=\"2023.02.06. - Erasmus+ KA2 READY Portug\u00e1lia - Madeira_179\" style=\" width:215px; height:215px;\" \/><\/div><FIGCAPTION class=\"\" data-alpha=\"5\" style=\"color:#ffffff; background-color:#6f0000; font-size:140; text-align:left; font-family:Default;\" ><div class=\"grid-gallery-figcaption-wrap\" style=\"\"><\/div><\/FIGCAPTION><\/FIGURE><FIGURE class=\"grid-gallery-caption\" data-grid-gallery-type=\"quarter-slide-up\" data-index=\"175\" style=\"display:none;border-radius:00;; margin:5.3px; width:2150;\" ><div class=\"crop\" style=\" width:2150; height:2150; overflow:hidden;\"><img decoding=\"async\" src=\"\/wp-content\/uploads\/2023\/03\/2023.02.06.-Erasmus-KA2-READY-Portugalia-Madeira_180-215x215.jpg\" class=\"ggImg\" alt=\"2023.02.06. - Erasmus+ KA2 READY Portug\u00e1lia - Madeira_180\" title=\"2023.02.06. - Erasmus+ KA2 READY Portug\u00e1lia - Madeira_180\" data-description=\"2023.02.06. - Erasmus+ KA2 READY Portug\u00e1lia - Madeira_180\" data-caption=\"2023.02.06. - Erasmus+ KA2 READY Portug\u00e1lia - Madeira_180\" data-title=\"2023.02.06. - Erasmus+ KA2 READY Portug\u00e1lia - Madeira_180\" style=\" width:215px; height:215px;\" \/><\/div><FIGCAPTION class=\"\" data-alpha=\"5\" style=\"color:#ffffff; background-color:#6f0000; font-size:140; text-align:left; font-family:Default;\" ><div class=\"grid-gallery-figcaption-wrap\" style=\"\"><\/div><\/FIGCAPTION><\/FIGURE><FIGURE class=\"grid-gallery-caption\" data-grid-gallery-type=\"quarter-slide-up\" data-index=\"176\" style=\"display:none;border-radius:00;; margin:5.3px; width:2150;\" ><div class=\"crop\" style=\" width:2150; height:2150; overflow:hidden;\"><img decoding=\"async\" src=\"\/wp-content\/uploads\/2023\/03\/2023.02.06.-Erasmus-KA2-READY-Portugalia-Madeira_181-215x215.jpg\" class=\"ggImg\" alt=\"2023.02.06. - Erasmus+ KA2 READY Portug\u00e1lia - Madeira_181\" title=\"2023.02.06. - Erasmus+ KA2 READY Portug\u00e1lia - Madeira_181\" data-description=\"2023.02.06. - Erasmus+ KA2 READY Portug\u00e1lia - Madeira_181\" data-caption=\"2023.02.06. - Erasmus+ KA2 READY Portug\u00e1lia - Madeira_181\" data-title=\"2023.02.06. - Erasmus+ KA2 READY Portug\u00e1lia - Madeira_181\" style=\" width:215px; height:215px;\" \/><\/div><FIGCAPTION class=\"\" data-alpha=\"5\" style=\"color:#ffffff; background-color:#6f0000; font-size:140; text-align:left; font-family:Default;\" ><div class=\"grid-gallery-figcaption-wrap\" style=\"\"><\/div><\/FIGCAPTION><\/FIGURE><FIGURE class=\"grid-gallery-caption\" data-grid-gallery-type=\"quarter-slide-up\" data-index=\"177\" style=\"display:none;border-radius:00;; margin:5.3px; width:2150;\" ><div class=\"crop\" style=\" width:2150; height:2150; overflow:hidden;\"><img decoding=\"async\" src=\"\/wp-content\/uploads\/2023\/03\/2023.02.06.-Erasmus-KA2-READY-Portugalia-Madeira_182-215x215.jpg\" class=\"ggImg\" alt=\"2023.02.06. - Erasmus+ KA2 READY Portug\u00e1lia - Madeira_182\" title=\"2023.02.06. - Erasmus+ KA2 READY Portug\u00e1lia - Madeira_182\" data-description=\"2023.02.06. - Erasmus+ KA2 READY Portug\u00e1lia - Madeira_182\" data-caption=\"2023.02.06. - Erasmus+ KA2 READY Portug\u00e1lia - Madeira_182\" data-title=\"2023.02.06. - Erasmus+ KA2 READY Portug\u00e1lia - Madeira_182\" style=\" width:215px; height:215px;\" \/><\/div><FIGCAPTION class=\"\" data-alpha=\"5\" style=\"color:#ffffff; background-color:#6f0000; font-size:140; text-align:left; font-family:Default;\" ><div class=\"grid-gallery-figcaption-wrap\" style=\"\"><\/div><\/FIGCAPTION><\/FIGURE><FIGURE class=\"grid-gallery-caption\" data-grid-gallery-type=\"quarter-slide-up\" data-index=\"178\" style=\"display:none;border-radius:00;; margin:5.3px; width:2150;\" ><div class=\"crop\" style=\" width:2150; height:2150; overflow:hidden;\"><img decoding=\"async\" src=\"\/wp-content\/uploads\/2023\/03\/2023.02.06.-Erasmus-KA2-READY-Portugalia-Madeira_183-215x215.jpg\" class=\"ggImg\" alt=\"2023.02.06. - Erasmus+ KA2 READY Portug\u00e1lia - Madeira_183\" title=\"2023.02.06. - Erasmus+ KA2 READY Portug\u00e1lia - Madeira_183\" data-description=\"2023.02.06. - Erasmus+ KA2 READY Portug\u00e1lia - Madeira_183\" data-caption=\"2023.02.06. - Erasmus+ KA2 READY Portug\u00e1lia - Madeira_183\" data-title=\"2023.02.06. - Erasmus+ KA2 READY Portug\u00e1lia - Madeira_183\" style=\" width:215px; height:215px;\" \/><\/div><FIGCAPTION class=\"\" data-alpha=\"5\" style=\"color:#ffffff; background-color:#6f0000; font-size:140; text-align:left; font-family:Default;\" ><div class=\"grid-gallery-figcaption-wrap\" style=\"\"><\/div><\/FIGCAPTION><\/FIGURE><FIGURE class=\"grid-gallery-caption\" data-grid-gallery-type=\"quarter-slide-up\" data-index=\"179\" style=\"display:none;border-radius:00;; margin:5.3px; width:2150;\" ><div class=\"crop\" style=\" width:2150; height:2150; overflow:hidden;\"><img decoding=\"async\" src=\"\/wp-content\/uploads\/2023\/03\/2023.02.06.-Erasmus-KA2-READY-Portugalia-Madeira_184-215x215.jpg\" class=\"ggImg\" alt=\"2023.02.06. - Erasmus+ KA2 READY Portug\u00e1lia - Madeira_184\" title=\"2023.02.06. - Erasmus+ KA2 READY Portug\u00e1lia - Madeira_184\" data-description=\"2023.02.06. - Erasmus+ KA2 READY Portug\u00e1lia - Madeira_184\" data-caption=\"2023.02.06. - Erasmus+ KA2 READY Portug\u00e1lia - Madeira_184\" data-title=\"2023.02.06. - Erasmus+ KA2 READY Portug\u00e1lia - Madeira_184\" style=\" width:215px; height:215px;\" \/><\/div><FIGCAPTION class=\"\" data-alpha=\"5\" style=\"color:#ffffff; background-color:#6f0000; font-size:140; text-align:left; font-family:Default;\" ><div class=\"grid-gallery-figcaption-wrap\" style=\"\"><\/div><\/FIGCAPTION><\/FIGURE><FIGURE class=\"grid-gallery-caption\" data-grid-gallery-type=\"quarter-slide-up\" data-index=\"180\" style=\"display:none;border-radius:00;; margin:5.3px; width:2150;\" ><div class=\"crop\" style=\" width:2150; height:2150; overflow:hidden;\"><img decoding=\"async\" src=\"\/wp-content\/uploads\/2023\/03\/2023.02.06.-Erasmus-KA2-READY-Portugalia-Madeira_185-215x215.jpg\" class=\"ggImg\" alt=\"2023.02.06. - Erasmus+ KA2 READY Portug\u00e1lia - Madeira_185\" title=\"2023.02.06. - Erasmus+ KA2 READY Portug\u00e1lia - Madeira_185\" data-description=\"2023.02.06. - Erasmus+ KA2 READY Portug\u00e1lia - Madeira_185\" data-caption=\"2023.02.06. - Erasmus+ KA2 READY Portug\u00e1lia - Madeira_185\" data-title=\"2023.02.06. - Erasmus+ KA2 READY Portug\u00e1lia - Madeira_185\" style=\" width:215px; height:215px;\" \/><\/div><FIGCAPTION class=\"\" data-alpha=\"5\" style=\"color:#ffffff; background-color:#6f0000; font-size:140; text-align:left; font-family:Default;\" ><div class=\"grid-gallery-figcaption-wrap\" style=\"\"><\/div><\/FIGCAPTION><\/FIGURE><FIGURE class=\"grid-gallery-caption\" data-grid-gallery-type=\"quarter-slide-up\" data-index=\"181\" style=\"display:none;border-radius:00;; margin:5.3px; width:2150;\" ><div class=\"crop\" style=\" width:2150; height:2150; overflow:hidden;\"><img decoding=\"async\" src=\"\/wp-content\/uploads\/2023\/03\/2023.02.06.-Erasmus-KA2-READY-Portugalia-Madeira_186-215x215.jpg\" class=\"ggImg\" alt=\"2023.02.06. - Erasmus+ KA2 READY Portug\u00e1lia - Madeira_186\" title=\"2023.02.06. - Erasmus+ KA2 READY Portug\u00e1lia - Madeira_186\" data-description=\"2023.02.06. - Erasmus+ KA2 READY Portug\u00e1lia - Madeira_186\" data-caption=\"2023.02.06. - Erasmus+ KA2 READY Portug\u00e1lia - Madeira_186\" data-title=\"2023.02.06. - Erasmus+ KA2 READY Portug\u00e1lia - Madeira_186\" style=\" width:215px; height:215px;\" \/><\/div><FIGCAPTION class=\"\" data-alpha=\"5\" style=\"color:#ffffff; background-color:#6f0000; font-size:140; text-align:left; font-family:Default;\" ><div class=\"grid-gallery-figcaption-wrap\" style=\"\"><\/div><\/FIGCAPTION><\/FIGURE><FIGURE class=\"grid-gallery-caption\" data-grid-gallery-type=\"quarter-slide-up\" data-index=\"182\" style=\"display:none;border-radius:00;; margin:5.3px; width:2150;\" ><div class=\"crop\" style=\" width:2150; height:2150; overflow:hidden;\"><img decoding=\"async\" src=\"\/wp-content\/uploads\/2023\/03\/2023.02.06.-Erasmus-KA2-READY-Portugalia-Madeira_187-215x215.jpg\" class=\"ggImg\" alt=\"2023.02.06. - Erasmus+ KA2 READY Portug\u00e1lia - Madeira_187\" title=\"2023.02.06. - Erasmus+ KA2 READY Portug\u00e1lia - Madeira_187\" data-description=\"2023.02.06. - Erasmus+ KA2 READY Portug\u00e1lia - Madeira_187\" data-caption=\"2023.02.06. - Erasmus+ KA2 READY Portug\u00e1lia - Madeira_187\" data-title=\"2023.02.06. - Erasmus+ KA2 READY Portug\u00e1lia - Madeira_187\" style=\" width:215px; height:215px;\" \/><\/div><FIGCAPTION class=\"\" data-alpha=\"5\" style=\"color:#ffffff; background-color:#6f0000; font-size:140; text-align:left; font-family:Default;\" ><div class=\"grid-gallery-figcaption-wrap\" style=\"\"><\/div><\/FIGCAPTION><\/FIGURE><FIGURE class=\"grid-gallery-caption\" data-grid-gallery-type=\"quarter-slide-up\" data-index=\"183\" style=\"display:none;border-radius:00;; margin:5.3px; width:2150;\" ><div class=\"crop\" style=\" width:2150; height:2150; overflow:hidden;\"><img decoding=\"async\" src=\"\/wp-content\/uploads\/2023\/03\/2023.02.06.-Erasmus-KA2-READY-Portugalia-Madeira_188-215x215.jpg\" class=\"ggImg\" alt=\"2023.02.06. - Erasmus+ KA2 READY Portug\u00e1lia - Madeira_188\" title=\"2023.02.06. - Erasmus+ KA2 READY Portug\u00e1lia - Madeira_188\" data-description=\"2023.02.06. - Erasmus+ KA2 READY Portug\u00e1lia - Madeira_188\" data-caption=\"2023.02.06. - Erasmus+ KA2 READY Portug\u00e1lia - Madeira_188\" data-title=\"2023.02.06. - Erasmus+ KA2 READY Portug\u00e1lia - Madeira_188\" style=\" width:215px; height:215px;\" \/><\/div><FIGCAPTION class=\"\" data-alpha=\"5\" style=\"color:#ffffff; background-color:#6f0000; font-size:140; text-align:left; font-family:Default;\" ><div class=\"grid-gallery-figcaption-wrap\" style=\"\"><\/div><\/FIGCAPTION><\/FIGURE><FIGURE class=\"grid-gallery-caption\" data-grid-gallery-type=\"quarter-slide-up\" data-index=\"184\" style=\"display:none;border-radius:00;; margin:5.3px; width:2150;\" ><div class=\"crop\" style=\" width:2150; height:2150; overflow:hidden;\"><img decoding=\"async\" src=\"\/wp-content\/uploads\/2023\/03\/2023.02.06.-Erasmus-KA2-READY-Portugalia-Madeira_189-215x215.jpg\" class=\"ggImg\" alt=\"2023.02.06. - Erasmus+ KA2 READY Portug\u00e1lia - Madeira_189\" title=\"2023.02.06. - Erasmus+ KA2 READY Portug\u00e1lia - Madeira_189\" data-description=\"2023.02.06. - Erasmus+ KA2 READY Portug\u00e1lia - Madeira_189\" data-caption=\"2023.02.06. - Erasmus+ KA2 READY Portug\u00e1lia - Madeira_189\" data-title=\"2023.02.06. - Erasmus+ KA2 READY Portug\u00e1lia - Madeira_189\" style=\" width:215px; height:215px;\" \/><\/div><FIGCAPTION class=\"\" data-alpha=\"5\" style=\"color:#ffffff; background-color:#6f0000; font-size:140; text-align:left; font-family:Default;\" ><div class=\"grid-gallery-figcaption-wrap\" style=\"\"><\/div><\/FIGCAPTION><\/FIGURE><FIGURE class=\"grid-gallery-caption\" data-grid-gallery-type=\"quarter-slide-up\" data-index=\"185\" style=\"display:none;border-radius:00;; margin:5.3px; width:2150;\" ><div class=\"crop\" style=\" width:2150; height:2150; overflow:hidden;\"><img decoding=\"async\" src=\"\/wp-content\/uploads\/2023\/03\/2023.02.06.-Erasmus-KA2-READY-Portugalia-Madeira_190-215x215.jpg\" class=\"ggImg\" alt=\"2023.02.06. - Erasmus+ KA2 READY Portug\u00e1lia - Madeira_190\" title=\"2023.02.06. - Erasmus+ KA2 READY Portug\u00e1lia - Madeira_190\" data-description=\"2023.02.06. - Erasmus+ KA2 READY Portug\u00e1lia - Madeira_190\" data-caption=\"2023.02.06. - Erasmus+ KA2 READY Portug\u00e1lia - Madeira_190\" data-title=\"2023.02.06. - Erasmus+ KA2 READY Portug\u00e1lia - Madeira_190\" style=\" width:215px; height:215px;\" \/><\/div><FIGCAPTION class=\"\" data-alpha=\"5\" style=\"color:#ffffff; background-color:#6f0000; font-size:140; text-align:left; font-family:Default;\" ><div class=\"grid-gallery-figcaption-wrap\" style=\"\"><\/div><\/FIGCAPTION><\/FIGURE><FIGURE class=\"grid-gallery-caption\" data-grid-gallery-type=\"quarter-slide-up\" data-index=\"186\" style=\"display:none;border-radius:00;; margin:5.3px; width:2150;\" ><div class=\"crop\" style=\" width:2150; height:2150; overflow:hidden;\"><img decoding=\"async\" src=\"\/wp-content\/uploads\/2023\/03\/2023.02.06.-Erasmus-KA2-READY-Portugalia-Madeira_191-215x215.jpg\" class=\"ggImg\" alt=\"2023.02.06. - Erasmus+ KA2 READY Portug\u00e1lia - Madeira_191\" title=\"2023.02.06. - Erasmus+ KA2 READY Portug\u00e1lia - Madeira_191\" data-description=\"2023.02.06. - Erasmus+ KA2 READY Portug\u00e1lia - Madeira_191\" data-caption=\"2023.02.06. - Erasmus+ KA2 READY Portug\u00e1lia - Madeira_191\" data-title=\"2023.02.06. - Erasmus+ KA2 READY Portug\u00e1lia - Madeira_191\" style=\" width:215px; height:215px;\" \/><\/div><FIGCAPTION class=\"\" data-alpha=\"5\" style=\"color:#ffffff; background-color:#6f0000; font-size:140; text-align:left; font-family:Default;\" ><div class=\"grid-gallery-figcaption-wrap\" style=\"\"><\/div><\/FIGCAPTION><\/FIGURE><FIGURE class=\"grid-gallery-caption\" data-grid-gallery-type=\"quarter-slide-up\" data-index=\"187\" style=\"display:none;border-radius:00;; margin:5.3px; width:2150;\" ><div class=\"crop\" style=\" width:2150; height:2150; overflow:hidden;\"><img decoding=\"async\" src=\"\/wp-content\/uploads\/2023\/03\/2023.02.06.-Erasmus-KA2-READY-Portugalia-Madeira_192-215x215.jpg\" class=\"ggImg\" alt=\"2023.02.06. - Erasmus+ KA2 READY Portug\u00e1lia - Madeira_192\" title=\"2023.02.06. - Erasmus+ KA2 READY Portug\u00e1lia - Madeira_192\" data-description=\"2023.02.06. - Erasmus+ KA2 READY Portug\u00e1lia - Madeira_192\" data-caption=\"2023.02.06. - Erasmus+ KA2 READY Portug\u00e1lia - Madeira_192\" data-title=\"2023.02.06. - Erasmus+ KA2 READY Portug\u00e1lia - Madeira_192\" style=\" width:215px; height:215px;\" \/><\/div><FIGCAPTION class=\"\" data-alpha=\"5\" style=\"color:#ffffff; background-color:#6f0000; font-size:140; text-align:left; font-family:Default;\" ><div class=\"grid-gallery-figcaption-wrap\" style=\"\"><\/div><\/FIGCAPTION><\/FIGURE><FIGURE class=\"grid-gallery-caption\" data-grid-gallery-type=\"quarter-slide-up\" data-index=\"188\" style=\"display:none;border-radius:00;; margin:5.3px; width:2150;\" ><div class=\"crop\" style=\" width:2150; height:2150; overflow:hidden;\"><img decoding=\"async\" src=\"\/wp-content\/uploads\/2023\/03\/2023.02.06.-Erasmus-KA2-READY-Portugalia-Madeira_193-215x215.jpg\" class=\"ggImg\" alt=\"2023.02.06. - Erasmus+ KA2 READY Portug\u00e1lia - Madeira_193\" title=\"2023.02.06. - Erasmus+ KA2 READY Portug\u00e1lia - Madeira_193\" data-description=\"2023.02.06. - Erasmus+ KA2 READY Portug\u00e1lia - Madeira_193\" data-caption=\"2023.02.06. - Erasmus+ KA2 READY Portug\u00e1lia - Madeira_193\" data-title=\"2023.02.06. - Erasmus+ KA2 READY Portug\u00e1lia - Madeira_193\" style=\" width:215px; height:215px;\" \/><\/div><FIGCAPTION class=\"\" data-alpha=\"5\" style=\"color:#ffffff; background-color:#6f0000; font-size:140; text-align:left; font-family:Default;\" ><div class=\"grid-gallery-figcaption-wrap\" style=\"\"><\/div><\/FIGCAPTION><\/FIGURE><FIGURE class=\"grid-gallery-caption\" data-grid-gallery-type=\"quarter-slide-up\" data-index=\"189\" style=\"display:none;border-radius:00;; margin:5.3px; width:2150;\" ><div class=\"crop\" style=\" width:2150; height:2150; overflow:hidden;\"><img decoding=\"async\" src=\"\/wp-content\/uploads\/2023\/03\/2023.02.06.-Erasmus-KA2-READY-Portugalia-Madeira_194-215x215.jpg\" class=\"ggImg\" alt=\"2023.02.06. - Erasmus+ KA2 READY Portug\u00e1lia - Madeira_194\" title=\"2023.02.06. - Erasmus+ KA2 READY Portug\u00e1lia - Madeira_194\" data-description=\"2023.02.06. - Erasmus+ KA2 READY Portug\u00e1lia - Madeira_194\" data-caption=\"2023.02.06. - Erasmus+ KA2 READY Portug\u00e1lia - Madeira_194\" data-title=\"2023.02.06. - Erasmus+ KA2 READY Portug\u00e1lia - Madeira_194\" style=\" width:215px; height:215px;\" \/><\/div><FIGCAPTION class=\"\" data-alpha=\"5\" style=\"color:#ffffff; background-color:#6f0000; font-size:140; text-align:left; font-family:Default;\" ><div class=\"grid-gallery-figcaption-wrap\" style=\"\"><\/div><\/FIGCAPTION><\/FIGURE><FIGURE class=\"grid-gallery-caption\" data-grid-gallery-type=\"quarter-slide-up\" data-index=\"190\" style=\"display:none;border-radius:00;; margin:5.3px; width:2150;\" ><div class=\"crop\" style=\" width:2150; height:2150; overflow:hidden;\"><img decoding=\"async\" src=\"\/wp-content\/uploads\/2023\/03\/2023.02.06.-Erasmus-KA2-READY-Portugalia-Madeira_195-215x215.jpg\" class=\"ggImg\" alt=\"2023.02.06. - Erasmus+ KA2 READY Portug\u00e1lia - Madeira_195\" title=\"2023.02.06. - Erasmus+ KA2 READY Portug\u00e1lia - Madeira_195\" data-description=\"2023.02.06. - Erasmus+ KA2 READY Portug\u00e1lia - Madeira_195\" data-caption=\"2023.02.06. - Erasmus+ KA2 READY Portug\u00e1lia - Madeira_195\" data-title=\"2023.02.06. - Erasmus+ KA2 READY Portug\u00e1lia - Madeira_195\" style=\" width:215px; height:215px;\" \/><\/div><FIGCAPTION class=\"\" data-alpha=\"5\" style=\"color:#ffffff; background-color:#6f0000; font-size:140; text-align:left; font-family:Default;\" ><div class=\"grid-gallery-figcaption-wrap\" style=\"\"><\/div><\/FIGCAPTION><\/FIGURE><FIGURE class=\"grid-gallery-caption\" data-grid-gallery-type=\"quarter-slide-up\" data-index=\"191\" style=\"display:none;border-radius:00;; margin:5.3px; width:2150;\" ><div class=\"crop\" style=\" width:2150; height:2150; overflow:hidden;\"><img decoding=\"async\" src=\"\/wp-content\/uploads\/2023\/03\/2023.02.06.-Erasmus-KA2-READY-Portugalia-Madeira_196-215x215.jpg\" class=\"ggImg\" alt=\"2023.02.06. - Erasmus+ KA2 READY Portug\u00e1lia - Madeira_196\" title=\"2023.02.06. - Erasmus+ KA2 READY Portug\u00e1lia - Madeira_196\" data-description=\"2023.02.06. - Erasmus+ KA2 READY Portug\u00e1lia - Madeira_196\" data-caption=\"2023.02.06. - Erasmus+ KA2 READY Portug\u00e1lia - Madeira_196\" data-title=\"2023.02.06. - Erasmus+ KA2 READY Portug\u00e1lia - Madeira_196\" style=\" width:215px; height:215px;\" \/><\/div><FIGCAPTION class=\"\" data-alpha=\"5\" style=\"color:#ffffff; background-color:#6f0000; font-size:140; text-align:left; font-family:Default;\" ><div class=\"grid-gallery-figcaption-wrap\" style=\"\"><\/div><\/FIGCAPTION><\/FIGURE><FIGURE class=\"grid-gallery-caption\" data-grid-gallery-type=\"quarter-slide-up\" data-index=\"192\" style=\"display:none;border-radius:00;; margin:5.3px; width:2150;\" ><div class=\"crop\" style=\" width:2150; height:2150; overflow:hidden;\"><img decoding=\"async\" src=\"\/wp-content\/uploads\/2023\/03\/2023.02.06.-Erasmus-KA2-READY-Portugalia-Madeira_197-215x215.jpg\" class=\"ggImg\" alt=\"2023.02.06. - Erasmus+ KA2 READY Portug\u00e1lia - Madeira_197\" title=\"2023.02.06. - Erasmus+ KA2 READY Portug\u00e1lia - Madeira_197\" data-description=\"2023.02.06. - Erasmus+ KA2 READY Portug\u00e1lia - Madeira_197\" data-caption=\"2023.02.06. - Erasmus+ KA2 READY Portug\u00e1lia - Madeira_197\" data-title=\"2023.02.06. - Erasmus+ KA2 READY Portug\u00e1lia - Madeira_197\" style=\" width:215px; height:215px;\" \/><\/div><FIGCAPTION class=\"\" data-alpha=\"5\" style=\"color:#ffffff; background-color:#6f0000; font-size:140; text-align:left; font-family:Default;\" ><div class=\"grid-gallery-figcaption-wrap\" style=\"\"><\/div><\/FIGCAPTION><\/FIGURE><FIGURE class=\"grid-gallery-caption\" data-grid-gallery-type=\"quarter-slide-up\" data-index=\"193\" style=\"display:none;border-radius:00;; margin:5.3px; width:2150;\" ><div class=\"crop\" style=\" width:2150; height:2150; overflow:hidden;\"><img decoding=\"async\" src=\"\/wp-content\/uploads\/2023\/03\/2023.02.06.-Erasmus-KA2-READY-Portugalia-Madeira_198-215x215.jpg\" class=\"ggImg\" alt=\"2023.02.06. - Erasmus+ KA2 READY Portug\u00e1lia - Madeira_198\" title=\"2023.02.06. - Erasmus+ KA2 READY Portug\u00e1lia - Madeira_198\" data-description=\"2023.02.06. - Erasmus+ KA2 READY Portug\u00e1lia - Madeira_198\" data-caption=\"2023.02.06. - Erasmus+ KA2 READY Portug\u00e1lia - Madeira_198\" data-title=\"2023.02.06. - Erasmus+ KA2 READY Portug\u00e1lia - Madeira_198\" style=\" width:215px; height:215px;\" \/><\/div><FIGCAPTION class=\"\" data-alpha=\"5\" style=\"color:#ffffff; background-color:#6f0000; font-size:140; text-align:left; font-family:Default;\" ><div class=\"grid-gallery-figcaption-wrap\" style=\"\"><\/div><\/FIGCAPTION><\/FIGURE><FIGURE class=\"grid-gallery-caption\" data-grid-gallery-type=\"quarter-slide-up\" data-index=\"194\" style=\"display:none;border-radius:00;; margin:5.3px; width:2150;\" ><div class=\"crop\" style=\" width:2150; height:2150; overflow:hidden;\"><img decoding=\"async\" src=\"\/wp-content\/uploads\/2023\/03\/2023.02.06.-Erasmus-KA2-READY-Portugalia-Madeira_199-215x215.jpg\" class=\"ggImg\" alt=\"2023.02.06. - Erasmus+ KA2 READY Portug\u00e1lia - Madeira_199\" title=\"2023.02.06. - Erasmus+ KA2 READY Portug\u00e1lia - Madeira_199\" data-description=\"2023.02.06. - Erasmus+ KA2 READY Portug\u00e1lia - Madeira_199\" data-caption=\"2023.02.06. - Erasmus+ KA2 READY Portug\u00e1lia - Madeira_199\" data-title=\"2023.02.06. - Erasmus+ KA2 READY Portug\u00e1lia - Madeira_199\" style=\" width:215px; height:215px;\" \/><\/div><FIGCAPTION class=\"\" data-alpha=\"5\" style=\"color:#ffffff; background-color:#6f0000; font-size:140; text-align:left; font-family:Default;\" ><div class=\"grid-gallery-figcaption-wrap\" style=\"\"><\/div><\/FIGCAPTION><\/FIGURE><FIGURE class=\"grid-gallery-caption\" data-grid-gallery-type=\"quarter-slide-up\" data-index=\"195\" style=\"display:none;border-radius:00;; margin:5.3px; width:2150;\" ><div class=\"crop\" style=\" width:2150; height:2150; overflow:hidden;\"><img decoding=\"async\" src=\"\/wp-content\/uploads\/2023\/03\/2023.02.06.-Erasmus-KA2-READY-Portugalia-Madeira_200-215x215.jpg\" class=\"ggImg\" alt=\"2023.02.06. - Erasmus+ KA2 READY Portug\u00e1lia - Madeira_200\" title=\"2023.02.06. - Erasmus+ KA2 READY Portug\u00e1lia - Madeira_200\" data-description=\"2023.02.06. - Erasmus+ KA2 READY Portug\u00e1lia - Madeira_200\" data-caption=\"2023.02.06. - Erasmus+ KA2 READY Portug\u00e1lia - Madeira_200\" data-title=\"2023.02.06. - Erasmus+ KA2 READY Portug\u00e1lia - Madeira_200\" style=\" width:215px; height:215px;\" \/><\/div><FIGCAPTION class=\"\" data-alpha=\"5\" style=\"color:#ffffff; background-color:#6f0000; font-size:140; text-align:left; font-family:Default;\" ><div class=\"grid-gallery-figcaption-wrap\" style=\"\"><\/div><\/FIGCAPTION><\/FIGURE><FIGURE class=\"grid-gallery-caption\" data-grid-gallery-type=\"quarter-slide-up\" data-index=\"196\" style=\"display:none;border-radius:00;; margin:5.3px; width:2150;\" ><div class=\"crop\" style=\" width:2150; height:2150; overflow:hidden;\"><img decoding=\"async\" src=\"\/wp-content\/uploads\/2023\/03\/2023.02.06.-Erasmus-KA2-READY-Portugalia-Madeira_201-215x215.jpg\" class=\"ggImg\" alt=\"2023.02.06. - Erasmus+ KA2 READY Portug\u00e1lia - Madeira_201\" title=\"2023.02.06. - Erasmus+ KA2 READY Portug\u00e1lia - Madeira_201\" data-description=\"2023.02.06. - Erasmus+ KA2 READY Portug\u00e1lia - Madeira_201\" data-caption=\"2023.02.06. - Erasmus+ KA2 READY Portug\u00e1lia - Madeira_201\" data-title=\"2023.02.06. - Erasmus+ KA2 READY Portug\u00e1lia - Madeira_201\" style=\" width:215px; height:215px;\" \/><\/div><FIGCAPTION class=\"\" data-alpha=\"5\" style=\"color:#ffffff; background-color:#6f0000; font-size:140; text-align:left; font-family:Default;\" ><div class=\"grid-gallery-figcaption-wrap\" style=\"\"><\/div><\/FIGCAPTION><\/FIGURE><FIGURE class=\"grid-gallery-caption\" data-grid-gallery-type=\"quarter-slide-up\" data-index=\"197\" style=\"display:none;border-radius:00;; margin:5.3px; width:2150;\" ><div class=\"crop\" style=\" width:2150; height:2150; overflow:hidden;\"><img decoding=\"async\" src=\"\/wp-content\/uploads\/2023\/03\/2023.02.06.-Erasmus-KA2-READY-Portugalia-Madeira_202-215x215.jpg\" class=\"ggImg\" alt=\"2023.02.06. - Erasmus+ KA2 READY Portug\u00e1lia - Madeira_202\" title=\"2023.02.06. - Erasmus+ KA2 READY Portug\u00e1lia - Madeira_202\" data-description=\"2023.02.06. - Erasmus+ KA2 READY Portug\u00e1lia - Madeira_202\" data-caption=\"2023.02.06. - Erasmus+ KA2 READY Portug\u00e1lia - Madeira_202\" data-title=\"2023.02.06. - Erasmus+ KA2 READY Portug\u00e1lia - Madeira_202\" style=\" width:215px; height:215px;\" \/><\/div><FIGCAPTION class=\"\" data-alpha=\"5\" style=\"color:#ffffff; background-color:#6f0000; font-size:140; text-align:left; font-family:Default;\" ><div class=\"grid-gallery-figcaption-wrap\" style=\"\"><\/div><\/FIGCAPTION><\/FIGURE><FIGURE class=\"grid-gallery-caption\" data-grid-gallery-type=\"quarter-slide-up\" data-index=\"198\" style=\"display:none;border-radius:00;; margin:5.3px; width:2150;\" ><div class=\"crop\" style=\" width:2150; height:2150; overflow:hidden;\"><img decoding=\"async\" src=\"\/wp-content\/uploads\/2023\/03\/2023.02.06.-Erasmus-KA2-READY-Portugalia-Madeira_203-215x215.jpg\" class=\"ggImg\" alt=\"2023.02.06. - Erasmus+ KA2 READY Portug\u00e1lia - Madeira_203\" title=\"2023.02.06. - Erasmus+ KA2 READY Portug\u00e1lia - Madeira_203\" data-description=\"2023.02.06. - Erasmus+ KA2 READY Portug\u00e1lia - Madeira_203\" data-caption=\"2023.02.06. - Erasmus+ KA2 READY Portug\u00e1lia - Madeira_203\" data-title=\"2023.02.06. - Erasmus+ KA2 READY Portug\u00e1lia - Madeira_203\" style=\" width:215px; height:215px;\" \/><\/div><FIGCAPTION class=\"\" data-alpha=\"5\" style=\"color:#ffffff; background-color:#6f0000; font-size:140; text-align:left; font-family:Default;\" ><div class=\"grid-gallery-figcaption-wrap\" style=\"\"><\/div><\/FIGCAPTION><\/FIGURE><FIGURE class=\"grid-gallery-caption\" data-grid-gallery-type=\"quarter-slide-up\" data-index=\"199\" style=\"display:none;border-radius:00;; margin:5.3px; width:2150;\" ><div class=\"crop\" style=\" width:2150; height:2150; overflow:hidden;\"><img decoding=\"async\" src=\"\/wp-content\/uploads\/2023\/03\/2023.02.06.-Erasmus-KA2-READY-Portugalia-Madeira_204-215x215.jpg\" class=\"ggImg\" alt=\"2023.02.06. - Erasmus+ KA2 READY Portug\u00e1lia - Madeira_204\" title=\"2023.02.06. - Erasmus+ KA2 READY Portug\u00e1lia - Madeira_204\" data-description=\"2023.02.06. - Erasmus+ KA2 READY Portug\u00e1lia - Madeira_204\" data-caption=\"2023.02.06. - Erasmus+ KA2 READY Portug\u00e1lia - Madeira_204\" data-title=\"2023.02.06. - Erasmus+ KA2 READY Portug\u00e1lia - Madeira_204\" style=\" width:215px; height:215px;\" \/><\/div><FIGCAPTION class=\"\" data-alpha=\"5\" style=\"color:#ffffff; background-color:#6f0000; font-size:140; text-align:left; font-family:Default;\" ><div class=\"grid-gallery-figcaption-wrap\" style=\"\"><\/div><\/FIGCAPTION><\/FIGURE><FIGURE class=\"grid-gallery-caption\" data-grid-gallery-type=\"quarter-slide-up\" data-index=\"200\" style=\"display:none;border-radius:00;; margin:5.3px; width:2150;\" ><div class=\"crop\" style=\" width:2150; height:2150; overflow:hidden;\"><img decoding=\"async\" src=\"\/wp-content\/uploads\/2023\/03\/2023.02.06.-Erasmus-KA2-READY-Portugalia-Madeira_205-215x215.jpg\" class=\"ggImg\" alt=\"2023.02.06. - Erasmus+ KA2 READY Portug\u00e1lia - Madeira_205\" title=\"2023.02.06. - Erasmus+ KA2 READY Portug\u00e1lia - Madeira_205\" data-description=\"2023.02.06. - Erasmus+ KA2 READY Portug\u00e1lia - Madeira_205\" data-caption=\"2023.02.06. - Erasmus+ KA2 READY Portug\u00e1lia - Madeira_205\" data-title=\"2023.02.06. - Erasmus+ KA2 READY Portug\u00e1lia - Madeira_205\" style=\" width:215px; height:215px;\" \/><\/div><FIGCAPTION class=\"\" data-alpha=\"5\" style=\"color:#ffffff; background-color:#6f0000; font-size:140; text-align:left; font-family:Default;\" ><div class=\"grid-gallery-figcaption-wrap\" style=\"\"><\/div><\/FIGCAPTION><\/FIGURE><FIGURE class=\"grid-gallery-caption\" data-grid-gallery-type=\"quarter-slide-up\" data-index=\"201\" style=\"display:none;border-radius:00;; margin:5.3px; width:2150;\" ><div class=\"crop\" style=\" width:2150; height:2150; overflow:hidden;\"><img decoding=\"async\" src=\"\/wp-content\/uploads\/2023\/03\/2023.02.06.-Erasmus-KA2-READY-Portugalia-Madeira_206-215x215.jpg\" class=\"ggImg\" alt=\"2023.02.06. - Erasmus+ KA2 READY Portug\u00e1lia - Madeira_206\" title=\"2023.02.06. - Erasmus+ KA2 READY Portug\u00e1lia - Madeira_206\" data-description=\"2023.02.06. - Erasmus+ KA2 READY Portug\u00e1lia - Madeira_206\" data-caption=\"2023.02.06. - Erasmus+ KA2 READY Portug\u00e1lia - Madeira_206\" data-title=\"2023.02.06. - Erasmus+ KA2 READY Portug\u00e1lia - Madeira_206\" style=\" width:215px; height:215px;\" \/><\/div><FIGCAPTION class=\"\" data-alpha=\"5\" style=\"color:#ffffff; background-color:#6f0000; font-size:140; text-align:left; font-family:Default;\" ><div class=\"grid-gallery-figcaption-wrap\" style=\"\"><\/div><\/FIGCAPTION><\/FIGURE><FIGURE class=\"grid-gallery-caption\" data-grid-gallery-type=\"quarter-slide-up\" data-index=\"202\" style=\"display:none;border-radius:00;; margin:5.3px; width:2150;\" ><div class=\"crop\" style=\" width:2150; height:2150; overflow:hidden;\"><img decoding=\"async\" src=\"\/wp-content\/uploads\/2023\/03\/2023.02.06.-Erasmus-KA2-READY-Portugalia-Madeira_207-215x215.jpg\" class=\"ggImg\" alt=\"2023.02.06. - Erasmus+ KA2 READY Portug\u00e1lia - Madeira_207\" title=\"2023.02.06. - Erasmus+ KA2 READY Portug\u00e1lia - Madeira_207\" data-description=\"2023.02.06. - Erasmus+ KA2 READY Portug\u00e1lia - Madeira_207\" data-caption=\"2023.02.06. - Erasmus+ KA2 READY Portug\u00e1lia - Madeira_207\" data-title=\"2023.02.06. - Erasmus+ KA2 READY Portug\u00e1lia - Madeira_207\" style=\" width:215px; height:215px;\" \/><\/div><FIGCAPTION class=\"\" data-alpha=\"5\" style=\"color:#ffffff; background-color:#6f0000; font-size:140; text-align:left; font-family:Default;\" ><div class=\"grid-gallery-figcaption-wrap\" style=\"\"><\/div><\/FIGCAPTION><\/FIGURE><FIGURE class=\"grid-gallery-caption\" data-grid-gallery-type=\"quarter-slide-up\" data-index=\"203\" style=\"display:none;border-radius:00;; margin:5.3px; width:2150;\" ><div class=\"crop\" style=\" width:2150; height:2150; overflow:hidden;\"><img decoding=\"async\" src=\"\/wp-content\/uploads\/2023\/03\/2023.02.06.-Erasmus-KA2-READY-Portugalia-Madeira_208-215x215.jpg\" class=\"ggImg\" alt=\"2023.02.06. - Erasmus+ KA2 READY Portug\u00e1lia - Madeira_208\" title=\"2023.02.06. - Erasmus+ KA2 READY Portug\u00e1lia - Madeira_208\" data-description=\"2023.02.06. - Erasmus+ KA2 READY Portug\u00e1lia - Madeira_208\" data-caption=\"2023.02.06. - Erasmus+ KA2 READY Portug\u00e1lia - Madeira_208\" data-title=\"2023.02.06. - Erasmus+ KA2 READY Portug\u00e1lia - Madeira_208\" style=\" width:215px; height:215px;\" \/><\/div><FIGCAPTION class=\"\" data-alpha=\"5\" style=\"color:#ffffff; background-color:#6f0000; font-size:140; text-align:left; font-family:Default;\" ><div class=\"grid-gallery-figcaption-wrap\" style=\"\"><\/div><\/FIGCAPTION><\/FIGURE><FIGURE class=\"grid-gallery-caption\" data-grid-gallery-type=\"quarter-slide-up\" data-index=\"204\" style=\"display:none;border-radius:00;; margin:5.3px; width:2150;\" ><div class=\"crop\" style=\" width:2150; height:2150; overflow:hidden;\"><img decoding=\"async\" src=\"\/wp-content\/uploads\/2023\/03\/2023.02.06.-Erasmus-KA2-READY-Portugalia-Madeira_209-215x215.jpg\" class=\"ggImg\" alt=\"2023.02.06. - Erasmus+ KA2 READY Portug\u00e1lia - Madeira_209\" title=\"2023.02.06. - Erasmus+ KA2 READY Portug\u00e1lia - Madeira_209\" data-description=\"2023.02.06. - Erasmus+ KA2 READY Portug\u00e1lia - Madeira_209\" data-caption=\"2023.02.06. - Erasmus+ KA2 READY Portug\u00e1lia - Madeira_209\" data-title=\"2023.02.06. - Erasmus+ KA2 READY Portug\u00e1lia - Madeira_209\" style=\" width:215px; height:215px;\" \/><\/div><FIGCAPTION class=\"\" data-alpha=\"5\" style=\"color:#ffffff; background-color:#6f0000; font-size:140; text-align:left; font-family:Default;\" ><div class=\"grid-gallery-figcaption-wrap\" style=\"\"><\/div><\/FIGCAPTION><\/FIGURE><FIGURE class=\"grid-gallery-caption\" data-grid-gallery-type=\"quarter-slide-up\" data-index=\"205\" style=\"display:none;border-radius:00;; margin:5.3px; width:2150;\" ><div class=\"crop\" style=\" width:2150; height:2150; overflow:hidden;\"><img decoding=\"async\" src=\"\/wp-content\/uploads\/2023\/03\/2023.02.06.-Erasmus-KA2-READY-Portugalia-Madeira_210-215x215.jpg\" class=\"ggImg\" alt=\"2023.02.06. - Erasmus+ KA2 READY Portug\u00e1lia - Madeira_210\" title=\"2023.02.06. - Erasmus+ KA2 READY Portug\u00e1lia - Madeira_210\" data-description=\"2023.02.06. - Erasmus+ KA2 READY Portug\u00e1lia - Madeira_210\" data-caption=\"2023.02.06. - Erasmus+ KA2 READY Portug\u00e1lia - Madeira_210\" data-title=\"2023.02.06. - Erasmus+ KA2 READY Portug\u00e1lia - Madeira_210\" style=\" width:215px; height:215px;\" \/><\/div><FIGCAPTION class=\"\" data-alpha=\"5\" style=\"color:#ffffff; background-color:#6f0000; font-size:140; text-align:left; font-family:Default;\" ><div class=\"grid-gallery-figcaption-wrap\" style=\"\"><\/div><\/FIGCAPTION><\/FIGURE><FIGURE class=\"grid-gallery-caption\" data-grid-gallery-type=\"quarter-slide-up\" data-index=\"206\" style=\"display:none;border-radius:00;; margin:5.3px; width:2150;\" ><div class=\"crop\" style=\" width:2150; height:2150; overflow:hidden;\"><img decoding=\"async\" src=\"\/wp-content\/uploads\/2023\/03\/2023.02.06.-Erasmus-KA2-READY-Portugalia-Madeira_211-215x215.jpg\" class=\"ggImg\" alt=\"2023.02.06. - Erasmus+ KA2 READY Portug\u00e1lia - Madeira_211\" title=\"2023.02.06. - Erasmus+ KA2 READY Portug\u00e1lia - Madeira_211\" data-description=\"2023.02.06. - Erasmus+ KA2 READY Portug\u00e1lia - Madeira_211\" data-caption=\"2023.02.06. - Erasmus+ KA2 READY Portug\u00e1lia - Madeira_211\" data-title=\"2023.02.06. - Erasmus+ KA2 READY Portug\u00e1lia - Madeira_211\" style=\" width:215px; height:215px;\" \/><\/div><FIGCAPTION class=\"\" data-alpha=\"5\" style=\"color:#ffffff; background-color:#6f0000; font-size:140; text-align:left; font-family:Default;\" ><div class=\"grid-gallery-figcaption-wrap\" style=\"\"><\/div><\/FIGCAPTION><\/FIGURE><FIGURE class=\"grid-gallery-caption\" data-grid-gallery-type=\"quarter-slide-up\" data-index=\"207\" style=\"display:none;border-radius:00;; margin:5.3px; width:2150;\" ><div class=\"crop\" style=\" width:2150; height:2150; overflow:hidden;\"><img decoding=\"async\" src=\"\/wp-content\/uploads\/2023\/03\/2023.02.06.-Erasmus-KA2-READY-Portugalia-Madeira_212-215x215.jpg\" class=\"ggImg\" alt=\"2023.02.06. - Erasmus+ KA2 READY Portug\u00e1lia - Madeira_212\" title=\"2023.02.06. - Erasmus+ KA2 READY Portug\u00e1lia - Madeira_212\" data-description=\"2023.02.06. - Erasmus+ KA2 READY Portug\u00e1lia - Madeira_212\" data-caption=\"2023.02.06. - Erasmus+ KA2 READY Portug\u00e1lia - Madeira_212\" data-title=\"2023.02.06. - Erasmus+ KA2 READY Portug\u00e1lia - Madeira_212\" style=\" width:215px; height:215px;\" \/><\/div><FIGCAPTION class=\"\" data-alpha=\"5\" style=\"color:#ffffff; background-color:#6f0000; font-size:140; text-align:left; font-family:Default;\" ><div class=\"grid-gallery-figcaption-wrap\" style=\"\"><\/div><\/FIGCAPTION><\/FIGURE><FIGURE class=\"grid-gallery-caption\" data-grid-gallery-type=\"quarter-slide-up\" data-index=\"208\" style=\"display:none;border-radius:00;; margin:5.3px; width:2150;\" ><div class=\"crop\" style=\" width:2150; height:2150; overflow:hidden;\"><img decoding=\"async\" src=\"\/wp-content\/uploads\/2023\/03\/2023.02.06.-Erasmus-KA2-READY-Portugalia-Madeira_213-215x215.jpg\" class=\"ggImg\" alt=\"2023.02.06. - Erasmus+ KA2 READY Portug\u00e1lia - Madeira_213\" title=\"2023.02.06. - Erasmus+ KA2 READY Portug\u00e1lia - Madeira_213\" data-description=\"2023.02.06. - Erasmus+ KA2 READY Portug\u00e1lia - Madeira_213\" data-caption=\"2023.02.06. - Erasmus+ KA2 READY Portug\u00e1lia - Madeira_213\" data-title=\"2023.02.06. - Erasmus+ KA2 READY Portug\u00e1lia - Madeira_213\" style=\" width:215px; height:215px;\" \/><\/div><FIGCAPTION class=\"\" data-alpha=\"5\" style=\"color:#ffffff; background-color:#6f0000; font-size:140; text-align:left; font-family:Default;\" ><div class=\"grid-gallery-figcaption-wrap\" style=\"\"><\/div><\/FIGCAPTION><\/FIGURE><FIGURE class=\"grid-gallery-caption\" data-grid-gallery-type=\"quarter-slide-up\" data-index=\"209\" style=\"display:none;border-radius:00;; margin:5.3px; width:2150;\" ><div class=\"crop\" style=\" width:2150; height:2150; overflow:hidden;\"><img decoding=\"async\" src=\"\/wp-content\/uploads\/2023\/03\/2023.02.06.-Erasmus-KA2-READY-Portugalia-Madeira_214-215x215.jpg\" class=\"ggImg\" alt=\"2023.02.06. - Erasmus+ KA2 READY Portug\u00e1lia - Madeira_214\" title=\"2023.02.06. - Erasmus+ KA2 READY Portug\u00e1lia - Madeira_214\" data-description=\"2023.02.06. - Erasmus+ KA2 READY Portug\u00e1lia - Madeira_214\" data-caption=\"2023.02.06. - Erasmus+ KA2 READY Portug\u00e1lia - Madeira_214\" data-title=\"2023.02.06. - Erasmus+ KA2 READY Portug\u00e1lia - Madeira_214\" style=\" width:215px; height:215px;\" \/><\/div><FIGCAPTION class=\"\" data-alpha=\"5\" style=\"color:#ffffff; background-color:#6f0000; font-size:140; text-align:left; font-family:Default;\" ><div class=\"grid-gallery-figcaption-wrap\" style=\"\"><\/div><\/FIGCAPTION><\/FIGURE><FIGURE class=\"grid-gallery-caption\" data-grid-gallery-type=\"quarter-slide-up\" data-index=\"210\" style=\"display:none;border-radius:00;; margin:5.3px; width:2150;\" ><div class=\"crop\" style=\" width:2150; height:2150; overflow:hidden;\"><img decoding=\"async\" src=\"\/wp-content\/uploads\/2023\/03\/2023.02.06.-Erasmus-KA2-READY-Portugalia-Madeira_215-215x215.jpg\" class=\"ggImg\" alt=\"2023.02.06. - Erasmus+ KA2 READY Portug\u00e1lia - Madeira_215\" title=\"2023.02.06. - Erasmus+ KA2 READY Portug\u00e1lia - Madeira_215\" data-description=\"2023.02.06. - Erasmus+ KA2 READY Portug\u00e1lia - Madeira_215\" data-caption=\"2023.02.06. - Erasmus+ KA2 READY Portug\u00e1lia - Madeira_215\" data-title=\"2023.02.06. - Erasmus+ KA2 READY Portug\u00e1lia - Madeira_215\" style=\" width:215px; height:215px;\" \/><\/div><FIGCAPTION class=\"\" data-alpha=\"5\" style=\"color:#ffffff; background-color:#6f0000; font-size:140; text-align:left; font-family:Default;\" ><div class=\"grid-gallery-figcaption-wrap\" style=\"\"><\/div><\/FIGCAPTION><\/FIGURE><FIGURE class=\"grid-gallery-caption\" data-grid-gallery-type=\"quarter-slide-up\" data-index=\"211\" style=\"display:none;border-radius:00;; margin:5.3px; width:2150;\" ><div class=\"crop\" style=\" width:2150; height:2150; overflow:hidden;\"><img decoding=\"async\" src=\"\/wp-content\/uploads\/2023\/03\/2023.02.06.-Erasmus-KA2-READY-Portugalia-Madeira_216-215x215.jpg\" class=\"ggImg\" alt=\"2023.02.06. - Erasmus+ KA2 READY Portug\u00e1lia - Madeira_216\" title=\"2023.02.06. - Erasmus+ KA2 READY Portug\u00e1lia - Madeira_216\" data-description=\"2023.02.06. - Erasmus+ KA2 READY Portug\u00e1lia - Madeira_216\" data-caption=\"2023.02.06. - Erasmus+ KA2 READY Portug\u00e1lia - Madeira_216\" data-title=\"2023.02.06. - Erasmus+ KA2 READY Portug\u00e1lia - Madeira_216\" style=\" width:215px; height:215px;\" \/><\/div><FIGCAPTION class=\"\" data-alpha=\"5\" style=\"color:#ffffff; background-color:#6f0000; font-size:140; text-align:left; font-family:Default;\" ><div class=\"grid-gallery-figcaption-wrap\" style=\"\"><\/div><\/FIGCAPTION><\/FIGURE><FIGURE class=\"grid-gallery-caption\" data-grid-gallery-type=\"quarter-slide-up\" data-index=\"212\" style=\"display:none;border-radius:00;; margin:5.3px; width:2150;\" ><div class=\"crop\" style=\" width:2150; height:2150; overflow:hidden;\"><img decoding=\"async\" src=\"\/wp-content\/uploads\/2023\/03\/2023.02.06.-Erasmus-KA2-READY-Portugalia-Madeira_217-215x215.jpg\" class=\"ggImg\" alt=\"2023.02.06. - Erasmus+ KA2 READY Portug\u00e1lia - Madeira_217\" title=\"2023.02.06. - Erasmus+ KA2 READY Portug\u00e1lia - Madeira_217\" data-description=\"2023.02.06. - Erasmus+ KA2 READY Portug\u00e1lia - Madeira_217\" data-caption=\"2023.02.06. - Erasmus+ KA2 READY Portug\u00e1lia - Madeira_217\" data-title=\"2023.02.06. - Erasmus+ KA2 READY Portug\u00e1lia - Madeira_217\" style=\" width:215px; height:215px;\" \/><\/div><FIGCAPTION class=\"\" data-alpha=\"5\" style=\"color:#ffffff; background-color:#6f0000; font-size:140; text-align:left; font-family:Default;\" ><div class=\"grid-gallery-figcaption-wrap\" style=\"\"><\/div><\/FIGCAPTION><\/FIGURE><FIGURE class=\"grid-gallery-caption\" data-grid-gallery-type=\"quarter-slide-up\" data-index=\"213\" style=\"display:none;border-radius:00;; margin:5.3px; width:2150;\" ><div class=\"crop\" style=\" width:2150; height:2150; overflow:hidden;\"><img decoding=\"async\" src=\"\/wp-content\/uploads\/2023\/03\/2023.02.06.-Erasmus-KA2-READY-Portugalia-Madeira_218-215x215.jpg\" class=\"ggImg\" alt=\"2023.02.06. - Erasmus+ KA2 READY Portug\u00e1lia - Madeira_218\" title=\"2023.02.06. - Erasmus+ KA2 READY Portug\u00e1lia - Madeira_218\" data-description=\"2023.02.06. - Erasmus+ KA2 READY Portug\u00e1lia - Madeira_218\" data-caption=\"2023.02.06. - Erasmus+ KA2 READY Portug\u00e1lia - Madeira_218\" data-title=\"2023.02.06. - Erasmus+ KA2 READY Portug\u00e1lia - Madeira_218\" style=\" width:215px; height:215px;\" \/><\/div><FIGCAPTION class=\"\" data-alpha=\"5\" style=\"color:#ffffff; background-color:#6f0000; font-size:140; text-align:left; font-family:Default;\" ><div class=\"grid-gallery-figcaption-wrap\" style=\"\"><\/div><\/FIGCAPTION><\/FIGURE><FIGURE class=\"grid-gallery-caption\" data-grid-gallery-type=\"quarter-slide-up\" data-index=\"214\" style=\"display:none;border-radius:00;; margin:5.3px; width:2150;\" ><div class=\"crop\" style=\" width:2150; height:2150; overflow:hidden;\"><img decoding=\"async\" src=\"\/wp-content\/uploads\/2023\/03\/2023.02.06.-Erasmus-KA2-READY-Portugalia-Madeira_219-215x215.jpg\" class=\"ggImg\" alt=\"2023.02.06. - Erasmus+ KA2 READY Portug\u00e1lia - Madeira_219\" title=\"2023.02.06. - Erasmus+ KA2 READY Portug\u00e1lia - Madeira_219\" data-description=\"2023.02.06. - Erasmus+ KA2 READY Portug\u00e1lia - Madeira_219\" data-caption=\"2023.02.06. - Erasmus+ KA2 READY Portug\u00e1lia - Madeira_219\" data-title=\"2023.02.06. - Erasmus+ KA2 READY Portug\u00e1lia - Madeira_219\" style=\" width:215px; height:215px;\" \/><\/div><FIGCAPTION class=\"\" data-alpha=\"5\" style=\"color:#ffffff; background-color:#6f0000; font-size:140; text-align:left; font-family:Default;\" ><div class=\"grid-gallery-figcaption-wrap\" style=\"\"><\/div><\/FIGCAPTION><\/FIGURE><FIGURE class=\"grid-gallery-caption\" data-grid-gallery-type=\"quarter-slide-up\" data-index=\"215\" style=\"display:none;border-radius:00;; margin:5.3px; width:2150;\" ><div class=\"crop\" style=\" width:2150; height:2150; overflow:hidden;\"><img decoding=\"async\" src=\"\/wp-content\/uploads\/2023\/03\/2023.02.06.-Erasmus-KA2-READY-Portugalia-Madeira_220-215x215.jpg\" class=\"ggImg\" alt=\"2023.02.06. - Erasmus+ KA2 READY Portug\u00e1lia - Madeira_220\" title=\"2023.02.06. - Erasmus+ KA2 READY Portug\u00e1lia - Madeira_220\" data-description=\"2023.02.06. - Erasmus+ KA2 READY Portug\u00e1lia - Madeira_220\" data-caption=\"2023.02.06. - Erasmus+ KA2 READY Portug\u00e1lia - Madeira_220\" data-title=\"2023.02.06. - Erasmus+ KA2 READY Portug\u00e1lia - Madeira_220\" style=\" width:215px; height:215px;\" \/><\/div><FIGCAPTION class=\"\" data-alpha=\"5\" style=\"color:#ffffff; background-color:#6f0000; font-size:140; text-align:left; font-family:Default;\" ><div class=\"grid-gallery-figcaption-wrap\" style=\"\"><\/div><\/FIGCAPTION><\/FIGURE><FIGURE class=\"grid-gallery-caption\" data-grid-gallery-type=\"quarter-slide-up\" data-index=\"216\" style=\"display:none;border-radius:00;; margin:5.3px; width:2150;\" ><div class=\"crop\" style=\" width:2150; height:2150; overflow:hidden;\"><img decoding=\"async\" src=\"\/wp-content\/uploads\/2023\/03\/2023.02.06.-Erasmus-KA2-READY-Portugalia-Madeira_221-215x215.jpg\" class=\"ggImg\" alt=\"2023.02.06. - Erasmus+ KA2 READY Portug\u00e1lia - Madeira_221\" title=\"2023.02.06. - Erasmus+ KA2 READY Portug\u00e1lia - Madeira_221\" data-description=\"2023.02.06. - Erasmus+ KA2 READY Portug\u00e1lia - Madeira_221\" data-caption=\"2023.02.06. - Erasmus+ KA2 READY Portug\u00e1lia - Madeira_221\" data-title=\"2023.02.06. - Erasmus+ KA2 READY Portug\u00e1lia - Madeira_221\" style=\" width:215px; height:215px;\" \/><\/div><FIGCAPTION class=\"\" data-alpha=\"5\" style=\"color:#ffffff; background-color:#6f0000; font-size:140; text-align:left; font-family:Default;\" ><div class=\"grid-gallery-figcaption-wrap\" style=\"\"><\/div><\/FIGCAPTION><\/FIGURE><FIGURE class=\"grid-gallery-caption\" data-grid-gallery-type=\"quarter-slide-up\" data-index=\"217\" style=\"display:none;border-radius:00;; margin:5.3px; width:2150;\" ><div class=\"crop\" style=\" width:2150; height:2150; overflow:hidden;\"><img decoding=\"async\" src=\"\/wp-content\/uploads\/2023\/03\/2023.02.06.-Erasmus-KA2-READY-Portugalia-Madeira_222-215x215.jpg\" class=\"ggImg\" alt=\"2023.02.06. - Erasmus+ KA2 READY Portug\u00e1lia - Madeira_222\" title=\"2023.02.06. - Erasmus+ KA2 READY Portug\u00e1lia - Madeira_222\" data-description=\"2023.02.06. - Erasmus+ KA2 READY Portug\u00e1lia - Madeira_222\" data-caption=\"2023.02.06. - Erasmus+ KA2 READY Portug\u00e1lia - Madeira_222\" data-title=\"2023.02.06. - Erasmus+ KA2 READY Portug\u00e1lia - Madeira_222\" style=\" width:215px; height:215px;\" \/><\/div><FIGCAPTION class=\"\" data-alpha=\"5\" style=\"color:#ffffff; background-color:#6f0000; font-size:140; text-align:left; font-family:Default;\" ><div class=\"grid-gallery-figcaption-wrap\" style=\"\"><\/div><\/FIGCAPTION><\/FIGURE><FIGURE class=\"grid-gallery-caption\" data-grid-gallery-type=\"quarter-slide-up\" data-index=\"218\" style=\"display:none;border-radius:00;; margin:5.3px; width:2150;\" ><div class=\"crop\" style=\" width:2150; height:2150; overflow:hidden;\"><img decoding=\"async\" src=\"\/wp-content\/uploads\/2023\/03\/2023.02.06.-Erasmus-KA2-READY-Portugalia-Madeira_223-215x215.jpg\" class=\"ggImg\" alt=\"2023.02.06. - Erasmus+ KA2 READY Portug\u00e1lia - Madeira_223\" title=\"2023.02.06. - Erasmus+ KA2 READY Portug\u00e1lia - Madeira_223\" data-description=\"2023.02.06. - Erasmus+ KA2 READY Portug\u00e1lia - Madeira_223\" data-caption=\"2023.02.06. - Erasmus+ KA2 READY Portug\u00e1lia - Madeira_223\" data-title=\"2023.02.06. - Erasmus+ KA2 READY Portug\u00e1lia - Madeira_223\" style=\" width:215px; height:215px;\" \/><\/div><FIGCAPTION class=\"\" data-alpha=\"5\" style=\"color:#ffffff; background-color:#6f0000; font-size:140; text-align:left; font-family:Default;\" ><div class=\"grid-gallery-figcaption-wrap\" style=\"\"><\/div><\/FIGCAPTION><\/FIGURE><FIGURE class=\"grid-gallery-caption\" data-grid-gallery-type=\"quarter-slide-up\" data-index=\"219\" style=\"display:none;border-radius:00;; margin:5.3px; width:2150;\" ><div class=\"crop\" style=\" width:2150; height:2150; overflow:hidden;\"><img decoding=\"async\" src=\"\/wp-content\/uploads\/2023\/03\/2023.02.06.-Erasmus-KA2-READY-Portugalia-Madeira_224-215x215.jpg\" class=\"ggImg\" alt=\"2023.02.06. - Erasmus+ KA2 READY Portug\u00e1lia - Madeira_224\" title=\"2023.02.06. - Erasmus+ KA2 READY Portug\u00e1lia - Madeira_224\" data-description=\"2023.02.06. - Erasmus+ KA2 READY Portug\u00e1lia - Madeira_224\" data-caption=\"2023.02.06. - Erasmus+ KA2 READY Portug\u00e1lia - Madeira_224\" data-title=\"2023.02.06. - Erasmus+ KA2 READY Portug\u00e1lia - Madeira_224\" style=\" width:215px; height:215px;\" \/><\/div><FIGCAPTION class=\"\" data-alpha=\"5\" style=\"color:#ffffff; background-color:#6f0000; font-size:140; text-align:left; font-family:Default;\" ><div class=\"grid-gallery-figcaption-wrap\" style=\"\"><\/div><\/FIGCAPTION><\/FIGURE><FIGURE class=\"grid-gallery-caption\" data-grid-gallery-type=\"quarter-slide-up\" data-index=\"220\" style=\"display:none;border-radius:00;; margin:5.3px; width:2150;\" ><div class=\"crop\" style=\" width:2150; height:2150; overflow:hidden;\"><img decoding=\"async\" src=\"\/wp-content\/uploads\/2023\/03\/2023.02.06.-Erasmus-KA2-READY-Portugalia-Madeira_225-215x215.jpg\" class=\"ggImg\" alt=\"2023.02.06. - Erasmus+ KA2 READY Portug\u00e1lia - Madeira_225\" title=\"2023.02.06. - Erasmus+ KA2 READY Portug\u00e1lia - Madeira_225\" data-description=\"2023.02.06. - Erasmus+ KA2 READY Portug\u00e1lia - Madeira_225\" data-caption=\"2023.02.06. - Erasmus+ KA2 READY Portug\u00e1lia - Madeira_225\" data-title=\"2023.02.06. - Erasmus+ KA2 READY Portug\u00e1lia - Madeira_225\" style=\" width:215px; height:215px;\" \/><\/div><FIGCAPTION class=\"\" data-alpha=\"5\" style=\"color:#ffffff; background-color:#6f0000; font-size:140; text-align:left; font-family:Default;\" ><div class=\"grid-gallery-figcaption-wrap\" style=\"\"><\/div><\/FIGCAPTION><\/FIGURE><FIGURE class=\"grid-gallery-caption\" data-grid-gallery-type=\"quarter-slide-up\" data-index=\"221\" style=\"display:none;border-radius:00;; margin:5.3px; width:2150;\" ><div class=\"crop\" style=\" width:2150; height:2150; overflow:hidden;\"><img decoding=\"async\" src=\"\/wp-content\/uploads\/2023\/03\/2023.02.06.-Erasmus-KA2-READY-Portugalia-Madeira_226-215x215.jpg\" class=\"ggImg\" alt=\"2023.02.06. - Erasmus+ KA2 READY Portug\u00e1lia - Madeira_226\" title=\"2023.02.06. - Erasmus+ KA2 READY Portug\u00e1lia - Madeira_226\" data-description=\"2023.02.06. - Erasmus+ KA2 READY Portug\u00e1lia - Madeira_226\" data-caption=\"2023.02.06. - Erasmus+ KA2 READY Portug\u00e1lia - Madeira_226\" data-title=\"2023.02.06. - Erasmus+ KA2 READY Portug\u00e1lia - Madeira_226\" style=\" width:215px; height:215px;\" \/><\/div><FIGCAPTION class=\"\" data-alpha=\"5\" style=\"color:#ffffff; background-color:#6f0000; font-size:140; text-align:left; font-family:Default;\" ><div class=\"grid-gallery-figcaption-wrap\" style=\"\"><\/div><\/FIGCAPTION><\/FIGURE><FIGURE class=\"grid-gallery-caption\" data-grid-gallery-type=\"quarter-slide-up\" data-index=\"222\" style=\"display:none;border-radius:00;; margin:5.3px; width:2150;\" ><div class=\"crop\" style=\" width:2150; height:2150; overflow:hidden;\"><img decoding=\"async\" src=\"\/wp-content\/uploads\/2023\/03\/2023.02.06.-Erasmus-KA2-READY-Portugalia-Madeira_227-215x215.jpg\" class=\"ggImg\" alt=\"2023.02.06. - Erasmus+ KA2 READY Portug\u00e1lia - Madeira_227\" title=\"2023.02.06. - Erasmus+ KA2 READY Portug\u00e1lia - Madeira_227\" data-description=\"2023.02.06. - Erasmus+ KA2 READY Portug\u00e1lia - Madeira_227\" data-caption=\"2023.02.06. - Erasmus+ KA2 READY Portug\u00e1lia - Madeira_227\" data-title=\"2023.02.06. - Erasmus+ KA2 READY Portug\u00e1lia - Madeira_227\" style=\" width:215px; height:215px;\" \/><\/div><FIGCAPTION class=\"\" data-alpha=\"5\" style=\"color:#ffffff; background-color:#6f0000; font-size:140; text-align:left; font-family:Default;\" ><div class=\"grid-gallery-figcaption-wrap\" style=\"\"><\/div><\/FIGCAPTION><\/FIGURE> <div class=\"grid-gallery-clearfix\"><\/div> <\/div> <div class=\"gallery-sharing-bottom\" style=\"display:none;\"> <\/div> <div class=\"gallery-sharing-image\" style=\"display:none;\"> <\/div> <div class=\"gallery-sharing-popup\" style=\"display:none;\"> <\/div> <div class=\"grid-gallery-clearfix\"><\/div> <\/div> <!-- Gallery by Supsystic plugin1.16.0 --><a title=\"Best WordPress Gallery Plugin\" style=\"display:none;\" href=\"https:\/\/supsystic.com\/plugins\/photo-gallery\/?utm_medium=love_link\" target=\"_blank\">Best WordPress Gallery Plugin<\/a>\t\t\t\t\t\t\t\t<\/div>\n\t\t\t\t<\/div>\n\t\t\t\t\t<\/div>\n\t\t<\/div>\n\t\t\t\t\t<\/div>\n\t\t<\/section>\n\t\t\t\t<\/div>\n\t\t","protected":false},"excerpt":{"rendered":"<p>2023.02.05-12.. k\u00f6z\u00f6tt iskol\u00e1nk \u00f6t tanul\u00f3ja \u2013 Nagy Lilien Enik\u0151, T\u00f3th Brigitta, Demcs\u00e1k Mariann, Guly\u00e1s Zo\u00e9, Varga Ram\u00f3na- \u00e9s h\u00e1rom tan\u00e1ra \u2013 F\u00e1bi\u00e1n-Marozs Anett, Erd\u00e9lyi Lajosn\u00e9, Zsilinszki-Kutasi Ang\u00e9la &#8211; Erasmus+ KA2 projekttal\u00e1lkoz\u00f3n vesz r\u00e9szt Portug\u00e1li\u00e1ban Madeira gy\u00f6ny\u00f6r\u0171 sziget\u00e9n, Funchal v\u00e1ros\u00e1ban, a READY projekt keret\u00e9ben. 2023.02.05-06. A hossz\u00fa vas\u00e1rnapi utaz\u00e1s ut\u00e1n kipihenten kezdt\u00fck a h\u00e9tf\u0151i napot. A [&hellip;]<\/p>\n","protected":false},"author":4,"featured_media":23276,"comment_status":"closed","ping_status":"open","sticky":false,"template":"","format":"standard","meta":{"footnotes":""},"categories":[16],"tags":[],"class_list":["post-23042","post","type-post","status-publish","format-standard","has-post-thumbnail","hentry","category-erasmus"],"_links":{"self":[{"href":"\/index.php\/wp-json\/wp\/v2\/posts\/23042","targetHints":{"allow":["GET"]}}],"collection":[{"href":"\/index.php\/wp-json\/wp\/v2\/posts"}],"about":[{"href":"\/index.php\/wp-json\/wp\/v2\/types\/post"}],"author":[{"embeddable":true,"href":"\/index.php\/wp-json\/wp\/v2\/users\/4"}],"replies":[{"embeddable":true,"href":"\/index.php\/wp-json\/wp\/v2\/comments?post=23042"}],"version-history":[{"count":11,"href":"\/index.php\/wp-json\/wp\/v2\/posts\/23042\/revisions"}],"predecessor-version":[{"id":23277,"href":"\/index.php\/wp-json\/wp\/v2\/posts\/23042\/revisions\/23277"}],"wp:featuredmedia":[{"embeddable":true,"href":"\/index.php\/wp-json\/wp\/v2\/media\/23276"}],"wp:attachment":[{"href":"\/index.php\/wp-json\/wp\/v2\/media?parent=23042"}],"wp:term":[{"taxonomy":"category","embeddable":true,"href":"\/index.php\/wp-json\/wp\/v2\/categories?post=23042"},{"taxonomy":"post_tag","embeddable":true,"href":"\/index.php\/wp-json\/wp\/v2\/tags?post=23042"}],"curies":[{"name":"wp","href":"https:\/\/api.w.org\/{rel}","templated":true}]}}