{"id":11526,"date":"2022-02-16T09:42:20","date_gmt":"2022-02-16T08:42:20","guid":{"rendered":"\/?p=11526"},"modified":"2022-02-24T09:45:15","modified_gmt":"2022-02-24T08:45:15","slug":"oszktv-eredmenyek","status":"publish","type":"post","link":"\/index.php\/2022\/02\/16\/oszktv-eredmenyek\/","title":{"rendered":"OSZKTV eredm\u00e9nyek"},"content":{"rendered":"\t\t<div data-elementor-type=\"wp-post\" data-elementor-id=\"11526\" class=\"elementor elementor-11526\" data-elementor-post-type=\"post\">\n\t\t\t\t\t\t<section class=\"elementor-section elementor-top-section elementor-element elementor-element-d54b861 elementor-section-boxed elementor-section-height-default elementor-section-height-default\" data-id=\"d54b861\" data-element_type=\"section\" data-e-type=\"section\">\n\t\t\t\t\t\t<div class=\"elementor-container elementor-column-gap-default\">\n\t\t\t\t\t<div class=\"elementor-column elementor-col-100 elementor-top-column elementor-element elementor-element-cf990e6\" data-id=\"cf990e6\" data-element_type=\"column\" data-e-type=\"column\">\n\t\t\t<div class=\"elementor-widget-wrap elementor-element-populated\">\n\t\t\t\t\t\t<div class=\"elementor-element elementor-element-5425e89 elementor-widget elementor-widget-spacer\" data-id=\"5425e89\" data-element_type=\"widget\" data-e-type=\"widget\" data-widget_type=\"spacer.default\">\n\t\t\t\t<div class=\"elementor-widget-container\">\n\t\t\t\t\t\t\t<div class=\"elementor-spacer\">\n\t\t\t<div class=\"elementor-spacer-inner\"><\/div>\n\t\t<\/div>\n\t\t\t\t\t\t<\/div>\n\t\t\t\t<\/div>\n\t\t\t\t\t<\/div>\n\t\t<\/div>\n\t\t\t\t\t<\/div>\n\t\t<\/section>\n\t\t\t\t<section class=\"elementor-section elementor-top-section elementor-element elementor-element-5acd2d8 elementor-section-boxed elementor-section-height-default elementor-section-height-default\" data-id=\"5acd2d8\" data-element_type=\"section\" data-e-type=\"section\">\n\t\t\t\t\t\t<div class=\"elementor-container elementor-column-gap-default\">\n\t\t\t\t\t<div class=\"elementor-column elementor-col-100 elementor-top-column elementor-element elementor-element-d74813b\" data-id=\"d74813b\" data-element_type=\"column\" data-e-type=\"column\">\n\t\t\t<div class=\"elementor-widget-wrap elementor-element-populated\">\n\t\t\t\t\t\t<div class=\"elementor-element elementor-element-b20edc7 elementor-widget elementor-widget-text-editor\" data-id=\"b20edc7\" data-element_type=\"widget\" data-e-type=\"widget\" data-widget_type=\"text-editor.default\">\n\t\t\t\t<div class=\"elementor-widget-container\">\n\t\t\t\t\t\t\t\t\t<p>Iskol\u00e1nk tanul\u00f3i hossz\u00fa \u00e9vek \u00f3ta r\u00e9szt vesznek az <strong>OSZKTV (Orsz\u00e1gos Szakk\u00f6z\u00e9piskolai K\u00f6zismereti Tanulm\u00e1nyi Verseny)<\/strong> megm\u00e9rettet\u00e9sein, ami arra ad lehet\u0151s\u00e9get, hogy a di\u00e1kok \u00f6sszem\u00e9rhess\u00e9k tud\u00e1sukat, megmutathass\u00e1k kiv\u00e1l\u00f3s\u00e1gukat. Id\u00e9n is t\u00f6bben sikerrel j\u00e1rtak, hiszen az iskolai I. fordul\u00f3 ut\u00e1n bejutottak a II., region\u00e1lis fordul\u00f3ba, melyre m\u00e1rcius 18-\u00e1n ker\u00fcl sor. Az els\u0151 fordul\u00f3ban az al\u00e1bbi tanul\u00f3knak \u00e9s felk\u00e9sz\u00edt\u0151 tan\u00e1raiknak gratul\u00e1lunk \u00e9s tov\u00e1bbi sikeres felk\u00e9sz\u00fcl\u00e9st k\u00edv\u00e1nunk:<\/p><p><span style=\"text-decoration: underline;\"><strong>Hum\u00e1n kateg\u00f3ria:<\/strong><\/span><\/p><p>&#8211; <strong>Barab\u00e1s Szabolcs Szilveszter 9., Kov\u00e1cs Rita Erzs\u00e9bet 15. helyen<\/strong> v\u00e9gzett az \u00e9s jutott tov\u00e1bb a region\u00e1lis fordul\u00f3ba.<\/p><p><strong>Felk\u00e9sz\u00edt\u0151 tan\u00e1rok: M\u00e1k Be\u00e1ta \u00e9s So\u00f3s Istv\u00e1n<\/strong><\/p><p><span style=\"text-decoration: underline;\"><strong>Re\u00e1l kateg\u00f3ria:<\/strong><\/span><\/p><p>&#8211; <strong>Mihucza Zolt\u00e1n 3., Ferkovics K\u00e1roly 6., Vrbovszki Vanessza J\u00e1zmin 13. helyen<\/strong> v\u00e9gzett \u00e9s jutott tov\u00e1bb a region\u00e1lis fordul\u00f3ba.<\/p><p><strong>Felk\u00e9sz\u00edt\u0151 tan\u00e1r: Sutyinszki Enik\u0151<\/strong><\/p><p>&#8211; <strong>Juh\u00e1sz Zsolt 11.<\/strong> helyen v\u00e9gzett \u00e9s jutott tov\u00e1bb a region\u00e1lis fordul\u00f3ba.<\/p><p><strong>Felk\u00e9sz\u00edt\u0151 tan\u00e1r: Bagi Csaba Lajos<\/strong><\/p><p><span style=\"text-decoration: underline;\"><strong>Komplex kateg\u00f3ria:<\/strong><\/span><\/p><p>&#8211; <strong>Tari Kriszti\u00e1n, Barab\u00e1s Szabolcs Szilveszter, T\u00f3th Eszter \u00c9va 4. helyen<\/strong> v\u00e9gzett \u00e9s jutott tov\u00e1bb a region\u00e1lis fordul\u00f3ba.<\/p><p><strong>Felk\u00e9sz\u00edt\u0151 tan\u00e1r: S\u00e1ri Erika \u00e9s So\u00f3s Istv\u00e1n.<\/strong><\/p><p><strong>GRATUL\u00c1LUNK!<\/strong><\/p>\t\t\t\t\t\t\t\t<\/div>\n\t\t\t\t<\/div>\n\t\t\t\t\t<\/div>\n\t\t<\/div>\n\t\t\t\t\t<\/div>\n\t\t<\/section>\n\t\t\t\t<\/div>\n\t\t","protected":false},"excerpt":{"rendered":"<p>Iskol\u00e1nk tanul\u00f3i hossz\u00fa \u00e9vek \u00f3ta r\u00e9szt vesznek az OSZKTV (Orsz\u00e1gos Szakk\u00f6z\u00e9piskolai K\u00f6zismereti Tanulm\u00e1nyi Verseny) megm\u00e9rettet\u00e9sein, ami arra ad lehet\u0151s\u00e9get, hogy a di\u00e1kok \u00f6sszem\u00e9rhess\u00e9k tud\u00e1sukat, megmutathass\u00e1k kiv\u00e1l\u00f3s\u00e1gukat. Id\u00e9n is t\u00f6bben sikerrel j\u00e1rtak, hiszen az iskolai I. fordul\u00f3 ut\u00e1n bejutottak a II., region\u00e1lis fordul\u00f3ba, melyre m\u00e1rcius 18-\u00e1n ker\u00fcl sor. Az els\u0151 fordul\u00f3ban az al\u00e1bbi tanul\u00f3knak \u00e9s felk\u00e9sz\u00edt\u0151 [&hellip;]<\/p>\n","protected":false},"author":4,"featured_media":11531,"comment_status":"closed","ping_status":"open","sticky":false,"template":"","format":"standard","meta":{"footnotes":""},"categories":[1],"tags":[],"class_list":["post-11526","post","type-post","status-publish","format-standard","has-post-thumbnail","hentry","category-egyeb"],"_links":{"self":[{"href":"\/index.php\/wp-json\/wp\/v2\/posts\/11526","targetHints":{"allow":["GET"]}}],"collection":[{"href":"\/index.php\/wp-json\/wp\/v2\/posts"}],"about":[{"href":"\/index.php\/wp-json\/wp\/v2\/types\/post"}],"author":[{"embeddable":true,"href":"\/index.php\/wp-json\/wp\/v2\/users\/4"}],"replies":[{"embeddable":true,"href":"\/index.php\/wp-json\/wp\/v2\/comments?post=11526"}],"version-history":[{"count":5,"href":"\/index.php\/wp-json\/wp\/v2\/posts\/11526\/revisions"}],"predecessor-version":[{"id":11532,"href":"\/index.php\/wp-json\/wp\/v2\/posts\/11526\/revisions\/11532"}],"wp:featuredmedia":[{"embeddable":true,"href":"\/index.php\/wp-json\/wp\/v2\/media\/11531"}],"wp:attachment":[{"href":"\/index.php\/wp-json\/wp\/v2\/media?parent=11526"}],"wp:term":[{"taxonomy":"category","embeddable":true,"href":"\/index.php\/wp-json\/wp\/v2\/categories?post=11526"},{"taxonomy":"post_tag","embeddable":true,"href":"\/index.php\/wp-json\/wp\/v2\/tags?post=11526"}],"curies":[{"name":"wp","href":"https:\/\/api.w.org\/{rel}","templated":true}]}}